{"id":527844,"date":"2022-06-04T14:11:24","date_gmt":"2022-06-04T12:11:24","guid":{"rendered":"https:\/\/www.hashtag.al\/?p=527844"},"modified":"2022-06-04T14:11:24","modified_gmt":"2022-06-04T12:11:24","slug":"pas-11-vitesh-se-bashku-shakira-konfirmon-ndarjen-me-gerard-pique","status":"publish","type":"post","link":"https:\/\/www.hashtag.al\/index.php\/2022\/06\/04\/pas-11-vitesh-se-bashku-shakira-konfirmon-ndarjen-me-gerard-pique\/","title":{"rendered":"Pas 11 vitesh s\u00eb bashku, Shakira konfirmon ndarjen me Gerard Pique","gt_translate_keys":[{"key":"rendered","format":"text"}]},"content":{"rendered":"<p><span style=\"color: #000000;\"><a href=\"https:\/\/www.hashtag.al\/wp-content\/uploads\/2022\/06\/Pique-Shakira.jpg\"><img loading=\"lazy\" decoding=\"async\" class=\"aligncenter size-full wp-image-527845\" src=\"https:\/\/www.hashtag.al\/wp-content\/uploads\/2022\/06\/Pique-Shakira.jpg\" alt=\"\" width=\"1200\" height=\"630\" srcset=\"https:\/\/www.hashtag.al\/wp-content\/uploads\/2022\/06\/Pique-Shakira.jpg 1200w, https:\/\/www.hashtag.al\/wp-content\/uploads\/2022\/06\/Pique-Shakira-300x158.jpg 300w, https:\/\/www.hashtag.al\/wp-content\/uploads\/2022\/06\/Pique-Shakira-1024x538.jpg 1024w, https:\/\/www.hashtag.al\/wp-content\/uploads\/2022\/06\/Pique-Shakira-768x403.jpg 768w\" sizes=\"auto, (max-width: 1200px) 100vw, 1200px\" \/><\/a><\/span><\/p>\n<p><span style=\"color: #000000;\">Shakira dhe partneri i saj Gerard Pique kan\u00eb njoftuar ndarjen e tyre.<\/span><\/p>\n<p><span style=\"color: #000000;\">Pas nj\u00eb jave t\u00eb ngarkuar me lajme p\u00ebr nj\u00eb kriz\u00eb n\u00eb \u00e7ift, k\u00ebng\u00ebtarja kolumbiane Shakira konfirmoi se nuk \u00ebsht\u00eb m\u00eb me t\u00eb dashurin e saj futbollist, pas nj\u00eb lidhjeje 11-vje\u00e7are dhe dy f\u00ebmij\u00ebve q\u00eb kan\u00eb s\u00eb bashku.<\/span><\/p>\n<p><span style=\"color: #000000;\"><em>\u201cMe keqardhje konfirmojm\u00eb se po ndahemi. P\u00ebr mir\u00ebqenien e f\u00ebmij\u00ebve tan\u00eb, t\u00eb cil\u00ebt jan\u00eb prioriteti yn\u00eb m\u00eb i lart\u00eb, k\u00ebrkojm\u00eb q\u00eb t\u00eb respektoni privat\u00ebsin\u00eb e tyre. Faleminderit p\u00ebr mir\u00ebkuptimin.\u201d<\/em>&#8211; thuhet n\u00eb deklarat\u00ebn e Shakir\u00ebs, citon <span style=\"color: #0000ff;\"><a style=\"color: #0000ff;\" href=\"https:\/\/www.dailymail.co.uk\/tvshowbiz\/article-10884375\/Shakira-Gerard-Piqu-SPLIT.html\">Daily Mail.<\/a><\/span><\/span><\/p>\n<p><span style=\"color: #000000;\">Shakira dhe Pique ishin s\u00eb bashku q\u00eb nga viti 2011, nj\u00eb vit pasi u takuan gjat\u00eb xhirimit t\u00eb videoklipit p\u00ebr k\u00ebng\u00ebn e saj t\u00eb Kup\u00ebs s\u00eb Bot\u00ebs \u201cWaka Waka\u201d.<\/span><\/p>\n<p><span style=\"color: #000000;\">Edhe pse ata nuk u martuan kurr\u00eb, Sharika dhe Gerard Pique kan\u00eb sjell\u00eb n\u00eb jet\u00eb dy djem, Milanin i cili \u00ebsht\u00eb n\u00ebnt\u00eb vje\u00e7 dhe Sasha, shtat\u00eb vje\u00e7.<\/span><\/p>\n<p><span style=\"color: #000000;\">Mediet spanjolle kan\u00eb disa dit\u00eb q\u00eb shkruajn\u00eb p\u00ebr nj\u00eb ndarje mes \u00e7iftit t\u00eb famsh\u00ebm. Pique thuhet se ishte par\u00eb n\u00eb disa raste me nj\u00eb vajz\u00eb t\u00eb re, studente 20-vje\u00e7are dhe se ai nuk jeton m\u00eb me k\u00ebng\u00ebtaren.<\/span><\/p>\n","protected":false,"gt_translate_keys":[{"key":"rendered","format":"html"}]},"excerpt":{"rendered":"<p>Shakira dhe partneri i saj Gerard Pique kan\u00eb njoftuar ndarjen e tyre. Pas nj\u00eb jave t\u00eb ngarkuar me lajme p\u00ebr nj\u00eb kriz\u00eb n\u00eb \u00e7ift, k\u00ebng\u00ebtarja kolumbiane Shakira konfirmoi se nuk \u00ebsht\u00eb m\u00eb me t\u00eb dashurin e saj futbollist, pas nj\u00eb lidhjeje 11-vje\u00e7are dhe dy f\u00ebmij\u00ebve q\u00eb kan\u00eb s\u00eb bashku. \u201cMe keqardhje konfirmojm\u00eb se po ndahemi. [&hellip;]<\/p>\n","protected":false,"gt_translate_keys":[{"key":"rendered","format":"html"}]},"author":30,"featured_media":527845,"comment_status":"closed","ping_status":"closed","sticky":false,"template":"","format":"standard","meta":{"footnotes":""},"categories":[53,13],"tags":[],"class_list":["post-527844","post","type-post","status-publish","format-standard","has-post-thumbnail","hentry","category-fast-foodi","category-te-fundit"],"gt_translate_keys":[{"key":"link","format":"url"}],"_links":{"self":[{"href":"https:\/\/www.hashtag.al\/index.php\/wp-json\/wp\/v2\/posts\/527844","targetHints":{"allow":["GET"]}}],"collection":[{"href":"https:\/\/www.hashtag.al\/index.php\/wp-json\/wp\/v2\/posts"}],"about":[{"href":"https:\/\/www.hashtag.al\/index.php\/wp-json\/wp\/v2\/types\/post"}],"author":[{"embeddable":true,"href":"https:\/\/www.hashtag.al\/index.php\/wp-json\/wp\/v2\/users\/30"}],"replies":[{"embeddable":true,"href":"https:\/\/www.hashtag.al\/index.php\/wp-json\/wp\/v2\/comments?post=527844"}],"version-history":[{"count":0,"href":"https:\/\/www.hashtag.al\/index.php\/wp-json\/wp\/v2\/posts\/527844\/revisions"}],"wp:featuredmedia":[{"embeddable":true,"href":"https:\/\/www.hashtag.al\/index.php\/wp-json\/wp\/v2\/media\/527845"}],"wp:attachment":[{"href":"https:\/\/www.hashtag.al\/index.php\/wp-json\/wp\/v2\/media?parent=527844"}],"wp:term":[{"taxonomy":"category","embeddable":true,"href":"https:\/\/www.hashtag.al\/index.php\/wp-json\/wp\/v2\/categories?post=527844"},{"taxonomy":"post_tag","embeddable":true,"href":"https:\/\/www.hashtag.al\/index.php\/wp-json\/wp\/v2\/tags?post=527844"}],"curies":[{"name":"wp","href":"https:\/\/api.w.org\/{rel}","templated":true}]}}