{"id":527836,"date":"2022-06-04T13:28:46","date_gmt":"2022-06-04T11:28:46","guid":{"rendered":"https:\/\/www.hashtag.al\/?p=527836"},"modified":"2022-06-04T13:41:51","modified_gmt":"2022-06-04T11:41:51","slug":"tedi-blushi-meta-ka-folur-me-peleshin-per-kandidatin-per-president-do-respektoje-cdo-vendim-te-kuvendit","status":"publish","type":"post","link":"https:\/\/www.hashtag.al\/index.php\/2022\/06\/04\/tedi-blushi-meta-ka-folur-me-peleshin-per-kandidatin-per-president-do-respektoje-cdo-vendim-te-kuvendit\/","title":{"rendered":"Tedi Blushi: Meta ka folur me Peleshin p\u00ebr kandidatin p\u00ebr president, do respektoj\u00eb \u00e7do vendim t\u00eb Kuvendit","gt_translate_keys":[{"key":"rendered","format":"text"}]},"content":{"rendered":"<p><span style=\"color: #000000;\"><a style=\"color: #000000;\" href=\"https:\/\/www.hashtag.al\/wp-content\/uploads\/2020\/08\/blushimeta.jpeg\"><img loading=\"lazy\" decoding=\"async\" class=\"aligncenter size-full wp-image-394691\" src=\"https:\/\/www.hashtag.al\/wp-content\/uploads\/2020\/08\/blushimeta.jpeg\" alt=\"\" width=\"548\" height=\"365\" srcset=\"https:\/\/www.hashtag.al\/wp-content\/uploads\/2020\/08\/blushimeta.jpeg 548w, https:\/\/www.hashtag.al\/wp-content\/uploads\/2020\/08\/blushimeta-300x200.jpeg 300w\" sizes=\"auto, (max-width: 548px) 100vw, 548px\" \/><\/a><\/span><\/p>\n<p><span style=\"color: #000000;\">Nd\u00ebrkoh\u00eb q\u00eb presidenti Ilir Meta ndodhet n\u00eb nj\u00eb vizit\u00eb zyrtare n\u00eb Stamboll, vjen nj\u00eb reagim nga Presidenca n\u00eb lidhje me procesin e zgjedhjes s\u00eb Presidentit t\u00eb ri t\u00eb Republik\u00ebs.<\/span><\/p>\n<p><span style=\"color: #000000;\">Z\u00ebdh\u00ebn\u00ebsi i kreut t\u00eb shtetit Tedi Blushi, shkruan se Meta \u00ebsht\u00eb n\u00eb ndjekje t\u00eb procedur\u00ebs p\u00ebr zgjedhjen e Bajram Begajt si kandidat p\u00ebr president. Blushi shkruan se Meta si President i Republik\u00ebs dhe do t\u00eb respektoj\u00eb \u00e7do vendim t\u00eb Kuvendit t\u00eb shprehur me vot\u00eb.<\/span><\/p>\n<p><span style=\"color: #000000;\">Ai shton se p\u00ebr k\u00ebt\u00eb \u00e7\u00ebshtje Meta ka pasur dhe nj\u00eb bised\u00eb telefonike me ministrin e Mbrojtjes Niko Peleshi.<\/span><\/p>\n<p><span style=\"color: #000000;\"><em>\u201cPresidenti i Republik\u00ebs, Ilir Meta \u00ebsht\u00eb n\u00eb ndjekje t\u00eb procedur\u00ebs p\u00ebr zgjedhjen e zotit Bajram Begaj si President i ri i Republik\u00ebs dhe do t\u00eb respektoj\u00eb \u00e7do vendim t\u00eb Kuvendit t\u00eb shprehur me vot\u00eb.<\/em><\/span><\/p>\n<p><span style=\"color: #000000;\"><em>Lidhur me k\u00ebt\u00eb \u00e7\u00ebshtje dhe specifikat e saj Presidenti Meta ka zhvilluar sot nj\u00eb bised\u00eb telefonike me Ministrin e Mbrojtjes, z.Niko Peleshi.\u201d<\/em>&#8211; shkruan Blushi.<\/span><\/p>\n<p><span style=\"color: #000000;\">P\u00ebrpara se t\u00eb nis\u00eb votimi p\u00ebr t\u00eb sot n\u00eb Kuvend, Begaj ka hequr dor\u00eb nga postet e shefit t\u00eb Shtabit t\u00eb P\u00ebrgjithsh\u00ebm t\u00eb Forcave t\u00eb Armatosura, si dhe grada gjeneralmajor.<\/span><\/p>\n<p><span style=\"color: #000000;\">Dor\u00ebheqja e tij nga k\u00ebto poste diktohet nga neni 89 i Kushtetut\u00ebs s\u00eb Shqip\u00ebris\u00eb. Sipas k\u00ebtij neni, Presidenti nuk mund t\u00eb mbaj\u00eb asnj\u00eb detyr\u00eb tjet\u00ebr publike si dhe nuk mund t\u00eb jet\u00eb kryetar partie. Por kjo duhet t\u00eb miratohet nga presidenti Meta me dekret.<\/span><\/p>\n<p><span style=\"color: #000000;\">M\u00eb her\u00ebt ish-kryeministri Sali Berisha, i cili e quan antikushtetuese kandidatur\u00ebn e Begajt, i ka b\u00ebr\u00eb thirrje presidentit Meta q\u00eb t\u00eb mos e lejoj\u00eb k\u00ebt\u00eb.<\/span><\/p>\n","protected":false,"gt_translate_keys":[{"key":"rendered","format":"html"}]},"excerpt":{"rendered":"<p>Nd\u00ebrkoh\u00eb q\u00eb presidenti Ilir Meta ndodhet n\u00eb nj\u00eb vizit\u00eb zyrtare n\u00eb Stamboll, vjen nj\u00eb reagim nga Presidenca n\u00eb lidhje me procesin e zgjedhjes s\u00eb Presidentit t\u00eb ri t\u00eb Republik\u00ebs. Z\u00ebdh\u00ebn\u00ebsi i kreut t\u00eb shtetit Tedi Blushi, shkruan se Meta \u00ebsht\u00eb n\u00eb ndjekje t\u00eb procedur\u00ebs p\u00ebr zgjedhjen e Bajram Begajt si kandidat p\u00ebr president. Blushi shkruan [&hellip;]<\/p>\n","protected":false,"gt_translate_keys":[{"key":"rendered","format":"html"}]},"author":30,"featured_media":406629,"comment_status":"closed","ping_status":"closed","sticky":false,"template":"","format":"standard","meta":{"footnotes":""},"categories":[65,13],"tags":[],"class_list":["post-527836","post","type-post","status-publish","format-standard","has-post-thumbnail","hentry","category-lajme","category-te-fundit"],"gt_translate_keys":[{"key":"link","format":"url"}],"_links":{"self":[{"href":"https:\/\/www.hashtag.al\/index.php\/wp-json\/wp\/v2\/posts\/527836","targetHints":{"allow":["GET"]}}],"collection":[{"href":"https:\/\/www.hashtag.al\/index.php\/wp-json\/wp\/v2\/posts"}],"about":[{"href":"https:\/\/www.hashtag.al\/index.php\/wp-json\/wp\/v2\/types\/post"}],"author":[{"embeddable":true,"href":"https:\/\/www.hashtag.al\/index.php\/wp-json\/wp\/v2\/users\/30"}],"replies":[{"embeddable":true,"href":"https:\/\/www.hashtag.al\/index.php\/wp-json\/wp\/v2\/comments?post=527836"}],"version-history":[{"count":0,"href":"https:\/\/www.hashtag.al\/index.php\/wp-json\/wp\/v2\/posts\/527836\/revisions"}],"wp:featuredmedia":[{"embeddable":true,"href":"https:\/\/www.hashtag.al\/index.php\/wp-json\/wp\/v2\/media\/406629"}],"wp:attachment":[{"href":"https:\/\/www.hashtag.al\/index.php\/wp-json\/wp\/v2\/media?parent=527836"}],"wp:term":[{"taxonomy":"category","embeddable":true,"href":"https:\/\/www.hashtag.al\/index.php\/wp-json\/wp\/v2\/categories?post=527836"},{"taxonomy":"post_tag","embeddable":true,"href":"https:\/\/www.hashtag.al\/index.php\/wp-json\/wp\/v2\/tags?post=527836"}],"curies":[{"name":"wp","href":"https:\/\/api.w.org\/{rel}","templated":true}]}}