{"id":527798,"date":"2022-06-04T10:53:41","date_gmt":"2022-06-04T08:53:41","guid":{"rendered":"https:\/\/www.hashtag.al\/?p=527798"},"modified":"2022-06-04T14:54:32","modified_gmt":"2022-06-04T12:54:32","slug":"votimi-per-begajn-taulant-balla-e-kemi-menduar-nje-zgjidhje-nese-larg-qofte-krijohet-nje-ngercc-me-ilir-meten","status":"publish","type":"post","link":"https:\/\/www.hashtag.al\/index.php\/2022\/06\/04\/votimi-per-begajn-taulant-balla-e-kemi-menduar-nje-zgjidhje-nese-larg-qofte-krijohet-nje-ngercc-me-ilir-meten\/","title":{"rendered":"Votimi p\u00ebr Begajn, Taulant Balla: E kemi menduar nj\u00eb zgjidhje n\u00ebse larg qoft\u00eb krijohet nj\u00eb ng\u00ebrcc me Ilir Met\u00ebn","gt_translate_keys":[{"key":"rendered","format":"text"}]},"content":{"rendered":"<p><span style=\"color: #000000;\"><a href=\"https:\/\/www.hashtag.al\/wp-content\/uploads\/2022\/06\/tballa.jpg\"><img loading=\"lazy\" decoding=\"async\" class=\"aligncenter size-full wp-image-527799\" src=\"https:\/\/www.hashtag.al\/wp-content\/uploads\/2022\/06\/tballa.jpg\" alt=\"\" width=\"882\" height=\"492\" srcset=\"https:\/\/www.hashtag.al\/wp-content\/uploads\/2022\/06\/tballa.jpg 882w, https:\/\/www.hashtag.al\/wp-content\/uploads\/2022\/06\/tballa-300x167.jpg 300w, https:\/\/www.hashtag.al\/wp-content\/uploads\/2022\/06\/tballa-768x428.jpg 768w\" sizes=\"auto, (max-width: 882px) 100vw, 882px\" \/><\/a><\/span><\/p>\n<p><span style=\"color: #000000;\">N\u00eb mbledhjen e sotme t\u00eb PS-s\u00eb, kreu i Grupit Parlamentar Taulant Balla u ndal n\u00eb ligjin p\u00ebr Forcat e Armatosura q\u00eb parashikon q\u00eb ushtarak\u00ebt t\u00eb japin dor\u00ebheqje p\u00ebrpara se t\u00eb em\u00ebrohen dhe t\u00eb zgjidhen. Kjo do t\u00eb thot\u00eb se kandidati i propozuar p\u00ebr president nga Bajram Begaj, duhet t\u00eb jap\u00eb dor\u00ebheqjen dhe kjo duhet t\u00eb pranohet me dekret dhe nga presidenti Ilir Meta.<\/span><\/p>\n<p><span style=\"color: #000000;\">Balla tha se beson se nuk do t\u00eb krijohet ndonj\u00eb ng\u00ebr\u00e7, nga Presidenti aktual Ilir Meta. Megjithat\u00eb theksoi se kan\u00eb menduar edhe p\u00ebr nj\u00eb zgjidhje n\u00eb rast se Meta do krijonte ndonj\u00eb ng\u00ebr\u00e7.<\/span><\/p>\n<p><span style=\"color: #000000;\"><em>\u201cLigji p\u00ebr Forcat e Armatosura parashikon q\u00eb ushtarak\u00ebt duhet t\u00eb japin dor\u00ebheqje p\u00ebrpara se t\u00eb em\u00ebrohen dhe t\u00eb zgjidhen.<\/em><\/span><\/p>\n<p><span style=\"color: #000000;\"><em>Besoj q\u00eb kjo procedur\u00eb do t\u00eb p\u00ebrfshij\u00eb or\u00ebt n\u00eb vijim, edhe presidentin aktual t\u00eb republik\u00ebs dhe besoj se nuk do t\u00eb jet\u00eb nj\u00eb betej\u00eb e radh\u00ebs me presidentin aktual. Megjithat\u00eb kemi menduar me kryetaren e Komisioni t\u00eb \u00c7\u00ebshtjes Ligjore m\u00ebnyr\u00ebn e zgjidhjes s\u00eb k\u00ebtij n\u00ebse larg qoft\u00eb na krijohet ndonj\u00eb ng\u00ebr\u00e7 me Presidentin e Republik\u00ebs.\u201d<\/em>&#8211; tha ai.<\/span><\/p>\n<p><span style=\"color: #000000;\">P\u00ebrpara se t\u00eb nis\u00eb votimi p\u00ebr t\u00eb sot n\u00eb Kuvend, Begaj do t\u00eb duhet t\u00eb heq\u00eb dor\u00eb nga postet e shefit t\u00eb Shtabit t\u00eb P\u00ebrgjithsh\u00ebm t\u00eb Forcave t\u00eb Armatosura, si dhe grada gjeneralmajor.<\/span><\/p>\n<p><span style=\"color: #000000;\">Dor\u00ebheqja e tij nga k\u00ebto poste diktohet nga neni 89 i Kushtetut\u00ebs s\u00eb Shqip\u00ebris\u00eb. Sipas k\u00ebtij neni, Presidenti nuk mund t\u00eb mbaj\u00eb asnj\u00eb detyr\u00eb tjet\u00ebr publike si dhe nuk mund t\u00eb jet\u00eb kryetar partie.<\/span><\/p>\n<p><span style=\"color: #000000;\"><em>\u201cPresidenti i Republik\u00ebs nuk mund t\u00eb mbaj\u00eb asnj\u00eb detyr\u00eb tjet\u00ebr publike, nuk mund t\u00eb jet\u00eb an\u00ebtar partie dhe as t\u00eb kryej\u00eb veprimtari tjet\u00ebr private.\u201d<\/em>\u2013 thuhet n\u00eb nenin 89 t\u00eb Kushtetut\u00ebs s\u00eb Republik\u00ebs.<\/span><\/p>\n<p><span style=\"color: #000000;\">Nd\u00ebrsa grad\u00ebn si gjeneralmajor mund ta mbajn\u00eb vet\u00ebm oficer\u00ebt aktiv\u00eb.<\/span><\/p>\n<p><span style=\"color: #000000;\">Duke\u00a0qen\u00eb se edhe detyr\u00ebn e shefit t\u00eb Shtabit t\u00eb P\u00ebrgjithsh\u00ebm t\u00eb Forcave t\u00eb Armatosura, si dhe grad\u00ebn gjeneralmajor, Begaj i ka marr\u00eb me dekret nga Presidenti Meta, edhe dor\u00ebheqja e tij nga k\u00ebto poste duhet t\u00eb b\u00ebhet me dekret presidencial.<\/span><\/p>\n<p><span style=\"color: #000000;\">K\u00ebshtu presidenti Meta do t\u00eb duhet t\u00eb pranoj\u00eb dor\u00ebheqjet e tij me dekret.<\/span><\/p>\n","protected":false,"gt_translate_keys":[{"key":"rendered","format":"html"}]},"excerpt":{"rendered":"<p>N\u00eb mbledhjen e sotme t\u00eb PS-s\u00eb, kreu i Grupit Parlamentar Taulant Balla u ndal n\u00eb ligjin p\u00ebr Forcat e Armatosura q\u00eb parashikon q\u00eb ushtarak\u00ebt t\u00eb japin dor\u00ebheqje p\u00ebrpara se t\u00eb em\u00ebrohen dhe t\u00eb zgjidhen. Kjo do t\u00eb thot\u00eb se kandidati i propozuar p\u00ebr president nga Bajram Begaj, duhet t\u00eb jap\u00eb dor\u00ebheqjen dhe kjo duhet t\u00eb [&hellip;]<\/p>\n","protected":false,"gt_translate_keys":[{"key":"rendered","format":"html"}]},"author":30,"featured_media":527799,"comment_status":"closed","ping_status":"closed","sticky":false,"template":"","format":"standard","meta":{"footnotes":""},"categories":[65,13],"tags":[],"class_list":["post-527798","post","type-post","status-publish","format-standard","has-post-thumbnail","hentry","category-lajme","category-te-fundit"],"gt_translate_keys":[{"key":"link","format":"url"}],"_links":{"self":[{"href":"https:\/\/www.hashtag.al\/index.php\/wp-json\/wp\/v2\/posts\/527798","targetHints":{"allow":["GET"]}}],"collection":[{"href":"https:\/\/www.hashtag.al\/index.php\/wp-json\/wp\/v2\/posts"}],"about":[{"href":"https:\/\/www.hashtag.al\/index.php\/wp-json\/wp\/v2\/types\/post"}],"author":[{"embeddable":true,"href":"https:\/\/www.hashtag.al\/index.php\/wp-json\/wp\/v2\/users\/30"}],"replies":[{"embeddable":true,"href":"https:\/\/www.hashtag.al\/index.php\/wp-json\/wp\/v2\/comments?post=527798"}],"version-history":[{"count":0,"href":"https:\/\/www.hashtag.al\/index.php\/wp-json\/wp\/v2\/posts\/527798\/revisions"}],"wp:featuredmedia":[{"embeddable":true,"href":"https:\/\/www.hashtag.al\/index.php\/wp-json\/wp\/v2\/media\/527799"}],"wp:attachment":[{"href":"https:\/\/www.hashtag.al\/index.php\/wp-json\/wp\/v2\/media?parent=527798"}],"wp:term":[{"taxonomy":"category","embeddable":true,"href":"https:\/\/www.hashtag.al\/index.php\/wp-json\/wp\/v2\/categories?post=527798"},{"taxonomy":"post_tag","embeddable":true,"href":"https:\/\/www.hashtag.al\/index.php\/wp-json\/wp\/v2\/tags?post=527798"}],"curies":[{"name":"wp","href":"https:\/\/api.w.org\/{rel}","templated":true}]}}