{"id":527678,"date":"2022-06-03T18:12:03","date_gmt":"2022-06-03T16:12:03","guid":{"rendered":"https:\/\/www.hashtag.al\/?p=527678"},"modified":"2022-06-03T18:12:03","modified_gmt":"2022-06-03T16:12:03","slug":"nikolla-takim-me-raportuesen-e-shqiperise-ne-pe-keshilli-te-hape-negociatat-e-vonuara-me-shqiperine","status":"publish","type":"post","link":"https:\/\/www.hashtag.al\/index.php\/2022\/06\/03\/nikolla-takim-me-raportuesen-e-shqiperise-ne-pe-keshilli-te-hape-negociatat-e-vonuara-me-shqiperine\/","title":{"rendered":"Nikolla takim me raportuesen e Shqip\u00ebris\u00eb n\u00eb PE: K\u00ebshilli t\u00eb hap\u00eb negociatat e vonuara me Shqip\u00ebrin\u00eb","gt_translate_keys":[{"key":"rendered","format":"text"}]},"content":{"rendered":"<p style=\"text-align: justify;\"><span style=\"color: #000000;\"><img loading=\"lazy\" decoding=\"async\" class=\"aligncenter size-full wp-image-527679\" src=\"https:\/\/www.hashtag.al\/wp-content\/uploads\/2022\/06\/nikolla-santos.jpg\" alt=\"\" width=\"1024\" height=\"682\" srcset=\"https:\/\/www.hashtag.al\/wp-content\/uploads\/2022\/06\/nikolla-santos.jpg 1024w, https:\/\/www.hashtag.al\/wp-content\/uploads\/2022\/06\/nikolla-santos-300x200.jpg 300w, https:\/\/www.hashtag.al\/wp-content\/uploads\/2022\/06\/nikolla-santos-768x512.jpg 768w\" sizes=\"auto, (max-width: 1024px) 100vw, 1024px\" \/><\/span><\/p>\n<p style=\"text-align: justify;\"><span style=\"color: #000000;\">Kryetarja e Kuvendit, Lindita Nikolla, priti sot delegacionin e Parlamentit Evropian, t\u00eb kryesuar nga Isabel Santos, Raportuese e PE p\u00ebr Shqip\u00ebrin\u00eb.<\/span><\/p>\n<p style=\"text-align: justify;\"><span style=\"color: #000000;\">Nikolla falenderoi Santos p\u00ebr pun\u00ebn e saj dhe pasqyrimin n\u00eb Parlamentin Evropian t\u00eb arritjeve transformuese, demokratizuese dhe integruese t\u00eb Shqip\u00ebris\u00eb dhe ve\u00e7an\u00ebrisht p\u00ebr kontributin n\u00eb vendimin e Parlamentit Evropian p\u00ebr hapjen e Negociatave dhe mbajtjen e Konferenc\u00ebs s\u00eb Par\u00eb Nd\u00ebrqeveritare me Shqip\u00ebrin\u00eb.<\/span><\/p>\n<p style=\"text-align: justify;\"><span style=\"color: #000000;\">\u201c<em>Ne kemi punuar fort ta arrijm\u00eb k\u00ebt\u00eb, por Ju, znj. Santos, keni punuar shum\u00eb p\u00ebr t\u00eb mb\u00ebshtetur n\u00eb Parlamentin Evropian arritjet tona ndaj Ju jemi shum\u00eb mir\u00ebnjoh\u00ebs. Megjith\u00eb vonesat n\u00eb jemi t\u00eb angazhuar p\u00ebr t\u00eb avancuar me agjend\u00ebn evropiane dhe Integrimi Evropian mbetet prioriteti yn\u00eb kryesor<\/em>,\u201d u shpreh Kryetarja e Kuvendit.<\/span><\/p>\n<p style=\"text-align: justify;\"><span style=\"color: #000000;\">Raportuesja e PE p\u00ebr Shqip\u00ebrin\u00eb, u shpreh se Shqip\u00ebria \u00ebsht\u00eb nj\u00eb partner strategjik i besuar dhe i p\u00ebrkushtuar i BE-s\u00eb.<\/span><\/p>\n<p style=\"text-align: justify;\"><span style=\"color: #000000;\">\u201c<em>Vendimi i PE ishte nj\u00eb vendim i dhe i drejt\u00eb, Shqip\u00ebria e ka vijuar reformat themelore n\u00eb lidhje me BE dhe \u00ebsht\u00eb e drejt\u00eb q\u00eb K\u00ebshilli t\u00eb pranoj\u00eb t\u00eb hap\u00eb negociatat e vonuara me Shqip\u00ebrin\u00eb<\/em>,\u201d tha Santos.<\/span><\/p>\n<p style=\"text-align: justify;\"><span style=\"color: #000000;\">Biseda u ndal mbi zhvillimet m\u00eb t\u00eb r\u00ebnd\u00ebsishme politike n\u00eb vend. Duke vler\u00ebsuar progresin e deritanish\u00ebm, europarlamentaret n\u00ebnvizuan se \u00ebsht\u00eb e r\u00ebnd\u00ebsishme q\u00eb Shqip\u00ebria dhe Kuvendi t\u00eb vijojn\u00eb pun\u00ebn p\u00ebr avancimin e reformave si edhe si edhe plot\u00ebsimin e t\u00eb gjitha rekomandimeve t\u00eb Raportit t\u00eb Progresit.<\/span><\/p>\n<p style=\"text-align: justify;\">\n","protected":false,"gt_translate_keys":[{"key":"rendered","format":"html"}]},"excerpt":{"rendered":"<p>Kryetarja e Kuvendit, Lindita Nikolla, priti sot delegacionin e Parlamentit Evropian, t\u00eb kryesuar nga Isabel Santos, Raportuese e PE p\u00ebr Shqip\u00ebrin\u00eb. Nikolla falenderoi Santos p\u00ebr pun\u00ebn e saj dhe pasqyrimin n\u00eb Parlamentin Evropian t\u00eb arritjeve transformuese, demokratizuese dhe integruese t\u00eb Shqip\u00ebris\u00eb dhe ve\u00e7an\u00ebrisht p\u00ebr kontributin n\u00eb vendimin e Parlamentit Evropian p\u00ebr hapjen e Negociatave dhe [&hellip;]<\/p>\n","protected":false,"gt_translate_keys":[{"key":"rendered","format":"html"}]},"author":32,"featured_media":527679,"comment_status":"closed","ping_status":"closed","sticky":false,"template":"","format":"standard","meta":{"footnotes":""},"categories":[65,13],"tags":[],"class_list":["post-527678","post","type-post","status-publish","format-standard","has-post-thumbnail","hentry","category-lajme","category-te-fundit"],"gt_translate_keys":[{"key":"link","format":"url"}],"_links":{"self":[{"href":"https:\/\/www.hashtag.al\/index.php\/wp-json\/wp\/v2\/posts\/527678","targetHints":{"allow":["GET"]}}],"collection":[{"href":"https:\/\/www.hashtag.al\/index.php\/wp-json\/wp\/v2\/posts"}],"about":[{"href":"https:\/\/www.hashtag.al\/index.php\/wp-json\/wp\/v2\/types\/post"}],"author":[{"embeddable":true,"href":"https:\/\/www.hashtag.al\/index.php\/wp-json\/wp\/v2\/users\/32"}],"replies":[{"embeddable":true,"href":"https:\/\/www.hashtag.al\/index.php\/wp-json\/wp\/v2\/comments?post=527678"}],"version-history":[{"count":0,"href":"https:\/\/www.hashtag.al\/index.php\/wp-json\/wp\/v2\/posts\/527678\/revisions"}],"wp:featuredmedia":[{"embeddable":true,"href":"https:\/\/www.hashtag.al\/index.php\/wp-json\/wp\/v2\/media\/527679"}],"wp:attachment":[{"href":"https:\/\/www.hashtag.al\/index.php\/wp-json\/wp\/v2\/media?parent=527678"}],"wp:term":[{"taxonomy":"category","embeddable":true,"href":"https:\/\/www.hashtag.al\/index.php\/wp-json\/wp\/v2\/categories?post=527678"},{"taxonomy":"post_tag","embeddable":true,"href":"https:\/\/www.hashtag.al\/index.php\/wp-json\/wp\/v2\/tags?post=527678"}],"curies":[{"name":"wp","href":"https:\/\/api.w.org\/{rel}","templated":true}]}}