{"id":527639,"date":"2022-06-03T14:47:49","date_gmt":"2022-06-03T12:47:49","guid":{"rendered":"https:\/\/www.hashtag.al\/?p=527639"},"modified":"2022-06-03T14:47:49","modified_gmt":"2022-06-03T12:47:49","slug":"neser-votimi-per-presidentin-e-ri-petrit-vasili-ne-do-marrim-pjese-por-votojme-kunder-kandidatit-te-rames","status":"publish","type":"post","link":"https:\/\/www.hashtag.al\/index.php\/2022\/06\/03\/neser-votimi-per-presidentin-e-ri-petrit-vasili-ne-do-marrim-pjese-por-votojme-kunder-kandidatit-te-rames\/","title":{"rendered":"Nes\u00ebr votimi p\u00ebr presidentin e ri\/ Petrit Vasili: Ne do marrim pjes\u00eb, por votojm\u00eb kund\u00ebr kandidatit t\u00eb Ram\u00ebs","gt_translate_keys":[{"key":"rendered","format":"text"}]},"content":{"rendered":"<p><span style=\"color: #000000;\"><a href=\"https:\/\/www.hashtag.al\/wp-content\/uploads\/2022\/05\/vasili-e1653842660140.jpg\"><img loading=\"lazy\" decoding=\"async\" class=\"aligncenter size-full wp-image-526720\" src=\"https:\/\/www.hashtag.al\/wp-content\/uploads\/2022\/05\/vasili-e1653842660140.jpg\" alt=\"\" width=\"1057\" height=\"618\" srcset=\"https:\/\/www.hashtag.al\/wp-content\/uploads\/2022\/05\/vasili-e1653842660140.jpg 1057w, https:\/\/www.hashtag.al\/wp-content\/uploads\/2022\/05\/vasili-e1653842660140-300x175.jpg 300w, https:\/\/www.hashtag.al\/wp-content\/uploads\/2022\/05\/vasili-e1653842660140-1024x599.jpg 1024w, https:\/\/www.hashtag.al\/wp-content\/uploads\/2022\/05\/vasili-e1653842660140-768x449.jpg 768w, https:\/\/www.hashtag.al\/wp-content\/uploads\/2022\/05\/vasili-e1653842660140-250x145.jpg 250w\" sizes=\"auto, (max-width: 1057px) 100vw, 1057px\" \/><\/a><\/span><\/p>\n<p><span style=\"color: #000000;\">L\u00ebvizja Socialiste p\u00ebr Integrim ka konfirmuar pjes\u00ebmarrjen n\u00eb seanc\u00ebn e posa\u00e7me q\u00eb do t\u00eb mbahet dit\u00ebn e shtun\u00eb p\u00ebr votimin e presidentit t\u00eb ri.<\/span><\/p>\n<p><span style=\"color: #000000;\">N\u00ebnkryetari i LSI-s\u00eb, Petrit Vasili tha n\u00eb nj\u00eb deklarat\u00eb p\u00ebr mediet se deputet\u00ebt e k\u00ebsaj force politike do t\u00eb marrin pjes\u00eb, por do t\u00eb votojn\u00eb kund\u00ebr \u00e7do kandidati t\u00eb propozuar nga Partia Socialiste.<\/span><\/p>\n<p><em><span style=\"color: #000000;\">\u201cDeputet\u00ebt e LSI do t\u00eb marrin pjes\u00eb nes\u00ebr n\u00eb seanc\u00eb dhe do t\u00eb votojn\u00eb kund\u00ebr, gjymtyr\u00ebs, dor\u00ebs q\u00eb Edi Rama do t\u00eb \u00e7oj\u00eb n\u00eb Kuvendin e Shqip\u00ebris\u00eb n\u00ebp\u00ebrmjet s\u00eb cil\u00ebs mendon dhe ka iluzionin se mund t\u00eb shes\u00eb kufijt\u00eb e republik\u00ebs s\u00eb Shqip\u00ebris\u00eb.<\/span><\/em><\/p>\n<p><span style=\"color: #000000;\"><em>Ky pazarxhi kufijsh, q\u00eb i ka filluar pazaret me kufijt\u00eb e Kosov\u00ebs, do t\u2019i vazhdoj\u00eb me kufijt\u00eb e Shqip\u00ebris\u00eb e s\u00eb bashku me \u2018Ballkanin e Hapur\u2019 t\u00eb tij \u00ebsht\u00eb demonstruar si nj\u00eb kryeminist\u00ebr, anti shqiptar, anti patriot dhe nes\u00ebr do q\u00eb t\u00eb sh\u00ebnoj\u00eb nj\u00eb hap t\u00eb ri n\u00eb anti shqiptarizmin mafioz t\u00eb tij. Ndaj q\u00ebndrimi do t\u00eb jet\u00eb i pa kompromis, refuzues, kund\u00ebrshtues si q\u00ebndrim legjitim dhe q\u00eb \u00ebsht\u00eb q\u00ebndrim q\u00eb shpreh at\u00eb q\u00eb populli shqiptar k\u00ebrkon<\/em>.\u201d- tha Vasili.<\/span><\/p>\n<p><span style=\"color: #000000;\">Kujtojm\u00eb se m\u00eb her\u00ebt kreu i grupit parlamentar t\u00eb PD-s\u00eb Enkelejd Alibeaj tha se ai dhe deputet\u00ebt mb\u00ebshtet\u00ebs t\u00eb tij nuk do t\u00eb marrin pjes\u00eb n\u00eb votimin p\u00ebr presidentin e ri. Nd\u00ebrsa deputet\u00ebt mb\u00ebshtet\u00ebs t\u00eb Sali Berish\u00ebs do t\u00eb votojn\u00eb, por nj\u00eblloj si LSI nuk do t\u00eb mb\u00ebshtesin kandidat\u00ebt q\u00eb do t\u00eb propozohen nga PS.<\/span><\/p>\n","protected":false,"gt_translate_keys":[{"key":"rendered","format":"html"}]},"excerpt":{"rendered":"<p>L\u00ebvizja Socialiste p\u00ebr Integrim ka konfirmuar pjes\u00ebmarrjen n\u00eb seanc\u00ebn e posa\u00e7me q\u00eb do t\u00eb mbahet dit\u00ebn e shtun\u00eb p\u00ebr votimin e presidentit t\u00eb ri. N\u00ebnkryetari i LSI-s\u00eb, Petrit Vasili tha n\u00eb nj\u00eb deklarat\u00eb p\u00ebr mediet se deputet\u00ebt e k\u00ebsaj force politike do t\u00eb marrin pjes\u00eb, por do t\u00eb votojn\u00eb kund\u00ebr \u00e7do kandidati t\u00eb propozuar nga [&hellip;]<\/p>\n","protected":false,"gt_translate_keys":[{"key":"rendered","format":"html"}]},"author":30,"featured_media":526720,"comment_status":"closed","ping_status":"closed","sticky":false,"template":"","format":"standard","meta":{"footnotes":""},"categories":[65,13],"tags":[],"class_list":["post-527639","post","type-post","status-publish","format-standard","has-post-thumbnail","hentry","category-lajme","category-te-fundit"],"gt_translate_keys":[{"key":"link","format":"url"}],"_links":{"self":[{"href":"https:\/\/www.hashtag.al\/index.php\/wp-json\/wp\/v2\/posts\/527639","targetHints":{"allow":["GET"]}}],"collection":[{"href":"https:\/\/www.hashtag.al\/index.php\/wp-json\/wp\/v2\/posts"}],"about":[{"href":"https:\/\/www.hashtag.al\/index.php\/wp-json\/wp\/v2\/types\/post"}],"author":[{"embeddable":true,"href":"https:\/\/www.hashtag.al\/index.php\/wp-json\/wp\/v2\/users\/30"}],"replies":[{"embeddable":true,"href":"https:\/\/www.hashtag.al\/index.php\/wp-json\/wp\/v2\/comments?post=527639"}],"version-history":[{"count":0,"href":"https:\/\/www.hashtag.al\/index.php\/wp-json\/wp\/v2\/posts\/527639\/revisions"}],"wp:featuredmedia":[{"embeddable":true,"href":"https:\/\/www.hashtag.al\/index.php\/wp-json\/wp\/v2\/media\/526720"}],"wp:attachment":[{"href":"https:\/\/www.hashtag.al\/index.php\/wp-json\/wp\/v2\/media?parent=527639"}],"wp:term":[{"taxonomy":"category","embeddable":true,"href":"https:\/\/www.hashtag.al\/index.php\/wp-json\/wp\/v2\/categories?post=527639"},{"taxonomy":"post_tag","embeddable":true,"href":"https:\/\/www.hashtag.al\/index.php\/wp-json\/wp\/v2\/tags?post=527639"}],"curies":[{"name":"wp","href":"https:\/\/api.w.org\/{rel}","templated":true}]}}