{"id":527553,"date":"2022-06-03T08:24:53","date_gmt":"2022-06-03T06:24:53","guid":{"rendered":"https:\/\/www.hashtag.al\/?p=527553"},"modified":"2022-06-03T08:33:16","modified_gmt":"2022-06-03T06:33:16","slug":"policia-publikon-informacionin-zyrtar-mbi-vrasjen-e-naim-bajrit-sot-ne-shkoder-gjendet-makina-e-perdorur-nga-autoret","status":"publish","type":"post","link":"https:\/\/www.hashtag.al\/index.php\/2022\/06\/03\/policia-publikon-informacionin-zyrtar-mbi-vrasjen-e-naim-bajrit-sot-ne-shkoder-gjendet-makina-e-perdorur-nga-autoret\/","title":{"rendered":"Policia publikon informacionin zyrtar mbi vrasjen e Naim Bajrit sot n\u00eb Shkod\u00ebr, gjendet makina e p\u00ebrdorur nga autor\u00ebt","gt_translate_keys":[{"key":"rendered","format":"text"}]},"content":{"rendered":"<p><span style=\"color: #000000;\"><a style=\"color: #000000;\" href=\"https:\/\/www.hashtag.al\/wp-content\/uploads\/2022\/06\/LAgjia-Rus.png\"><img loading=\"lazy\" decoding=\"async\" class=\"aligncenter size-full wp-image-527554\" src=\"https:\/\/www.hashtag.al\/wp-content\/uploads\/2022\/06\/LAgjia-Rus.png\" alt=\"\" width=\"756\" height=\"411\" srcset=\"https:\/\/www.hashtag.al\/wp-content\/uploads\/2022\/06\/LAgjia-Rus.png 756w, https:\/\/www.hashtag.al\/wp-content\/uploads\/2022\/06\/LAgjia-Rus-300x163.png 300w\" sizes=\"auto, (max-width: 756px) 100vw, 756px\" \/><\/a><\/span><\/p>\n<p><span style=\"color: #000000;\">Policia e Shkodr\u00ebs ka publikuar informacionin zyrtar mbi vrasjen q\u00eb tronditi m\u00ebngjesin e sot\u00ebm qytetin verior.<\/span><\/p>\n<p><span style=\"color: #000000;\">Ngjarja ndodhi n\u00eb or\u00ebn 07:20 t\u00eb m\u00ebngjesit t\u00eb sot\u00ebm, n\u00eb markaten e lagjes \u201cRus\u201d.<\/span><\/p>\n<p><span style=\"color: #000000;\">68-vjeccari Naim Bajri ka qen\u00eb duke pir\u00eb kafe me pun\u00ebtorin e tij n\u00eb momentin q\u00eb e kan\u00eb q\u00eblluar.<\/span><\/p>\n<p><span style=\"color: #000000;\">Si pasoj\u00eb Bajri ka humbur jet\u00ebn, nd\u00ebrsa pun\u00ebtori Astrit Zeneli, 58-vje\u00e7, ka mbetur i plagosur.<\/span><\/p>\n<p><span style=\"color: #000000;\">Ndaj Bajrit dhe pun\u00ebtorit raportohet t\u00eb jet\u00eb q\u00eblluar nga nj\u00eb automjet 10 her\u00eb.<\/span><\/p>\n<p><span style=\"color: #000000;\">Pak pas ngjarjes, nj\u00eb makin\u00eb e djegur \u00ebsht\u00eb gjendur n\u00eb \u201cLagjen Guerrile\u201d e Shkodr\u00ebs dhe dyshohet se \u00ebsht\u00eb p\u00ebrdorur nga autor\u00ebt p\u00ebr krimin.<\/span><\/p>\n<p><span style=\"color: #000000;\">Paraprakisht dyshohet se ngjarja e sotme ka t\u00eb b\u00ebj\u00eb me nj\u00eb ngjarje t\u00eb r\u00ebnd\u00eb nga e kaluara. Kjo pasi 20 vite m\u00eb par\u00eb, Naim Bajrit i kan\u00eb vrar\u00eb t\u00eb birin, Indritin, i cili asokohe ishte 21 vje\u00e7.<\/span><\/p>\n<p><span style=\"color: #000000;\"><strong>NJOFTIMI I POLICIS\u00cb<\/strong><\/span><\/p>\n<p><span style=\"color: #000000;\">Rreth or\u00ebs 07:20, n\u00eb vendin e quajtur &#8220;Merkata e Rusit&#8221;, n\u00eb lagjen \u201cPartizani\u201d, Shkod\u00ebr, n\u00eb rrethana ende t\u00eb paqarta, \u00ebsht\u00eb vrar\u00eb me arm\u00eb zjarri shtetasi N. B., 68 vje\u00e7, banues n\u00eb fshatin Dobra\u00e7, Shkod\u00ebr dhe ka mbetur i plagosur leht\u00eb, jasht\u00eb rrezikut p\u00ebr jet\u00ebn, shtetasi A. Z., 58 vje\u00e7, banues n\u00eb fshatin Dobra\u00e7, Shkod\u00ebr.<\/span><\/p>\n<p><span style=\"color: #000000;\">Gjithashtu n\u00eb livadh, n\u00eb lagjen &#8220;Guerrile&#8221;, Shkod\u00ebr, \u00ebsht\u00eb gjetur i djegur nj\u00eb mjet q\u00eb dyshohet t\u00eb jet\u00eb p\u00ebrdorur nga autor\u00ebt.<\/span><\/p>\n<p><span style=\"color: #000000;\">Jan\u00eb ngritur pika kontrolli dhe po vijon krehja e zon\u00ebs nga Policia vendore dhe FNSH Shkod\u00ebr, si dhe jan\u00eb nisur n\u00eb drejtim t\u00eb Shkodr\u00ebs, grupe t\u00eb RENEA-s.<\/span><\/p>\n<p><span style=\"color: #000000;\">Grupi hetimor, n\u00ebn drejtimin e Prokuroris\u00eb, po vijon pun\u00ebn p\u00ebr zbardhjen dhe sqarimin e plot\u00eb t\u00eb rrethanave t\u00eb ngjarjes, identifikimin dhe kapjen e autor\u00ebve.<\/span><\/p>\n","protected":false,"gt_translate_keys":[{"key":"rendered","format":"html"}]},"excerpt":{"rendered":"<p>Policia e Shkodr\u00ebs ka publikuar informacionin zyrtar mbi vrasjen q\u00eb tronditi m\u00ebngjesin e sot\u00ebm qytetin verior. Ngjarja ndodhi n\u00eb or\u00ebn 07:20 t\u00eb m\u00ebngjesit t\u00eb sot\u00ebm, n\u00eb markaten e lagjes \u201cRus\u201d. 68-vjeccari Naim Bajri ka qen\u00eb duke pir\u00eb kafe me pun\u00ebtorin e tij n\u00eb momentin q\u00eb e kan\u00eb q\u00eblluar. Si pasoj\u00eb Bajri ka humbur jet\u00ebn, nd\u00ebrsa [&hellip;]<\/p>\n","protected":false,"gt_translate_keys":[{"key":"rendered","format":"html"}]},"author":30,"featured_media":527554,"comment_status":"closed","ping_status":"closed","sticky":false,"template":"","format":"standard","meta":{"footnotes":""},"categories":[22,65,13],"tags":[],"class_list":["post-527553","post","type-post","status-publish","format-standard","has-post-thumbnail","hentry","category-ballina","category-lajme","category-te-fundit"],"gt_translate_keys":[{"key":"link","format":"url"}],"_links":{"self":[{"href":"https:\/\/www.hashtag.al\/index.php\/wp-json\/wp\/v2\/posts\/527553","targetHints":{"allow":["GET"]}}],"collection":[{"href":"https:\/\/www.hashtag.al\/index.php\/wp-json\/wp\/v2\/posts"}],"about":[{"href":"https:\/\/www.hashtag.al\/index.php\/wp-json\/wp\/v2\/types\/post"}],"author":[{"embeddable":true,"href":"https:\/\/www.hashtag.al\/index.php\/wp-json\/wp\/v2\/users\/30"}],"replies":[{"embeddable":true,"href":"https:\/\/www.hashtag.al\/index.php\/wp-json\/wp\/v2\/comments?post=527553"}],"version-history":[{"count":0,"href":"https:\/\/www.hashtag.al\/index.php\/wp-json\/wp\/v2\/posts\/527553\/revisions"}],"wp:featuredmedia":[{"embeddable":true,"href":"https:\/\/www.hashtag.al\/index.php\/wp-json\/wp\/v2\/media\/527554"}],"wp:attachment":[{"href":"https:\/\/www.hashtag.al\/index.php\/wp-json\/wp\/v2\/media?parent=527553"}],"wp:term":[{"taxonomy":"category","embeddable":true,"href":"https:\/\/www.hashtag.al\/index.php\/wp-json\/wp\/v2\/categories?post=527553"},{"taxonomy":"post_tag","embeddable":true,"href":"https:\/\/www.hashtag.al\/index.php\/wp-json\/wp\/v2\/tags?post=527553"}],"curies":[{"name":"wp","href":"https:\/\/api.w.org\/{rel}","templated":true}]}}