{"id":527550,"date":"2022-06-03T08:02:29","date_gmt":"2022-06-03T06:02:29","guid":{"rendered":"https:\/\/www.hashtag.al\/?p=527550"},"modified":"2022-06-03T08:02:29","modified_gmt":"2022-06-03T06:02:29","slug":"ekzekutohet-nje-person-ne-shkoder-plagoset-nje-tjeter","status":"publish","type":"post","link":"https:\/\/www.hashtag.al\/index.php\/2022\/06\/03\/ekzekutohet-nje-person-ne-shkoder-plagoset-nje-tjeter\/","title":{"rendered":"Ekzekutohet nj\u00eb person n\u00eb Shkod\u00ebr, plagoset nj\u00eb tjet\u00ebr","gt_translate_keys":[{"key":"rendered","format":"text"}]},"content":{"rendered":"<p><span style=\"color: #000000;\"><img loading=\"lazy\" decoding=\"async\" class=\"aligncenter size-full wp-image-527551\" src=\"https:\/\/www.hashtag.al\/wp-content\/uploads\/2022\/06\/Screenshot_20220603-080037_Facebook.jpg\" alt=\"\" width=\"1054\" height=\"587\" srcset=\"https:\/\/www.hashtag.al\/wp-content\/uploads\/2022\/06\/Screenshot_20220603-080037_Facebook.jpg 1054w, https:\/\/www.hashtag.al\/wp-content\/uploads\/2022\/06\/Screenshot_20220603-080037_Facebook-300x167.jpg 300w, https:\/\/www.hashtag.al\/wp-content\/uploads\/2022\/06\/Screenshot_20220603-080037_Facebook-1024x570.jpg 1024w, https:\/\/www.hashtag.al\/wp-content\/uploads\/2022\/06\/Screenshot_20220603-080037_Facebook-768x428.jpg 768w\" sizes=\"auto, (max-width: 1054px) 100vw, 1054px\" \/><\/span><\/p>\n<p><span style=\"color: #000000;\">Nj\u00eb vrasje me arm\u00eb zjarri ka ndodhur m\u00ebngjesin e sot\u00ebm n\u00eb Shkod\u00ebr, teksa nj\u00eb person tjet\u00ebr ka mbetur i plagosur sipas informacioneve paraprake.<\/span><\/p>\n<p><span style=\"color: #000000;\">Raportohet se i vrar\u00eb ka mbetur Naim Bajri. Viktim\u00ebs n\u00eb vitin 2001 i kan\u00eb ekzekutuar djalin Endrit bajrin<\/span><\/p>\n<p><span style=\"color: #000000;\">Ngjarja e r\u00ebnd\u00eb ka ndodhur k\u00ebt\u00eb m\u00ebngjes n\u00eb lagjen \u201cRus\u201d t\u00eb qytetit verior.<\/span><\/p>\n<p><span style=\"color: #000000;\">Nd\u00ebrkoh\u00eb, policia ka shkuar n\u00eb vendngjarje p\u00ebr t\u00eb zbardhur detaje mbi ngjarjen. Zona \u00ebsht\u00eb rrethuar dhe jan\u00eb ngritur disa postblloqe policie p\u00ebr krehjen e zon\u00ebs dhe kapjen e autor\u00ebve.<\/span><\/p>\n","protected":false,"gt_translate_keys":[{"key":"rendered","format":"html"}]},"excerpt":{"rendered":"<p>Nj\u00eb vrasje me arm\u00eb zjarri ka ndodhur m\u00ebngjesin e sot\u00ebm n\u00eb Shkod\u00ebr, teksa nj\u00eb person tjet\u00ebr ka mbetur i plagosur sipas informacioneve paraprake. Raportohet se i vrar\u00eb ka mbetur Naim Bajri. Viktim\u00ebs n\u00eb vitin 2001 i kan\u00eb ekzekutuar djalin Endrit bajrin Ngjarja e r\u00ebnd\u00eb ka ndodhur k\u00ebt\u00eb m\u00ebngjes n\u00eb lagjen \u201cRus\u201d t\u00eb qytetit verior. Nd\u00ebrkoh\u00eb, [&hellip;]<\/p>\n","protected":false,"gt_translate_keys":[{"key":"rendered","format":"html"}]},"author":32,"featured_media":527551,"comment_status":"closed","ping_status":"closed","sticky":false,"template":"","format":"standard","meta":{"footnotes":""},"categories":[65,13],"tags":[],"class_list":["post-527550","post","type-post","status-publish","format-standard","has-post-thumbnail","hentry","category-lajme","category-te-fundit"],"gt_translate_keys":[{"key":"link","format":"url"}],"_links":{"self":[{"href":"https:\/\/www.hashtag.al\/index.php\/wp-json\/wp\/v2\/posts\/527550","targetHints":{"allow":["GET"]}}],"collection":[{"href":"https:\/\/www.hashtag.al\/index.php\/wp-json\/wp\/v2\/posts"}],"about":[{"href":"https:\/\/www.hashtag.al\/index.php\/wp-json\/wp\/v2\/types\/post"}],"author":[{"embeddable":true,"href":"https:\/\/www.hashtag.al\/index.php\/wp-json\/wp\/v2\/users\/32"}],"replies":[{"embeddable":true,"href":"https:\/\/www.hashtag.al\/index.php\/wp-json\/wp\/v2\/comments?post=527550"}],"version-history":[{"count":0,"href":"https:\/\/www.hashtag.al\/index.php\/wp-json\/wp\/v2\/posts\/527550\/revisions"}],"wp:featuredmedia":[{"embeddable":true,"href":"https:\/\/www.hashtag.al\/index.php\/wp-json\/wp\/v2\/media\/527551"}],"wp:attachment":[{"href":"https:\/\/www.hashtag.al\/index.php\/wp-json\/wp\/v2\/media?parent=527550"}],"wp:term":[{"taxonomy":"category","embeddable":true,"href":"https:\/\/www.hashtag.al\/index.php\/wp-json\/wp\/v2\/categories?post=527550"},{"taxonomy":"post_tag","embeddable":true,"href":"https:\/\/www.hashtag.al\/index.php\/wp-json\/wp\/v2\/tags?post=527550"}],"curies":[{"name":"wp","href":"https:\/\/api.w.org\/{rel}","templated":true}]}}