{"id":527526,"date":"2022-06-02T22:11:07","date_gmt":"2022-06-02T20:11:07","guid":{"rendered":"https:\/\/www.hashtag.al\/?p=527526"},"modified":"2022-06-02T22:11:07","modified_gmt":"2022-06-02T20:11:07","slug":"konjufca-njohja-e-greqise-nuk-eshte-larg-u-binda-pas-takimit-me-kryeparlamentarin","status":"publish","type":"post","link":"https:\/\/www.hashtag.al\/index.php\/2022\/06\/02\/konjufca-njohja-e-greqise-nuk-eshte-larg-u-binda-pas-takimit-me-kryeparlamentarin\/","title":{"rendered":"Konjufca: Njohja e Greqis\u00eb nuk \u00ebsht\u00eb larg, u binda pas takimit me kryeparlamentarin","gt_translate_keys":[{"key":"rendered","format":"text"}]},"content":{"rendered":"<p style=\"text-align: justify;\"><span style=\"color: #000000;\"><img loading=\"lazy\" decoding=\"async\" class=\"aligncenter size-full wp-image-527527\" src=\"https:\/\/www.hashtag.al\/wp-content\/uploads\/2022\/06\/konjufca.jpg\" alt=\"\" width=\"600\" height=\"360\" srcset=\"https:\/\/www.hashtag.al\/wp-content\/uploads\/2022\/06\/konjufca.jpg 600w, https:\/\/www.hashtag.al\/wp-content\/uploads\/2022\/06\/konjufca-300x180.jpg 300w\" sizes=\"auto, (max-width: 600px) 100vw, 600px\" \/><\/span><\/p>\n<p style=\"text-align: justify;\"><span style=\"color: #000000;\">Kryetari i Kuvendit t\u00eb Kosov\u00ebs, Glauk Konjufca, thot\u00eb se njohja e Kosov\u00ebs nga Greqia nuk \u00ebsht\u00eb e larg\u00ebt. Deklarata e tij vjen pasi ai takoi n\u00eb Athin\u00eb, kryetarin e Kuvendit t\u00eb Greqis\u00eb, Konstantinos Tasoulas.<\/span><\/p>\n<p style=\"text-align: justify;\"><span style=\"color: #000000;\">\u201cPas takimit me presidentin e Greqis\u00eb Tasoulas, u binda q\u00eb njohja nuk \u00ebsht\u00eb shum\u00eb e larg\u00ebt e k\u00ebtij shteti p\u00ebr Republik\u00ebn e Kosov\u00ebs\u201d, tha Konjufca p\u00ebr RTK-n\u00eb.<\/span><\/p>\n<p style=\"text-align: justify;\"><span style=\"color: #000000;\">M\u00eb tej, Konjufca foli edhe p\u00ebr raportet n\u00eb mes t\u00eb k\u00ebtyre dy shteteve.<\/span><\/p>\n<p style=\"text-align: justify;\"><span style=\"color: #000000;\">\u201c<em>Sa i p\u00ebrket relacioneve nd\u00ebrshtet\u00ebrore ne me Greqin\u00eb kemi relacione gjith\u00e7ka p\u00ebrmos formalizimit t\u00eb njohjeve. Pra n\u00ebse e sheh se si ata pranojn\u00eb edhe institucionet dhe ata p\u00ebrfaq\u00ebsuesit shtet\u00ebror m\u00eb t\u00eb r\u00ebnd\u00ebsish\u00ebm t\u00eb shtetit t\u00eb Greqis\u00eb vijn\u00eb n\u00eb Kosov\u00eb dhe ne i presim me pritje shtet\u00ebrore, me t\u00eb gjitha procedurat q\u00eb i ka pritja shtet\u00ebrore dhe k\u00ebt\u00eb nuk e kan\u00eb problem si p\u00ebrfaq\u00ebsues t\u00eb institucioneve t\u00eb Greqis\u00eb. N\u00eb an\u00ebn tjet\u00ebr e kemi zyr\u00ebn ton\u00eb, q\u00eb n\u00eb \u00e7do aspekt funksionon si Ambasad\u00eb p\u00ebrve\u00e7 q\u00eb nuk quhet Ambasad\u00eb dhe pastaj kjo implikon edhe disa le t\u00eb themi, pasoja tjera, mir\u00ebpo edhe ata e kan\u00eb p\u00ebrfaq\u00ebsuesin e tyre n\u00eb Kosov\u00eb t\u00eb cilit ne i themi Ambasador, ata nuk e quajn\u00eb ambasador por ne k\u00ebshtu i themi p\u00ebr shkak se e dijm\u00eb q\u00eb nj\u00eb dit\u00eb do t\u00eb kemi Ambasad\u00ebn dhe t\u00eb gjitha k\u00ebto, gjithmon\u00eb p\u00ebrpiqemi q\u00eb n\u00ebp\u00ebrmjet bashk\u00ebpunimit, p\u00ebrmes afrimit n\u00eb mes t\u00eb shteteve tona t\u00eb vijm\u00eb deri te hapi i fundit e q\u00eb \u00ebsht\u00eb njohja formale e Republik\u00ebs s\u00eb Kosov\u00ebs nga ana e Greqis\u00eb<\/em>\u201d, tha Konjufca.<\/span><\/p>\n<p style=\"text-align: justify;\">\n","protected":false,"gt_translate_keys":[{"key":"rendered","format":"html"}]},"excerpt":{"rendered":"<p>Kryetari i Kuvendit t\u00eb Kosov\u00ebs, Glauk Konjufca, thot\u00eb se njohja e Kosov\u00ebs nga Greqia nuk \u00ebsht\u00eb e larg\u00ebt. Deklarata e tij vjen pasi ai takoi n\u00eb Athin\u00eb, kryetarin e Kuvendit t\u00eb Greqis\u00eb, Konstantinos Tasoulas. \u201cPas takimit me presidentin e Greqis\u00eb Tasoulas, u binda q\u00eb njohja nuk \u00ebsht\u00eb shum\u00eb e larg\u00ebt e k\u00ebtij shteti p\u00ebr Republik\u00ebn [&hellip;]<\/p>\n","protected":false,"gt_translate_keys":[{"key":"rendered","format":"html"}]},"author":32,"featured_media":527527,"comment_status":"closed","ping_status":"closed","sticky":false,"template":"","format":"standard","meta":{"footnotes":""},"categories":[149,13],"tags":[],"class_list":["post-527526","post","type-post","status-publish","format-standard","has-post-thumbnail","hentry","category-kosoverajon","category-te-fundit"],"gt_translate_keys":[{"key":"link","format":"url"}],"_links":{"self":[{"href":"https:\/\/www.hashtag.al\/index.php\/wp-json\/wp\/v2\/posts\/527526","targetHints":{"allow":["GET"]}}],"collection":[{"href":"https:\/\/www.hashtag.al\/index.php\/wp-json\/wp\/v2\/posts"}],"about":[{"href":"https:\/\/www.hashtag.al\/index.php\/wp-json\/wp\/v2\/types\/post"}],"author":[{"embeddable":true,"href":"https:\/\/www.hashtag.al\/index.php\/wp-json\/wp\/v2\/users\/32"}],"replies":[{"embeddable":true,"href":"https:\/\/www.hashtag.al\/index.php\/wp-json\/wp\/v2\/comments?post=527526"}],"version-history":[{"count":0,"href":"https:\/\/www.hashtag.al\/index.php\/wp-json\/wp\/v2\/posts\/527526\/revisions"}],"wp:featuredmedia":[{"embeddable":true,"href":"https:\/\/www.hashtag.al\/index.php\/wp-json\/wp\/v2\/media\/527527"}],"wp:attachment":[{"href":"https:\/\/www.hashtag.al\/index.php\/wp-json\/wp\/v2\/media?parent=527526"}],"wp:term":[{"taxonomy":"category","embeddable":true,"href":"https:\/\/www.hashtag.al\/index.php\/wp-json\/wp\/v2\/categories?post=527526"},{"taxonomy":"post_tag","embeddable":true,"href":"https:\/\/www.hashtag.al\/index.php\/wp-json\/wp\/v2\/tags?post=527526"}],"curies":[{"name":"wp","href":"https:\/\/api.w.org\/{rel}","templated":true}]}}