{"id":527355,"date":"2022-06-01T21:53:02","date_gmt":"2022-06-01T19:53:02","guid":{"rendered":"https:\/\/www.hashtag.al\/?p=527355"},"modified":"2022-06-01T21:53:02","modified_gmt":"2022-06-01T19:53:02","slug":"sherr-mes-dy-personave-ne-korce-46-vjecari-qellohet-me-sende-te-forta","status":"publish","type":"post","link":"https:\/\/www.hashtag.al\/index.php\/2022\/06\/01\/sherr-mes-dy-personave-ne-korce-46-vjecari-qellohet-me-sende-te-forta\/","title":{"rendered":"Sherr mes dy personave n\u00eb Kor\u00e7\u00eb, 46-vje\u00e7ari q\u00ebllohet me sende t\u00eb forta","gt_translate_keys":[{"key":"rendered","format":"text"}]},"content":{"rendered":"<p style=\"text-align: justify;\"><span style=\"color: #000000;\"><img loading=\"lazy\" decoding=\"async\" class=\"aligncenter size-full wp-image-381929\" src=\"https:\/\/www.hashtag.al\/wp-content\/uploads\/2020\/06\/policiakorce.jpg\" alt=\"\" width=\"1152\" height=\"864\" srcset=\"https:\/\/www.hashtag.al\/wp-content\/uploads\/2020\/06\/policiakorce.jpg 1152w, https:\/\/www.hashtag.al\/wp-content\/uploads\/2020\/06\/policiakorce-300x225.jpg 300w, https:\/\/www.hashtag.al\/wp-content\/uploads\/2020\/06\/policiakorce-768x576.jpg 768w, https:\/\/www.hashtag.al\/wp-content\/uploads\/2020\/06\/policiakorce-1024x768.jpg 1024w\" sizes=\"auto, (max-width: 1152px) 100vw, 1152px\" \/><\/span><\/p>\n<p style=\"text-align: justify;\"><span style=\"color: #000000;\">Dy persona jan\u00eb konfliktuar me nj\u00ebri-tjetrin pasditen e sotme n\u00eb qytetin e Kor\u00e7\u00ebs.<\/span><\/p>\n<p style=\"text-align: justify;\"><span style=\"color: #000000;\">Sipas policis\u00eb, dyshohet se shtetasi me iniciale E.B. ka goditur me sende t\u00eb forta 46-vje\u00e7arin S.D.<\/span><\/p>\n<p style=\"text-align: justify;\"><span style=\"color: #000000;\">Ngjarja ka ndodhur rreth or\u00ebs 19:30 n\u00eb lagjen nr. 13. Menj\u00ebher\u00eb pas ngjarjes, 46-vje\u00e7ari \u00ebsht\u00eb d\u00ebrguar n\u00eb spitalin e Kor\u00e7\u00ebs p\u00ebr t\u00eb marr\u00eb ndihm\u00eb mjek\u00ebsore.<\/span><\/p>\n<p style=\"text-align: justify;\"><span style=\"color: #000000;\">I plagosuri ka marr\u00eb goditje n\u00eb krah dhe n\u00eb k\u00ebmb\u00eb. Pas ngjarjes, autori \u00ebsht\u00eb larguar, teksa policia ka ngritur pika kontrolli p\u00ebr kapjen e tij.<\/span><\/p>\n<p style=\"text-align: justify;\"><span style=\"color: #000000;\"><em>\u201cM\u00eb dat\u00eb 01.06.2022, rreth or\u00ebs 19:30, jemi njoftuar se n\u00eb lagjen nr. 13, Kor\u00e7\u00eb, rruga \u201c1 Maji\u201d, gjat\u00eb nj\u00eb konflikti, shtetasi E. B., dyshohet se ka d\u00ebmtuar me mjet t\u00eb fort\u00eb n\u00eb trup shtetasin S. D., rreth 46 vje\u00e7, i cili aktualisht ndodhet n\u00eb Spitalin e Kor\u00e7\u00ebs n\u00ebn kujdesin e mjek\u00ebve.<\/em><\/span><\/p>\n<p style=\"text-align: justify;\"><span style=\"color: #000000;\"><em>Nga ana e Policis\u00eb jan\u00eb ngritur pika kontrolli me q\u00ebllim kapjen e autorit t\u00eb dyshuar E. B.<\/em><\/span><\/p>\n<p style=\"text-align: justify;\"><span style=\"color: #000000;\"><em>Grupi hetimor po punon p\u00ebr sqarimin e rrethanave t\u00eb ngjarjes\u201d-<\/em>njofton policia.<\/span><\/p>\n","protected":false,"gt_translate_keys":[{"key":"rendered","format":"html"}]},"excerpt":{"rendered":"<p>Dy persona jan\u00eb konfliktuar me nj\u00ebri-tjetrin pasditen e sotme n\u00eb qytetin e Kor\u00e7\u00ebs. Sipas policis\u00eb, dyshohet se shtetasi me iniciale E.B. ka goditur me sende t\u00eb forta 46-vje\u00e7arin S.D. Ngjarja ka ndodhur rreth or\u00ebs 19:30 n\u00eb lagjen nr. 13. Menj\u00ebher\u00eb pas ngjarjes, 46-vje\u00e7ari \u00ebsht\u00eb d\u00ebrguar n\u00eb spitalin e Kor\u00e7\u00ebs p\u00ebr t\u00eb marr\u00eb ndihm\u00eb mjek\u00ebsore. I [&hellip;]<\/p>\n","protected":false,"gt_translate_keys":[{"key":"rendered","format":"html"}]},"author":32,"featured_media":381929,"comment_status":"closed","ping_status":"closed","sticky":false,"template":"","format":"standard","meta":{"footnotes":""},"categories":[65,13],"tags":[],"class_list":["post-527355","post","type-post","status-publish","format-standard","has-post-thumbnail","hentry","category-lajme","category-te-fundit"],"gt_translate_keys":[{"key":"link","format":"url"}],"_links":{"self":[{"href":"https:\/\/www.hashtag.al\/index.php\/wp-json\/wp\/v2\/posts\/527355","targetHints":{"allow":["GET"]}}],"collection":[{"href":"https:\/\/www.hashtag.al\/index.php\/wp-json\/wp\/v2\/posts"}],"about":[{"href":"https:\/\/www.hashtag.al\/index.php\/wp-json\/wp\/v2\/types\/post"}],"author":[{"embeddable":true,"href":"https:\/\/www.hashtag.al\/index.php\/wp-json\/wp\/v2\/users\/32"}],"replies":[{"embeddable":true,"href":"https:\/\/www.hashtag.al\/index.php\/wp-json\/wp\/v2\/comments?post=527355"}],"version-history":[{"count":0,"href":"https:\/\/www.hashtag.al\/index.php\/wp-json\/wp\/v2\/posts\/527355\/revisions"}],"wp:featuredmedia":[{"embeddable":true,"href":"https:\/\/www.hashtag.al\/index.php\/wp-json\/wp\/v2\/media\/381929"}],"wp:attachment":[{"href":"https:\/\/www.hashtag.al\/index.php\/wp-json\/wp\/v2\/media?parent=527355"}],"wp:term":[{"taxonomy":"category","embeddable":true,"href":"https:\/\/www.hashtag.al\/index.php\/wp-json\/wp\/v2\/categories?post=527355"},{"taxonomy":"post_tag","embeddable":true,"href":"https:\/\/www.hashtag.al\/index.php\/wp-json\/wp\/v2\/tags?post=527355"}],"curies":[{"name":"wp","href":"https:\/\/api.w.org\/{rel}","templated":true}]}}