{"id":527281,"date":"2022-06-01T14:32:45","date_gmt":"2022-06-01T12:32:45","guid":{"rendered":"https:\/\/www.hashtag.al\/?p=527281"},"modified":"2022-06-01T14:33:25","modified_gmt":"2022-06-01T12:33:25","slug":"floriana-garo-i-pergjigjet-nikolles-pas-deklaratave-te-saj-per-berishen-ne-medien-gjermane-ai-e-ka-ruajtur-gjithmone-etiken","status":"publish","type":"post","link":"https:\/\/www.hashtag.al\/index.php\/2022\/06\/01\/floriana-garo-i-pergjigjet-nikolles-pas-deklaratave-te-saj-per-berishen-ne-medien-gjermane-ai-e-ka-ruajtur-gjithmone-etiken\/","title":{"rendered":"Floriana Garo i p\u00ebrgjigjet Nikoll\u00ebs pas deklaratave t\u00eb saj p\u00ebr Berish\u00ebn n\u00eb medien gjermane: Ai e ka ruajtur gjithmon\u00eb etik\u00ebn","gt_translate_keys":[{"key":"rendered","format":"text"}]},"content":{"rendered":"<p><span style=\"color: #000000;\"><a href=\"https:\/\/www.hashtag.al\/wp-content\/uploads\/2022\/06\/Nikolla-Berisha-Garo-scaled.jpg\"><img loading=\"lazy\" decoding=\"async\" class=\"aligncenter size-full wp-image-527282\" src=\"https:\/\/www.hashtag.al\/wp-content\/uploads\/2022\/06\/Nikolla-Berisha-Garo-scaled.jpg\" alt=\"\" width=\"2560\" height=\"1022\" srcset=\"https:\/\/www.hashtag.al\/wp-content\/uploads\/2022\/06\/Nikolla-Berisha-Garo-scaled.jpg 2560w, https:\/\/www.hashtag.al\/wp-content\/uploads\/2022\/06\/Nikolla-Berisha-Garo-300x120.jpg 300w, https:\/\/www.hashtag.al\/wp-content\/uploads\/2022\/06\/Nikolla-Berisha-Garo-1024x409.jpg 1024w, https:\/\/www.hashtag.al\/wp-content\/uploads\/2022\/06\/Nikolla-Berisha-Garo-768x307.jpg 768w, https:\/\/www.hashtag.al\/wp-content\/uploads\/2022\/06\/Nikolla-Berisha-Garo-1536x613.jpg 1536w, https:\/\/www.hashtag.al\/wp-content\/uploads\/2022\/06\/Nikolla-Berisha-Garo-2048x817.jpg 2048w\" sizes=\"auto, (max-width: 2560px) 100vw, 2560px\" \/><\/a><\/span><\/p>\n<p><span style=\"color: #000000;\">Drejtoresha e Komunikimit e Komisionit t\u00eb Rithemelimit Floriana Garo, ka reaguar pas nj\u00eb interviste te kryeparlamentares Lindita Nikolla, e cila e kritikonte ish-kryeministrin Sali Berisha duke th\u00ebn\u00eb se flet me nj\u00eb gjuh\u00eb t\u00eb vrazhd\u00eb.<\/span><\/p>\n<p><span style=\"color: #000000;\">Garo thot\u00eb se Berisha e ka ruajtur gjithnj\u00eb etik\u00ebn kur Nikolla shkelte rregulloren, p\u00ebr t\u00eb mbrojtur kryeministrin Edi Rama. Dhe sipas saj, Berisha do t\u00eb vazhdoj\u00eb t\u00eb mbetet nj\u00eb z\u00eb i fort\u00eb ndaj abuzimeve t\u00eb saj dhe pushtetar\u00ebve t\u00eb tjer\u00eb n\u00eb \u00e7do rrethan\u00eb.<\/span><\/p>\n<p><em><span style=\"color: #000000;\">\u201cN\u00eb p\u00ebrgjigje t\u00eb vler\u00ebsimit t\u00eb gazetares s\u00eb DW, e cila gjat\u00eb nj\u00eb interviste me kryetaren e Parlamentit shqiptar ngriti pyetje mbi sulmet me fjal\u00eb t\u00eb Z. Berisha ndaj Znj. Nikolla, n\u00eb respekt t\u00eb pun\u00ebs s\u00eb gazetar\u00ebve dhe opinionit publik, sqarojm\u00eb se:<\/span><\/em><\/p>\n<p><em><span style=\"color: #000000;\">Berisha ka ruajtur gjithnj\u00eb etik\u00ebn n\u00eb denoncimet e vazhdueshme t\u00eb shkeljeve t\u00eb hapura t\u00eb rregullores s\u00eb Parlamentit nga Znj. Nikolla, p\u00ebr t\u00eb mbrojtur Edi Ram\u00ebn por Z. Berisha ka qen\u00eb dhe do t\u00eb vazhdoj\u00eb t\u00eb mbetet nj\u00eb z\u00eb i fort\u00eb ndaj abuzimeve t\u00eb saj dhe pushtetar\u00ebve t\u00eb tjer\u00eb n\u00eb \u00e7do rrethan\u00eb; nj\u00eb z\u00eb i fort\u00eb n\u00eb mb\u00ebshtetje t\u00eb luft\u00ebs kund\u00ebr mega-aferave korruptive t\u00eb qeveris\u00eb dhe lidhjeve t\u00eb saj me banda me t\u00eb rrezikshme n\u00eb rajon t\u00eb cilat sot po denoncohen nga drejt\u00ebsia e vendeve t\u00eb BE. Ai do jet\u00eb pa m\u00ebdyshje nj\u00eb z\u00eb i ashp\u00ebr ndaj grabitjes s\u00eb pron\u00ebs publike, rritjes tejet t\u00eb rrezikshme t\u00eb borxhit publik dhe eksodit masiv t\u00eb rinis\u00eb nga vendi dhe rr\u00ebnimit k\u00ebshtu t\u00eb t\u00eb ardhmes s\u00eb shqiptar\u00ebve.<\/span><\/em><\/p>\n<p><span style=\"color: #000000;\"><em>Sfidat e parlamentit shqiptar nuk vijn\u00eb nga denoncimi i pakompromis i k\u00ebtyre dukurive tashm\u00eb t\u00eb njohura publikisht dhe bot\u00ebrisht, por vijn\u00eb nga bashk\u00ebfaj\u00ebsia e k\u00ebsaj maxhorance n\u00eb aktivitetet e m\u00ebsip\u00ebrme.\u201d-<\/em> shkruan Garo.<\/span><\/p>\n<p><span style=\"color: #000000;\">N\u00eb nj\u00eb intervist\u00eb p\u00ebr DW, zonja Nikolla e cil\u00ebsoi si t\u00eb vrazhd\u00eb gjuh\u00ebn q\u00eb p\u00ebrdor Berisha.<\/span><\/p>\n<p><span style=\"color: #000000;\"><em>\u00a0\u201cJu koh\u00ebt e fundit u sulmuat me fjal\u00eb edhe vet\u00eb nga zoti Berisha. Sa sfiduese \u00ebsht\u00eb p\u00ebr ju t\u00eb menaxhoni gjuh\u00ebn e vrazhd\u00eb q\u00eb p\u00ebrdoret shpesh n\u00eb Kuvend?\u201d-<\/em> ishte pyetja q\u00eb iu drejtua nga gazetarja zonj\u00ebs Nikolla. Ajo u p\u00ebrgjigj se Berisha njihet p\u00ebr gjuh\u00ebn e vrazhd\u00eb por e r\u00ebnd\u00ebsishme \u00ebsht\u00eb t\u00eb mos i p\u00ebrgjigjet n\u00eb t\u00eb nj\u00ebjt\u00ebn monedh\u00eb.<\/span><\/p>\n<p><span style=\"color: #000000;\"><em>\u201c\u00cbsht\u00eb e v\u00ebrtet\u00eb q\u00eb personalisht zoti Berisha ka spikatur n\u00eb vite p\u00ebr gjuh\u00ebn e vrazhd\u00eb. Por e r\u00ebnd\u00ebsishme \u00ebsht\u00eb q\u00eb mosp\u00ebrgjigja me t\u00eb nj\u00ebjt\u00ebn monedh\u00eb, ruajtja e etik\u00ebs, dhe mbi t\u00eb gjitha mb\u00ebshtetja fort n\u00eb rregullat q\u00eb ka parlamenti dhe q\u00eb jan\u00eb t\u00eb mish\u00ebruara n\u00eb rregulloren e parlamentit. \u00cbsht\u00eb shum\u00eb i r\u00ebnd\u00ebsish\u00ebm ky respekt dhe patjet\u00ebr etika dhe qytetaria n\u00eb \u00e7do hap.<\/em>\u201d- tha kryeparlamentarja.<\/span><\/p>\n","protected":false,"gt_translate_keys":[{"key":"rendered","format":"html"}]},"excerpt":{"rendered":"<p>Drejtoresha e Komunikimit e Komisionit t\u00eb Rithemelimit Floriana Garo, ka reaguar pas nj\u00eb interviste te kryeparlamentares Lindita Nikolla, e cila e kritikonte ish-kryeministrin Sali Berisha duke th\u00ebn\u00eb se flet me nj\u00eb gjuh\u00eb t\u00eb vrazhd\u00eb. Garo thot\u00eb se Berisha e ka ruajtur gjithnj\u00eb etik\u00ebn kur Nikolla shkelte rregulloren, p\u00ebr t\u00eb mbrojtur kryeministrin Edi Rama. Dhe sipas [&hellip;]<\/p>\n","protected":false,"gt_translate_keys":[{"key":"rendered","format":"html"}]},"author":30,"featured_media":527282,"comment_status":"closed","ping_status":"closed","sticky":false,"template":"","format":"standard","meta":{"footnotes":""},"categories":[65,13],"tags":[],"class_list":["post-527281","post","type-post","status-publish","format-standard","has-post-thumbnail","hentry","category-lajme","category-te-fundit"],"gt_translate_keys":[{"key":"link","format":"url"}],"_links":{"self":[{"href":"https:\/\/www.hashtag.al\/index.php\/wp-json\/wp\/v2\/posts\/527281","targetHints":{"allow":["GET"]}}],"collection":[{"href":"https:\/\/www.hashtag.al\/index.php\/wp-json\/wp\/v2\/posts"}],"about":[{"href":"https:\/\/www.hashtag.al\/index.php\/wp-json\/wp\/v2\/types\/post"}],"author":[{"embeddable":true,"href":"https:\/\/www.hashtag.al\/index.php\/wp-json\/wp\/v2\/users\/30"}],"replies":[{"embeddable":true,"href":"https:\/\/www.hashtag.al\/index.php\/wp-json\/wp\/v2\/comments?post=527281"}],"version-history":[{"count":0,"href":"https:\/\/www.hashtag.al\/index.php\/wp-json\/wp\/v2\/posts\/527281\/revisions"}],"wp:featuredmedia":[{"embeddable":true,"href":"https:\/\/www.hashtag.al\/index.php\/wp-json\/wp\/v2\/media\/527282"}],"wp:attachment":[{"href":"https:\/\/www.hashtag.al\/index.php\/wp-json\/wp\/v2\/media?parent=527281"}],"wp:term":[{"taxonomy":"category","embeddable":true,"href":"https:\/\/www.hashtag.al\/index.php\/wp-json\/wp\/v2\/categories?post=527281"},{"taxonomy":"post_tag","embeddable":true,"href":"https:\/\/www.hashtag.al\/index.php\/wp-json\/wp\/v2\/tags?post=527281"}],"curies":[{"name":"wp","href":"https:\/\/api.w.org\/{rel}","templated":true}]}}