{"id":527092,"date":"2022-05-31T15:00:45","date_gmt":"2022-05-31T13:00:45","guid":{"rendered":"https:\/\/www.hashtag.al\/?p=527092"},"modified":"2022-05-31T15:00:45","modified_gmt":"2022-05-31T13:00:45","slug":"sali-berisha-dumani-i-qelise-dhe-spak-u-po-mbrojne-dumanin-e-partise-taulant-ballen","status":"publish","type":"post","link":"https:\/\/www.hashtag.al\/index.php\/2022\/05\/31\/sali-berisha-dumani-i-qelise-dhe-spak-u-po-mbrojne-dumanin-e-partise-taulant-ballen\/","title":{"rendered":"Sali Berisha: Dumani i qelis\u00eb dhe SPAK-u po mbrojn\u00eb \u201cDumanin e Partis\u00eb\u201d, Taulant Ball\u00ebn","gt_translate_keys":[{"key":"rendered","format":"text"}]},"content":{"rendered":"<p><span style=\"color: #000000;\"><a href=\"https:\/\/www.hashtag.al\/wp-content\/uploads\/2022\/05\/berisha-7.jpg\"><img loading=\"lazy\" decoding=\"async\" class=\"aligncenter size-full wp-image-523729\" src=\"https:\/\/www.hashtag.al\/wp-content\/uploads\/2022\/05\/berisha-7.jpg\" alt=\"\" width=\"640\" height=\"439\" srcset=\"https:\/\/www.hashtag.al\/wp-content\/uploads\/2022\/05\/berisha-7.jpg 640w, https:\/\/www.hashtag.al\/wp-content\/uploads\/2022\/05\/berisha-7-300x206.jpg 300w\" sizes=\"auto, (max-width: 640px) 100vw, 640px\" \/><\/a><\/span><\/p>\n<p><span style=\"color: #000000;\">Kryetari i Partis\u00eb Demokratike, Sali Berisha ka p\u00ebrs\u00ebritur akuzat e tij se Nuredin Dumani po mbron Taulant Ball\u00ebn.<\/span><\/p>\n<p><span style=\"color: #000000;\">Berisha akuzon SPAK-un se i doli n\u00eb mbrojtje dje kreut t\u00eb grupit parlamentar t\u00eb PS-s\u00eb Taulant Balla, pas akuzave q\u00eb ai i drejtoi n\u00eb seanc\u00ebn parlamentare dhe t\u00eb cilin e quan \u201cDumani i parlamentit\u201d.<\/span><\/p>\n<p><span style=\"color: #000000;\"><em>\u201cMir\u00ebpo interesant \u00ebsht\u00eb fakti se n\u00eb mbrojtje t\u00eb Dumanit t\u00eb Parlamentit brofi Skapi i partis\u00eb t\u00eb dal\u00eb i pari duke p\u00ebrdorur p\u00ebr k\u00ebt\u00eb Dumanin e penduar t\u00eb drejt\u00ebsis\u00eb. <\/em><\/span><\/p>\n<p><span style=\"color: #000000;\"><em>Sipas rrjedhjes selektive nga SPAKU i partis\u00eb t\u00eb d\u00ebshmive t\u00eb Dumanit t\u00eb penduar, Ball\u00ebn e shp\u00ebtoi ai p\u00ebr akuz\u00ebn e padrejt\u00eb q\u00eb nj\u00eb pjes\u00eb e band\u00ebs i b\u00ebnte Tauland Bego Yaris sikur ky i fundit kishte ideuar vendosjen n\u00eb garazhin e Manhasve t\u00eb arm\u00ebs me t\u00eb cil\u00ebn ishte vrare nj\u00eb an\u00ebtar i band\u00ebs.\u201d-<\/em> shkruan Berisha n\u00eb nj\u00eb postim n\u00eb Facebook.<\/span><\/p>\n<p><span style=\"color: #000000;\">Ai shton se sipas Dumanit, Taulant Balla ishte nj\u00eb me bandat dhe operacionet e tyre kriminale, teksa flet dhe p\u00ebr shp\u00ebrblim p\u00ebr Nuredin Dumanin.<\/span><\/p>\n<p><span style=\"color: #000000;\">Berisha shprehet se dje \u201c<em>Dumanit t\u00eb parlamentit<\/em>\u201d i doli n\u00eb mbrojtje edhe Gazment Bardhi, t\u00eb cilin e konsideron bashk\u00ebp\u00ebrgjegj\u00ebs n\u00eb ngjarjen e r\u00ebnd\u00eb t\u00eb Elbasanit ku mbeti i vrar\u00eb nj\u00eb person dhe u plagos\u00ebn 4 t\u00eb tjer\u00eb.<\/span><\/p>\n<p><strong><span style=\"color: #000000;\">POSTIMI I PLOT\u00cb I BERISH\u00cbS<\/span><\/strong><\/p>\n<p><span style=\"color: #000000;\">Dumani i qelis\u00eb mbron Dumanin e Partis\u00eb!<\/span><\/p>\n<p><span style=\"color: #000000;\">Miq, dje denoncova n\u00eb parlament Taulant Bego Yaris si Dumani politik i Band\u00ebs s\u00eb Elbasanit, i cili ka me kapot dhe an\u00ebtar\u00ebt e k\u00ebsaj bande t\u00eb qeveris\u00eb qindra telefonata, t\u00eb cilat faktojn\u00eb se ai \u00ebsht\u00eb an\u00ebtar kryesor politik i saj.<\/span><\/p>\n<p><span style=\"color: #000000;\">P\u00ebrve\u00e7 k\u00ebsaj akuzova Taulant Bego Yaris se ai s\u00eb bashku me Gaz Bardhin jan\u00eb p\u00ebrgjegj\u00ebs kryesor politik t\u00eb vrasjes se Dr. Pjerin Xhuvanit dhe plagosjes s\u00eb kat\u00ebr njer\u00ebzve n\u00eb Elbasan.<\/span><\/p>\n<p><span style=\"color: #000000;\">Natyrisht dje un\u00eb nuk thash\u00eb asgj\u00eb t\u00eb re, por vet\u00ebm ato q\u00eb dihen nga t\u00eb gjith\u00eb.<\/span><\/p>\n<p><span style=\"color: #000000;\">Mir\u00ebpo interesant \u00ebsht\u00eb fakti se n\u00eb mbrojtje t\u00eb Dumanit t\u00eb Parlamentit brofi Skapi i partis\u00eb t\u00eb dal\u00eb i pari duke p\u00ebrdorur p\u00ebr k\u00ebt\u00eb Dumanin e penduar t\u00eb drejt\u00ebsis\u00eb. Sipas rrjedhjes selektive nga SPAKU i partis\u00eb t\u00eb d\u00ebshmive t\u00eb Dumanit t\u00eb penduar, Ball\u00ebn e shp\u00ebtoi ai p\u00ebr akuz\u00ebn e padrejt\u00eb q\u00eb nj\u00eb pjes\u00eb e band\u00ebs i b\u00ebnte Tauland Bego Yaris sikur ky i fundit kishte ideuar vendosjen n\u00eb garazhin e Manhasve t\u00eb arm\u00ebs me t\u00eb cil\u00ebn ishte vrare nj\u00eb an\u00ebtar i band\u00ebs.<\/span><\/p>\n<p><span style=\"color: #000000;\">Taulant Bego Yaris e kishte b\u00ebr\u00eb k\u00ebt\u00eb p\u00ebr t\u00eb akuzuar Manhasat sikur ata ishin vras\u00ebsit e viktim\u00ebs dhe t\u00eb provokonte k\u00ebshtu hakmarrje ndaj tyre.<\/span><\/p>\n<p><span style=\"color: #000000;\">Por sipas Dumanit t\u00eb qelis\u00eb ai vras\u00ebsi serial i 12 njer\u00ebzve kishte nd\u00ebrhyr\u00eb dhe zbardhur faqen Dumanit t\u00eb Parlamentit. Por cili ishte shp\u00ebrblimi q\u00eb Dumani i qelis\u00eb mori nga Dumani i Partis\u00eb p\u00ebr sh\u00ebrbimin q\u00eb b\u00ebri ajo nuk ka r\u00ebnd\u00ebsi!!<\/span><\/p>\n<p><span style=\"color: #000000;\">N\u00eb t\u00eb v\u00ebrtet\u00eb Dumani i qelis\u00eb me d\u00ebshmin\u00eb e tij vet\u00ebm sa provoi akuzat e mia dhe fundosi p\u00ebrfundimisht Dumanin e Partis\u00eb.<\/span><\/p>\n<p><span style=\"color: #000000;\">Kjo s\u00eb pari sepse d\u00ebshmia e Dumanit tregon qart\u00eb se deputetit Bego Yaris ishte aq i p\u00ebrzier me bandat sa q\u00eb ato nuk ngurronin ta akuzonin p\u00ebr skenar\u00eb e kurthe kriminale mafioze.<\/span><\/p>\n<p><span style=\"color: #000000;\">Sipas Dumanit, Taulant Bego Yaris ishte nj\u00eb me bandat dhe operacionet e tyre kriminale. N\u00eb k\u00ebt\u00eb rast Manhas\u00ebt nuk akuzuan Don Lal\u00ebn, por Taulant Bego Yaris p\u00ebr vendosjen e arm\u00ebs s\u00eb krimit n\u00eb garazhin e tyre.<\/span><\/p>\n<p><span style=\"color: #000000;\">S\u00eb dyti, un\u00eb dje nuk e akuzova Bego Yarisin se ka ideuar vendosjen e arm\u00ebs s\u00eb krimit n\u00eb garazhin e Manhasve, por e akuzova se ka qindra telefonata me an\u00ebtar\u00ebt dhe bos\u00ebt e bandave t\u00eb Elbasanit dhe se \u00ebsht\u00eb direkt i implikuar politikisht n\u00ebvrasjen e Dr. Xhuvanit.<\/span><\/p>\n<p><span style=\"color: #000000;\">Fakti q\u00eb pohon Dumani i qelis\u00eb me t\u00eb cilin zgjodhi t\u00eb mbrohet Dumani i Partis\u00eb vet\u00ebm sa provon m\u00eb shum\u00eb lidhjet e Bego Yarisit me band\u00ebn e cila kishte at\u00eb nj\u00eb an\u00ebtar t\u00eb vetin. E v\u00ebrteta \u00ebsht\u00eb se Dr Xhuvani u vra n\u00eb p\u00ebrplasje me arm\u00eb t\u00eb band\u00ebs elektorale t\u00eb Taulant Bego Yaris me kund\u00ebrshtar\u00ebt politik q\u00eb mb\u00ebshtesnin\u00a0 PD.<\/span><\/p>\n<p><span style=\"color: #000000;\">P\u00ebrve\u00e7 k\u00ebtyre gjuha shkon aty ku dhemb dhembi!<\/span><\/p>\n<p><span style=\"color: #000000;\">Dje Dumanit t\u00eb parlamentit p\u00ebrve\u00e7 Dumanit t\u00eb qelis\u00eb i doli zot edhe Gaz Bardhi bashk\u00ebp\u00ebrgjegj\u00ebs n\u00eb p\u00ebrgjakjen e Elbasanit ku mbeti i vrar\u00eb Dr. Xhuvani dhe t\u00eb plagosur 4 t\u00eb tjer\u00eb.<\/span><\/p>\n<p><span style=\"color: #000000;\">Edhe reagimi i Bardhit ishte si klithma e atij q\u00eb b\u00ebrtet mos kujtoni se jemi ne p\u00ebrgjegj\u00ebs p\u00ebr gjakun e derdhur n\u00eb Elbasan. Ky \u00ebsht\u00eb vet\u00ebm fillim m\u00eb shum\u00eb do t\u00eb d\u00ebgjoni!<\/span><\/p>\n","protected":false,"gt_translate_keys":[{"key":"rendered","format":"html"}]},"excerpt":{"rendered":"<p>Kryetari i Partis\u00eb Demokratike, Sali Berisha ka p\u00ebrs\u00ebritur akuzat e tij se Nuredin Dumani po mbron Taulant Ball\u00ebn. Berisha akuzon SPAK-un se i doli n\u00eb mbrojtje dje kreut t\u00eb grupit parlamentar t\u00eb PS-s\u00eb Taulant Balla, pas akuzave q\u00eb ai i drejtoi n\u00eb seanc\u00ebn parlamentare dhe t\u00eb cilin e quan \u201cDumani i parlamentit\u201d. \u201cMir\u00ebpo interesant \u00ebsht\u00eb [&hellip;]<\/p>\n","protected":false,"gt_translate_keys":[{"key":"rendered","format":"html"}]},"author":30,"featured_media":523729,"comment_status":"closed","ping_status":"closed","sticky":false,"template":"","format":"standard","meta":{"footnotes":""},"categories":[65,13],"tags":[],"class_list":["post-527092","post","type-post","status-publish","format-standard","has-post-thumbnail","hentry","category-lajme","category-te-fundit"],"gt_translate_keys":[{"key":"link","format":"url"}],"_links":{"self":[{"href":"https:\/\/www.hashtag.al\/index.php\/wp-json\/wp\/v2\/posts\/527092","targetHints":{"allow":["GET"]}}],"collection":[{"href":"https:\/\/www.hashtag.al\/index.php\/wp-json\/wp\/v2\/posts"}],"about":[{"href":"https:\/\/www.hashtag.al\/index.php\/wp-json\/wp\/v2\/types\/post"}],"author":[{"embeddable":true,"href":"https:\/\/www.hashtag.al\/index.php\/wp-json\/wp\/v2\/users\/30"}],"replies":[{"embeddable":true,"href":"https:\/\/www.hashtag.al\/index.php\/wp-json\/wp\/v2\/comments?post=527092"}],"version-history":[{"count":0,"href":"https:\/\/www.hashtag.al\/index.php\/wp-json\/wp\/v2\/posts\/527092\/revisions"}],"wp:featuredmedia":[{"embeddable":true,"href":"https:\/\/www.hashtag.al\/index.php\/wp-json\/wp\/v2\/media\/523729"}],"wp:attachment":[{"href":"https:\/\/www.hashtag.al\/index.php\/wp-json\/wp\/v2\/media?parent=527092"}],"wp:term":[{"taxonomy":"category","embeddable":true,"href":"https:\/\/www.hashtag.al\/index.php\/wp-json\/wp\/v2\/categories?post=527092"},{"taxonomy":"post_tag","embeddable":true,"href":"https:\/\/www.hashtag.al\/index.php\/wp-json\/wp\/v2\/tags?post=527092"}],"curies":[{"name":"wp","href":"https:\/\/api.w.org\/{rel}","templated":true}]}}