{"id":526959,"date":"2022-05-30T20:24:12","date_gmt":"2022-05-30T18:24:12","guid":{"rendered":"https:\/\/www.hashtag.al\/?p=526959"},"modified":"2022-05-30T20:24:12","modified_gmt":"2022-05-30T18:24:12","slug":"europoli-i-shqetesuar-per-fatin-e-armeve-perendimore-ne-ukraine","status":"publish","type":"post","link":"https:\/\/www.hashtag.al\/index.php\/2022\/05\/30\/europoli-i-shqetesuar-per-fatin-e-armeve-perendimore-ne-ukraine\/","title":{"rendered":"Europoli i shqet\u00ebsuar p\u00ebr fatin e arm\u00ebve per\u00ebndimore n\u00eb Ukrain\u00eb","gt_translate_keys":[{"key":"rendered","format":"text"}]},"content":{"rendered":"<p style=\"text-align: justify;\"><span style=\"color: #000000;\"><img loading=\"lazy\" decoding=\"async\" class=\"aligncenter size-full wp-image-526960\" src=\"https:\/\/www.hashtag.al\/wp-content\/uploads\/2022\/05\/arme-1.jpg\" alt=\"\" width=\"768\" height=\"432\" srcset=\"https:\/\/www.hashtag.al\/wp-content\/uploads\/2022\/05\/arme-1.jpg 768w, https:\/\/www.hashtag.al\/wp-content\/uploads\/2022\/05\/arme-1-300x169.jpg 300w\" sizes=\"auto, (max-width: 768px) 100vw, 768px\" \/><\/span><\/p>\n<p style=\"text-align: justify;\"><span style=\"color: #000000;\">Kreu i Europolit, Catherine De Bolle, ka paralajm\u00ebruar se arm\u00ebt q\u00eb po d\u00ebrgohen aktualisht n\u00eb Ukrain\u00eb mund t\u00eb p\u00ebrfundojn\u00eb n\u00eb duart e kriminel\u00ebve q\u00eb veprojn\u00eb n\u00eb kontinent.<\/span><\/p>\n<p style=\"text-align: justify;\"><span style=\"color: #000000;\">N\u00eb intervist\u00ebn e saj p\u00ebr gazet\u00ebn gjermane Welt am Sonntag t\u00eb botuar t\u00eb shtun\u00ebn, De Bolle tha se nj\u00eb nga gj\u00ebrat q\u00eb shqet\u00ebsonin organizat\u00ebn e saj ishte &#8220;vendndodhja e arm\u00ebve q\u00eb aktualisht po i dor\u00ebzohen Ukrain\u00ebs&#8221;.<\/span><\/p>\n<p style=\"text-align: justify;\"><span style=\"color: #000000;\">Ajo shpjegoi se kur t\u00eb p\u00ebrfundoj\u00eb konflikti, Europol d\u00ebshiron t\u00eb &#8220;parandaloj\u00eb nj\u00eb situat\u00eb t\u00eb ngjashme me at\u00eb t\u00eb 30 viteve m\u00eb par\u00eb n\u00eb luft\u00ebn ballkanike&#8221;.<\/span><\/p>\n<p style=\"text-align: justify;\"><span style=\"color: #000000;\">\u201cArm\u00ebt e asaj lufte ende p\u00ebrdoren nga grupet kriminale sot,\u201d tha ajo.<\/span><\/p>\n<p style=\"text-align: justify;\"><span style=\"color: #000000;\">De Bolle vuri n\u00eb dukje se nj\u00eb nga prioritetet kryesore t\u00eb Europol-it tani ishte &#8220;<em>gjetja e nj\u00eb m\u00ebnyre n\u00eb t\u00eb cil\u00ebn do t\u00eb merremi me situat\u00ebn pas nj\u00eb p\u00ebrfundimi t\u00eb mundsh\u00ebm t\u00eb luft\u00ebs<\/em>&#8220;.<\/span><\/p>\n<p style=\"text-align: justify;\"><span style=\"color: #000000;\">Sipas saj, Europol \u201c<em>do t\u00eb mbledh\u00eb nj\u00eb task forc\u00eb nd\u00ebrkomb\u00ebtare q\u00eb do t\u00eb trajtoj\u00eb k\u00ebt\u00eb \u00e7\u00ebshtje<\/em>\u201d.<\/span><\/p>\n<p style=\"text-align: justify;\"><span style=\"color: #000000;\">Zyrtari pranoi se Evropa aktualisht po sheh nj\u00eb nivel t\u00eb paprecedent\u00eb t\u00eb dhun\u00ebs n\u00eb rrug\u00eb, t\u00eb ngjashme me situat\u00ebn e par\u00eb deri m\u00eb tani vet\u00ebm n\u00eb vendet e Amerik\u00ebs Latine. De Bolle tha gjithashtu se korrupsioni n\u00eb BE \u00ebsht\u00eb n\u00eb nj\u00eb &#8220;shkall\u00eb m\u00eb t\u00eb madhe se sa kishim supozuar&#8221;. M\u00eb shum\u00eb se gjysma e organizatave kriminale q\u00eb Europol po v\u00ebzhgon p\u00ebrdorin sh\u00ebrbimet e zyrtar\u00ebve t\u00eb korruptuar n\u00eb nj\u00eb m\u00ebnyr\u00eb ose n\u00eb nj\u00eb tjet\u00ebr p\u00ebr t\u00eb leht\u00ebsuar biznesin e tyre t\u00eb paligjsh\u00ebm, zbuloi shefi i agjencis\u00eb.<\/span><\/p>\n<p style=\"text-align: justify;\"><span style=\"color: #000000;\">Sa i p\u00ebrket konfliktit t\u00eb vazhduesh\u00ebm n\u00eb Ukrain\u00eb, nj\u00eb tjet\u00ebr fush\u00eb e madhe shqet\u00ebsimi p\u00ebr Europolin, p\u00ebrve\u00e7 arm\u00ebve, \u00ebsht\u00eb udh\u00ebtimi i &#8220;<em>terrorist\u00ebve t\u00eb njohur dhe individ\u00ebve ekstremist\u00eb t\u00eb p\u00ebrgatitur p\u00ebr t\u00eb p\u00ebrdorur dhun\u00eb<\/em>&#8221; n\u00eb zon\u00ebn e luft\u00ebs, sipas De Bolle.<\/span><\/p>\n<p style=\"text-align: justify;\"><span style=\"color: #000000;\">Ajo tha se nd\u00ebrsa \u201cQendra Kund\u00ebr Terrorizmit e Europol po monitoron fenomenin nga shum\u00eb af\u00ebr\u201d, situata \u00ebsht\u00eb \u201cshum\u00eb dinamike dhe e fragmentuar\u201d.<\/span><\/p>\n<p style=\"text-align: justify;\"><span style=\"color: #000000;\">Agjencia e zbatimit t\u00eb ligjit t\u00eb BE-s\u00eb deri m\u00eb tani nuk ka qen\u00eb n\u00eb gjendje t\u00eb p\u00ebrcaktoj\u00eb numrin total t\u00eb njer\u00ebzve t\u00eb till\u00eb pasi vende t\u00eb ve\u00e7anta evropiane po i ofrojn\u00eb Europolit t\u00eb dh\u00ebna t\u00eb ndryshme, pranoi De Bolle.<\/span><\/p>\n<p style=\"text-align: justify;\"><span style=\"color: #000000;\">Sipas vler\u00ebsimit t\u00eb zyrtarit, njer\u00ebzit q\u00eb do t\u00eb luftojn\u00eb n\u00eb Ukrain\u00eb &#8220;nuk p\u00ebrfaq\u00ebsojn\u00eb nj\u00eb grup homogjen&#8221;, por i p\u00ebrmbahen ideologjive t\u00eb ndryshme. Ajo gjithashtu vuri n\u00eb dukje se Europoli po sheh disa nga k\u00ebta luft\u00ebtar\u00eb t\u00eb kthehen n\u00eb vendet e tyre &#8220;t\u00eb zhg\u00ebnjyer&#8221;, duke par\u00eb nga af\u00ebr &#8220;brutalitetin e luft\u00ebs&#8221;.<\/span><\/p>\n","protected":false,"gt_translate_keys":[{"key":"rendered","format":"html"}]},"excerpt":{"rendered":"<p>Kreu i Europolit, Catherine De Bolle, ka paralajm\u00ebruar se arm\u00ebt q\u00eb po d\u00ebrgohen aktualisht n\u00eb Ukrain\u00eb mund t\u00eb p\u00ebrfundojn\u00eb n\u00eb duart e kriminel\u00ebve q\u00eb veprojn\u00eb n\u00eb kontinent. N\u00eb intervist\u00ebn e saj p\u00ebr gazet\u00ebn gjermane Welt am Sonntag t\u00eb botuar t\u00eb shtun\u00ebn, De Bolle tha se nj\u00eb nga gj\u00ebrat q\u00eb shqet\u00ebsonin organizat\u00ebn e saj ishte &#8220;vendndodhja [&hellip;]<\/p>\n","protected":false,"gt_translate_keys":[{"key":"rendered","format":"html"}]},"author":32,"featured_media":526960,"comment_status":"closed","ping_status":"closed","sticky":false,"template":"","format":"standard","meta":{"footnotes":""},"categories":[6,13],"tags":[],"class_list":["post-526959","post","type-post","status-publish","format-standard","has-post-thumbnail","hentry","category-nderkombetare","category-te-fundit"],"gt_translate_keys":[{"key":"link","format":"url"}],"_links":{"self":[{"href":"https:\/\/www.hashtag.al\/index.php\/wp-json\/wp\/v2\/posts\/526959","targetHints":{"allow":["GET"]}}],"collection":[{"href":"https:\/\/www.hashtag.al\/index.php\/wp-json\/wp\/v2\/posts"}],"about":[{"href":"https:\/\/www.hashtag.al\/index.php\/wp-json\/wp\/v2\/types\/post"}],"author":[{"embeddable":true,"href":"https:\/\/www.hashtag.al\/index.php\/wp-json\/wp\/v2\/users\/32"}],"replies":[{"embeddable":true,"href":"https:\/\/www.hashtag.al\/index.php\/wp-json\/wp\/v2\/comments?post=526959"}],"version-history":[{"count":0,"href":"https:\/\/www.hashtag.al\/index.php\/wp-json\/wp\/v2\/posts\/526959\/revisions"}],"wp:featuredmedia":[{"embeddable":true,"href":"https:\/\/www.hashtag.al\/index.php\/wp-json\/wp\/v2\/media\/526960"}],"wp:attachment":[{"href":"https:\/\/www.hashtag.al\/index.php\/wp-json\/wp\/v2\/media?parent=526959"}],"wp:term":[{"taxonomy":"category","embeddable":true,"href":"https:\/\/www.hashtag.al\/index.php\/wp-json\/wp\/v2\/categories?post=526959"},{"taxonomy":"post_tag","embeddable":true,"href":"https:\/\/www.hashtag.al\/index.php\/wp-json\/wp\/v2\/tags?post=526959"}],"curies":[{"name":"wp","href":"https:\/\/api.w.org\/{rel}","templated":true}]}}