{"id":526730,"date":"2022-05-29T19:32:25","date_gmt":"2022-05-29T17:32:25","guid":{"rendered":"https:\/\/www.hashtag.al\/?p=526730"},"modified":"2022-05-29T19:32:25","modified_gmt":"2022-05-29T17:32:25","slug":"polonia-i-kerkon-be-se-parate-e-premtuara-per-refugjatet-ukrainas","status":"publish","type":"post","link":"https:\/\/www.hashtag.al\/index.php\/2022\/05\/29\/polonia-i-kerkon-be-se-parate-e-premtuara-per-refugjatet-ukrainas\/","title":{"rendered":"Polonia i k\u00ebrkon BE-s\u00eb parat\u00eb e premtuara p\u00ebr refugjat\u00ebt ukrainas","gt_translate_keys":[{"key":"rendered","format":"text"}]},"content":{"rendered":"<p><span style=\"color: #000000;\"><img loading=\"lazy\" decoding=\"async\" class=\"aligncenter size-full wp-image-526731\" src=\"https:\/\/www.hashtag.al\/wp-content\/uploads\/2022\/05\/refugjateukraine.jpg\" alt=\"\" width=\"768\" height=\"432\" srcset=\"https:\/\/www.hashtag.al\/wp-content\/uploads\/2022\/05\/refugjateukraine.jpg 768w, https:\/\/www.hashtag.al\/wp-content\/uploads\/2022\/05\/refugjateukraine-300x169.jpg 300w\" sizes=\"auto, (max-width: 768px) 100vw, 768px\" \/><\/span><\/p>\n<p><span style=\"color: #000000;\">Polonia thuhet se nuk ka marr\u00eb asnj\u00eb nga parat\u00eb e premtuara nga BE-ja p\u00ebr t\u00eb ndihmuar n\u00eb p\u00ebrballimin e kostove t\u00eb pritjes s\u00eb m\u00eb shum\u00eb se 3 milion\u00eb refugjat\u00ebve ukrainas, madje edhe fondet q\u00eb jan\u00eb zotuar jan\u00eb t\u00eb vogla n\u00eb krahasim me grupin e madh t\u00eb njer\u00ebzve q\u00eb ikin nga ish-republika sovjetike.<\/span><\/p>\n<p><span style=\"color: #000000;\">Asnj\u00eb nga 144.6 milion\u00eb euro q\u00eb Komisioni Evropian ofroi p\u00ebr t\u00eb ndihmuar Varshav\u00ebn p\u00ebr t\u00eb kap\u00ebrcyer kriz\u00ebn Rusi-Ukrain\u00eb nuk \u00ebsht\u00eb transferuar, tha z\u00ebvend\u00ebsministri i Brendsh\u00ebm polak Pawel Szefernaker p\u00ebr agjencin\u00eb e shtypit polak n\u00eb nj\u00eb shkrim t\u00eb botuar t\u00eb shtun\u00ebn. <\/span><\/p>\n<p><span style=\"color: #000000;\">Duke pasur parasysh se Polonia do t\u00eb p\u00ebrballoj\u00eb miliarda euro n\u00eb kosto si destinacioni kryesor p\u00ebr refugjat\u00ebt ukrainas, mb\u00ebshtetja e BE-s\u00eb q\u00eb \u00ebsht\u00eb premtuar deri m\u00eb tani nuk \u00ebsht\u00eb e mjaftueshme, tha ai.<\/span><\/p>\n<p><span style=\"color: #000000;\">M\u00eb shum\u00eb se 3.5 milion\u00eb ukrainas q\u00eb ikin nga luftimet n\u00eb vendin e tyre kan\u00eb kaluar n\u00eb Polonin\u00eb fqinje q\u00eb kur Rusia filloi ofensiv\u00ebn e saj ushtarake kund\u00ebr Kievit tre muaj m\u00eb par\u00eb, sipas nj\u00eb vler\u00ebsimi t\u00eb Kombeve t\u00eb Bashkuara. Disa nga ata refugjat\u00eb kan\u00eb vazhduar n\u00eb vende t\u00eb tjera.<\/span><\/p>\n<p><span style=\"color: #000000;\">BE planifikon t\u00eb shfryt\u00ebzoj\u00eb fondet e pap\u00ebrdorura p\u00ebr Polonin\u00eb nga buxhetet e kaluara dhe nga nj\u00eb program i rim\u00ebk\u00ebmbjes Covid-19 p\u00ebr t\u00eb paguar ndihm\u00ebn p\u00ebr refugjat\u00ebt, tha Agjencia Polake e Shtypit. Z\u00ebdh\u00ebn\u00ebsja e Komisionit Evropian Anittaa Hipper tha p\u00ebr median se marr\u00ebveshjet e subvencionimit me Polonin\u00eb duhet s\u00eb pari t\u00eb zgjidhen. Edhe n\u00ebse dhe kur ato para arrijn\u00eb, ato nuk do t\u00eb plot\u00ebsojn\u00eb nevoj\u00ebn financiare t\u00eb Varshav\u00ebs.<\/span><\/p>\n<p><span style=\"color: #000000;\"><em>\u201cMasat e referuara nga Komisioni Evropian nuk jan\u00eb masa shtes\u00eb.\u201d<\/em> &#8211; tha Szefernaker, z\u00ebvend\u00ebsministri i Brendsh\u00ebm.<\/span><\/p>\n<p><span style=\"color: #000000;\">\u00a0\u201cK\u00ebto jan\u00eb burime t\u00eb zhvendosura nga fonde t\u00eb tjera t\u00eb ndryshme q\u00eb ishin tashm\u00eb n\u00eb buxhetin e Bashkimit Evropian. Ai shtoi se zhvendosja e fondeve t\u00eb tilla do ta detyroj\u00eb Polonin\u00eb t\u00eb braktis\u00eb projektet e tjera dhe nuk do t\u00eb jet\u00eb aspak e mjaftueshme p\u00ebr t\u00eb p\u00ebrballuar shpenzimet e refugjat\u00ebve.<\/span><\/p>\n<p><span style=\"color: #000000;\">Qeveria e Polonis\u00eb u ka dh\u00ebn\u00eb refugjat\u00ebve ukrainas kujdes sh\u00ebndet\u00ebsor, arsim dhe sh\u00ebrbime t\u00eb tjera falas. Rreth 80% thuhet se jan\u00eb vendosur n\u00eb sht\u00ebpit\u00eb private t\u00eb qytetar\u00ebve polak\u00eb.<\/span><\/p>\n","protected":false,"gt_translate_keys":[{"key":"rendered","format":"html"}]},"excerpt":{"rendered":"<p>Polonia thuhet se nuk ka marr\u00eb asnj\u00eb nga parat\u00eb e premtuara nga BE-ja p\u00ebr t\u00eb ndihmuar n\u00eb p\u00ebrballimin e kostove t\u00eb pritjes s\u00eb m\u00eb shum\u00eb se 3 milion\u00eb refugjat\u00ebve ukrainas, madje edhe fondet q\u00eb jan\u00eb zotuar jan\u00eb t\u00eb vogla n\u00eb krahasim me grupin e madh t\u00eb njer\u00ebzve q\u00eb ikin nga ish-republika sovjetike. Asnj\u00eb nga 144.6 [&hellip;]<\/p>\n","protected":false,"gt_translate_keys":[{"key":"rendered","format":"html"}]},"author":51,"featured_media":526731,"comment_status":"closed","ping_status":"closed","sticky":false,"template":"","format":"standard","meta":{"footnotes":""},"categories":[53],"tags":[],"class_list":["post-526730","post","type-post","status-publish","format-standard","has-post-thumbnail","hentry","category-fast-foodi"],"gt_translate_keys":[{"key":"link","format":"url"}],"_links":{"self":[{"href":"https:\/\/www.hashtag.al\/index.php\/wp-json\/wp\/v2\/posts\/526730","targetHints":{"allow":["GET"]}}],"collection":[{"href":"https:\/\/www.hashtag.al\/index.php\/wp-json\/wp\/v2\/posts"}],"about":[{"href":"https:\/\/www.hashtag.al\/index.php\/wp-json\/wp\/v2\/types\/post"}],"author":[{"embeddable":true,"href":"https:\/\/www.hashtag.al\/index.php\/wp-json\/wp\/v2\/users\/51"}],"replies":[{"embeddable":true,"href":"https:\/\/www.hashtag.al\/index.php\/wp-json\/wp\/v2\/comments?post=526730"}],"version-history":[{"count":0,"href":"https:\/\/www.hashtag.al\/index.php\/wp-json\/wp\/v2\/posts\/526730\/revisions"}],"wp:featuredmedia":[{"embeddable":true,"href":"https:\/\/www.hashtag.al\/index.php\/wp-json\/wp\/v2\/media\/526731"}],"wp:attachment":[{"href":"https:\/\/www.hashtag.al\/index.php\/wp-json\/wp\/v2\/media?parent=526730"}],"wp:term":[{"taxonomy":"category","embeddable":true,"href":"https:\/\/www.hashtag.al\/index.php\/wp-json\/wp\/v2\/categories?post=526730"},{"taxonomy":"post_tag","embeddable":true,"href":"https:\/\/www.hashtag.al\/index.php\/wp-json\/wp\/v2\/tags?post=526730"}],"curies":[{"name":"wp","href":"https:\/\/api.w.org\/{rel}","templated":true}]}}