{"id":526657,"date":"2022-05-29T13:40:59","date_gmt":"2022-05-29T11:40:59","guid":{"rendered":"https:\/\/www.hashtag.al\/?p=526657"},"modified":"2022-05-29T13:40:59","modified_gmt":"2022-05-29T11:40:59","slug":"agron-gjekmarkaj-ironizon-zgjedhjet-per-kryesine-e-pd-se-ngushellime-atyre-qe-sia-dolen-te-bejne-gajret-se-doktori-i-ka-ne-zemer","status":"publish","type":"post","link":"https:\/\/www.hashtag.al\/index.php\/2022\/05\/29\/agron-gjekmarkaj-ironizon-zgjedhjet-per-kryesine-e-pd-se-ngushellime-atyre-qe-sia-dolen-te-bejne-gajret-se-doktori-i-ka-ne-zemer\/","title":{"rendered":"Agron Gjekmarkaj ironizon zgjedhjet p\u00ebr Kryesin\u00eb e PD-s\u00eb: Ngush\u00ebllime atyre q\u00eb s\u2019ia dol\u00ebn, t\u00eb b\u00ebjn\u00eb gajret se Doktori i ka n\u00eb zem\u00ebr","gt_translate_keys":[{"key":"rendered","format":"text"}]},"content":{"rendered":"<p><span style=\"color: #000000;\"><a href=\"https:\/\/www.hashtag.al\/wp-content\/uploads\/2021\/05\/gjekmarkaj.jpg\"><img loading=\"lazy\" decoding=\"async\" class=\"aligncenter size-full wp-image-452961\" src=\"https:\/\/www.hashtag.al\/wp-content\/uploads\/2021\/05\/gjekmarkaj.jpg\" alt=\"\" width=\"1280\" height=\"853\" srcset=\"https:\/\/www.hashtag.al\/wp-content\/uploads\/2021\/05\/gjekmarkaj.jpg 1280w, https:\/\/www.hashtag.al\/wp-content\/uploads\/2021\/05\/gjekmarkaj-300x200.jpg 300w, https:\/\/www.hashtag.al\/wp-content\/uploads\/2021\/05\/gjekmarkaj-768x512.jpg 768w, https:\/\/www.hashtag.al\/wp-content\/uploads\/2021\/05\/gjekmarkaj-1024x682.jpg 1024w\" sizes=\"auto, (max-width: 1280px) 100vw, 1280px\" \/><\/a><br \/>\n<\/span><\/p>\n<p><span style=\"color: #000000;\">Deputeti i PD-s\u00eb Agron Gjekmarkaj ka komentuar zgjedhjet e zhvilluara dit\u00ebn e djeshme nga Komisioni i Rithemelimit p\u00ebr p\u00ebrzgjedhjen e an\u00ebtar\u00ebve t\u00eb Kryesis\u00eb s\u00eb k\u00ebsaj partie politike.<\/span><\/p>\n<p><span style=\"color: #000000;\">Gjekmarkaj iu shpreh me ironi \u201cngush\u00ebllime\u201d atyre q\u00eb sipas tij, besuan te \u201cvota e lir\u00eb\u201d n\u00ebn udh\u00ebheqjen e Sali Berish\u00ebs dhe nuk ia dol\u00ebn t\u00eb zgjidhen.<\/span><\/p>\n<p><span style=\"color: #000000;\"><em>\u201cNgush\u00ebllime p\u00ebr t\u00eb gjith\u00eb ata q\u00eb besuan tek \u2018vota e lir\u00eb\u2019 n\u00ebn udh\u00ebheqjen e Doktorit dhe nuk ia dol\u00ebn t\u00eb zgjidhen n\u00eb kryesin\u00eb e Foltores! T\u00eb b\u00ebjn\u00eb gajret se Doktori i ka n\u00eb zem\u00ebr edhe pse nuk i futi aty. \u2019Vota e lir\u00eb\u2019 do p\u00ebrsoset edhe m\u00eb e uruara. Ajo do t\u00eb \u2018rithemelohet\u2019!\u201d-<\/em> shkruan Gjekmarkaj n\u00eb nj\u00eb postim n\u00eb Twitter.<\/span><\/p>\n<p><span style=\"color: #000000;\">K\u00ebshilli Komb\u00ebtar i Partis\u00eb Demokratike riktheu dje n\u00eb Kryesi, pas shum\u00eb vitesh, ish-n\u00ebnkryetaren e partis\u00eb, Jozefina Topalli.<\/span><\/p>\n<p><span style=\"color: #000000;\">Por, teksa Topalli u pranua nga K\u00ebshilli, nuk mund t\u00eb thuhet e nj\u00ebjta gj\u00eb p\u00ebr Arben Imamin i cili nuk u fut dot n\u00eb Kryesi.<\/span><\/p>\n<p><a href=\"https:\/\/www.hashtag.al\/wp-content\/uploads\/2022\/05\/WhatsApp-Image-2022-05-28-at-8.12.47-PM.jpeg\"><img loading=\"lazy\" decoding=\"async\" class=\"aligncenter size-full wp-image-526658\" src=\"https:\/\/www.hashtag.al\/wp-content\/uploads\/2022\/05\/WhatsApp-Image-2022-05-28-at-8.12.47-PM.jpeg\" alt=\"\" width=\"1280\" height=\"1118\" srcset=\"https:\/\/www.hashtag.al\/wp-content\/uploads\/2022\/05\/WhatsApp-Image-2022-05-28-at-8.12.47-PM.jpeg 1280w, https:\/\/www.hashtag.al\/wp-content\/uploads\/2022\/05\/WhatsApp-Image-2022-05-28-at-8.12.47-PM-300x262.jpeg 300w, https:\/\/www.hashtag.al\/wp-content\/uploads\/2022\/05\/WhatsApp-Image-2022-05-28-at-8.12.47-PM-1024x894.jpeg 1024w, https:\/\/www.hashtag.al\/wp-content\/uploads\/2022\/05\/WhatsApp-Image-2022-05-28-at-8.12.47-PM-768x671.jpeg 768w\" sizes=\"auto, (max-width: 1280px) 100vw, 1280px\" \/><\/a><\/p>\n","protected":false,"gt_translate_keys":[{"key":"rendered","format":"html"}]},"excerpt":{"rendered":"<p>Deputeti i PD-s\u00eb Agron Gjekmarkaj ka komentuar zgjedhjet e zhvilluara dit\u00ebn e djeshme nga Komisioni i Rithemelimit p\u00ebr p\u00ebrzgjedhjen e an\u00ebtar\u00ebve t\u00eb Kryesis\u00eb s\u00eb k\u00ebsaj partie politike. Gjekmarkaj iu shpreh me ironi \u201cngush\u00ebllime\u201d atyre q\u00eb sipas tij, besuan te \u201cvota e lir\u00eb\u201d n\u00ebn udh\u00ebheqjen e Sali Berish\u00ebs dhe nuk ia dol\u00ebn t\u00eb zgjidhen. \u201cNgush\u00ebllime p\u00ebr [&hellip;]<\/p>\n","protected":false,"gt_translate_keys":[{"key":"rendered","format":"html"}]},"author":30,"featured_media":475817,"comment_status":"closed","ping_status":"closed","sticky":false,"template":"","format":"standard","meta":{"footnotes":""},"categories":[65,13],"tags":[],"class_list":["post-526657","post","type-post","status-publish","format-standard","has-post-thumbnail","hentry","category-lajme","category-te-fundit"],"gt_translate_keys":[{"key":"link","format":"url"}],"_links":{"self":[{"href":"https:\/\/www.hashtag.al\/index.php\/wp-json\/wp\/v2\/posts\/526657","targetHints":{"allow":["GET"]}}],"collection":[{"href":"https:\/\/www.hashtag.al\/index.php\/wp-json\/wp\/v2\/posts"}],"about":[{"href":"https:\/\/www.hashtag.al\/index.php\/wp-json\/wp\/v2\/types\/post"}],"author":[{"embeddable":true,"href":"https:\/\/www.hashtag.al\/index.php\/wp-json\/wp\/v2\/users\/30"}],"replies":[{"embeddable":true,"href":"https:\/\/www.hashtag.al\/index.php\/wp-json\/wp\/v2\/comments?post=526657"}],"version-history":[{"count":0,"href":"https:\/\/www.hashtag.al\/index.php\/wp-json\/wp\/v2\/posts\/526657\/revisions"}],"wp:featuredmedia":[{"embeddable":true,"href":"https:\/\/www.hashtag.al\/index.php\/wp-json\/wp\/v2\/media\/475817"}],"wp:attachment":[{"href":"https:\/\/www.hashtag.al\/index.php\/wp-json\/wp\/v2\/media?parent=526657"}],"wp:term":[{"taxonomy":"category","embeddable":true,"href":"https:\/\/www.hashtag.al\/index.php\/wp-json\/wp\/v2\/categories?post=526657"},{"taxonomy":"post_tag","embeddable":true,"href":"https:\/\/www.hashtag.al\/index.php\/wp-json\/wp\/v2\/tags?post=526657"}],"curies":[{"name":"wp","href":"https:\/\/api.w.org\/{rel}","templated":true}]}}