{"id":526430,"date":"2022-05-28T09:48:12","date_gmt":"2022-05-28T07:48:12","guid":{"rendered":"https:\/\/www.hashtag.al\/?p=526430"},"modified":"2022-05-28T09:48:12","modified_gmt":"2022-05-28T07:48:12","slug":"cuci-e-svecla-presin-ne-prishtine-shtetasit-e-riatdhesuar-nga-siria","status":"publish","type":"post","link":"https:\/\/www.hashtag.al\/index.php\/2022\/05\/28\/cuci-e-svecla-presin-ne-prishtine-shtetasit-e-riatdhesuar-nga-siria\/","title":{"rendered":"\u00c7u\u00e7i e Sve\u00e7la presin n\u00eb Prishtin\u00eb shtetasit e riatdhesuar nga Siria","gt_translate_keys":[{"key":"rendered","format":"text"}]},"content":{"rendered":"<p style=\"text-align: justify;\"><span style=\"color: #000000;\"><img loading=\"lazy\" decoding=\"async\" class=\"aligncenter size-full wp-image-526433\" src=\"https:\/\/www.hashtag.al\/wp-content\/uploads\/2022\/05\/WhatsApp-Image-2022-05-28-at-8.55.51-AM-1.jpeg\" alt=\"\" width=\"1280\" height=\"853\" srcset=\"https:\/\/www.hashtag.al\/wp-content\/uploads\/2022\/05\/WhatsApp-Image-2022-05-28-at-8.55.51-AM-1.jpeg 1280w, https:\/\/www.hashtag.al\/wp-content\/uploads\/2022\/05\/WhatsApp-Image-2022-05-28-at-8.55.51-AM-1-300x200.jpeg 300w, https:\/\/www.hashtag.al\/wp-content\/uploads\/2022\/05\/WhatsApp-Image-2022-05-28-at-8.55.51-AM-1-1024x682.jpeg 1024w, https:\/\/www.hashtag.al\/wp-content\/uploads\/2022\/05\/WhatsApp-Image-2022-05-28-at-8.55.51-AM-1-768x512.jpeg 768w\" sizes=\"auto, (max-width: 1280px) 100vw, 1280px\" \/>Operacioni p\u00ebr kthimin e shtetasve shqiptare t\u00eb riatdhesuar nga kampet e luft\u00ebs n\u00eb Siri \u00ebsht\u00eb zhvilluar n\u00eb bashk\u00ebpunim edhe me autoritetet e Kosov\u00ebs.<\/span><\/p>\n<p style=\"text-align: justify;\"><span style=\"color: #000000;\">4 gra dhe 9 f\u00ebmij\u00eb nd\u00ebrmjet mosh\u00ebs 6 e 16 vje\u00e7 nga Shqip\u00ebria mb\u00ebrrit\u00ebn n\u00eb aeroportin \u201cAdem Jashari\u201d t\u00eb Prishtin\u00ebs bashk\u00eb me shtetas t\u00eb tjer\u00eb nga Kosova q\u00eb u larguan nga kampet.<\/span><\/p>\n<p style=\"text-align: justify;\"><span style=\"color: #000000;\">Ata u prit\u00ebn nga ministri i Brendsh\u00ebm, Bledi \u00c7u\u00e7i bashk\u00eb me homologun e tij kosovar, Xhelal Sve\u00e7la, drejtuesit e policis\u00eb s\u00eb t\u00eb dy vendeve, Gledis Nano e Samedin Mehmeti, si dhe drejtoresha e Qendr\u00ebs CVE, Lejdi Dervishi.<\/span><\/p>\n<p style=\"text-align: justify;\"><span style=\"color: #000000;\">Operacioni i riatdhesimit t\u00eb shtetasve shqiptar\u00eb nga ish zonat e konfliktit n\u00eb Siri dhe Irak u krye n\u00eb kuad\u00ebr t\u00eb nj\u00eb bashk\u00ebpunimi dypal\u00ebsh Shqip\u00ebri-Kosov\u00eb dhe me mb\u00ebshtetjen e partner\u00ebve tan\u00eb t\u00eb vyer t\u00eb SHBA-ve n\u00ebp\u00ebrmjet edhe koordinimit me selit\u00eb e tyre diplomatike n\u00eb Prishtin\u00eb dhe Tiran\u00eb.<\/span><\/p>\n<p><img loading=\"lazy\" decoding=\"async\" class=\"aligncenter size-full wp-image-526431\" src=\"https:\/\/www.hashtag.al\/wp-content\/uploads\/2022\/05\/cuci-zvecla.jpeg\" alt=\"\" width=\"1280\" height=\"853\" srcset=\"https:\/\/www.hashtag.al\/wp-content\/uploads\/2022\/05\/cuci-zvecla.jpeg 1280w, https:\/\/www.hashtag.al\/wp-content\/uploads\/2022\/05\/cuci-zvecla-300x200.jpeg 300w, https:\/\/www.hashtag.al\/wp-content\/uploads\/2022\/05\/cuci-zvecla-1024x682.jpeg 1024w, https:\/\/www.hashtag.al\/wp-content\/uploads\/2022\/05\/cuci-zvecla-768x512.jpeg 768w\" sizes=\"auto, (max-width: 1280px) 100vw, 1280px\" \/><img loading=\"lazy\" decoding=\"async\" class=\"aligncenter size-full wp-image-526432\" src=\"https:\/\/www.hashtag.al\/wp-content\/uploads\/2022\/05\/riatdhesim.jpeg\" alt=\"\" width=\"1280\" height=\"853\" srcset=\"https:\/\/www.hashtag.al\/wp-content\/uploads\/2022\/05\/riatdhesim.jpeg 1280w, https:\/\/www.hashtag.al\/wp-content\/uploads\/2022\/05\/riatdhesim-300x200.jpeg 300w, https:\/\/www.hashtag.al\/wp-content\/uploads\/2022\/05\/riatdhesim-1024x682.jpeg 1024w, https:\/\/www.hashtag.al\/wp-content\/uploads\/2022\/05\/riatdhesim-768x512.jpeg 768w\" sizes=\"auto, (max-width: 1280px) 100vw, 1280px\" \/><\/p>\n","protected":false,"gt_translate_keys":[{"key":"rendered","format":"html"}]},"excerpt":{"rendered":"<p>Operacioni p\u00ebr kthimin e shtetasve shqiptare t\u00eb riatdhesuar nga kampet e luft\u00ebs n\u00eb Siri \u00ebsht\u00eb zhvilluar n\u00eb bashk\u00ebpunim edhe me autoritetet e Kosov\u00ebs. 4 gra dhe 9 f\u00ebmij\u00eb nd\u00ebrmjet mosh\u00ebs 6 e 16 vje\u00e7 nga Shqip\u00ebria mb\u00ebrrit\u00ebn n\u00eb aeroportin \u201cAdem Jashari\u201d t\u00eb Prishtin\u00ebs bashk\u00eb me shtetas t\u00eb tjer\u00eb nga Kosova q\u00eb u larguan nga kampet. [&hellip;]<\/p>\n","protected":false,"gt_translate_keys":[{"key":"rendered","format":"html"}]},"author":32,"featured_media":526433,"comment_status":"closed","ping_status":"closed","sticky":false,"template":"","format":"standard","meta":{"footnotes":""},"categories":[65,13],"tags":[],"class_list":["post-526430","post","type-post","status-publish","format-standard","has-post-thumbnail","hentry","category-lajme","category-te-fundit"],"gt_translate_keys":[{"key":"link","format":"url"}],"_links":{"self":[{"href":"https:\/\/www.hashtag.al\/index.php\/wp-json\/wp\/v2\/posts\/526430","targetHints":{"allow":["GET"]}}],"collection":[{"href":"https:\/\/www.hashtag.al\/index.php\/wp-json\/wp\/v2\/posts"}],"about":[{"href":"https:\/\/www.hashtag.al\/index.php\/wp-json\/wp\/v2\/types\/post"}],"author":[{"embeddable":true,"href":"https:\/\/www.hashtag.al\/index.php\/wp-json\/wp\/v2\/users\/32"}],"replies":[{"embeddable":true,"href":"https:\/\/www.hashtag.al\/index.php\/wp-json\/wp\/v2\/comments?post=526430"}],"version-history":[{"count":0,"href":"https:\/\/www.hashtag.al\/index.php\/wp-json\/wp\/v2\/posts\/526430\/revisions"}],"wp:featuredmedia":[{"embeddable":true,"href":"https:\/\/www.hashtag.al\/index.php\/wp-json\/wp\/v2\/media\/526433"}],"wp:attachment":[{"href":"https:\/\/www.hashtag.al\/index.php\/wp-json\/wp\/v2\/media?parent=526430"}],"wp:term":[{"taxonomy":"category","embeddable":true,"href":"https:\/\/www.hashtag.al\/index.php\/wp-json\/wp\/v2\/categories?post=526430"},{"taxonomy":"post_tag","embeddable":true,"href":"https:\/\/www.hashtag.al\/index.php\/wp-json\/wp\/v2\/tags?post=526430"}],"curies":[{"name":"wp","href":"https:\/\/api.w.org\/{rel}","templated":true}]}}