{"id":526314,"date":"2022-05-27T13:20:48","date_gmt":"2022-05-27T11:20:48","guid":{"rendered":"https:\/\/www.hashtag.al\/?p=526314"},"modified":"2022-05-27T13:44:13","modified_gmt":"2022-05-27T11:44:13","slug":"nga-thirrjet-per-dumanin-e-xhixhen-te-komentet-per-bardhin-e-alibeajn-dhe-nje-sqarim-cilat-ishin-deklaratat-e-berishes-sot","status":"publish","type":"post","link":"https:\/\/www.hashtag.al\/index.php\/2022\/05\/27\/nga-thirrjet-per-dumanin-e-xhixhen-te-komentet-per-bardhin-e-alibeajn-dhe-nje-sqarim-cilat-ishin-deklaratat-e-berishes-sot\/","title":{"rendered":"Nga thirrjet p\u00ebr Dumanin e Xhixh\u00ebn te komentet p\u00ebr Bardhin e Alibeajn dhe nj\u00eb sqarim &#8211; Cilat ishin deklaratat e Berish\u00ebs sot","gt_translate_keys":[{"key":"rendered","format":"text"}]},"content":{"rendered":"<p><span style=\"color: #000000;\"><a style=\"color: #000000;\" href=\"https:\/\/www.hashtag.al\/wp-content\/uploads\/2022\/05\/WhatsApp-Image-2022-05-27-at-1.04.45-PM.jpeg\"><img loading=\"lazy\" decoding=\"async\" class=\"aligncenter size-full wp-image-526316\" src=\"https:\/\/www.hashtag.al\/wp-content\/uploads\/2022\/05\/WhatsApp-Image-2022-05-27-at-1.04.45-PM.jpeg\" alt=\"\" width=\"1280\" height=\"853\" srcset=\"https:\/\/www.hashtag.al\/wp-content\/uploads\/2022\/05\/WhatsApp-Image-2022-05-27-at-1.04.45-PM.jpeg 1280w, https:\/\/www.hashtag.al\/wp-content\/uploads\/2022\/05\/WhatsApp-Image-2022-05-27-at-1.04.45-PM-300x200.jpeg 300w, https:\/\/www.hashtag.al\/wp-content\/uploads\/2022\/05\/WhatsApp-Image-2022-05-27-at-1.04.45-PM-1024x682.jpeg 1024w, https:\/\/www.hashtag.al\/wp-content\/uploads\/2022\/05\/WhatsApp-Image-2022-05-27-at-1.04.45-PM-768x512.jpeg 768w\" sizes=\"auto, (max-width: 1280px) 100vw, 1280px\" \/><\/a><\/span><\/p>\n<p><span style=\"color: #000000;\">Sali Berisha ka dal\u00eb sot n\u00eb Konferenc\u00ebn e tij t\u00eb p\u00ebrjavshme me gazetar\u00ebt, ku ka akuzuar kryeministrin Edi Rama se p\u00ebrmes disa manovrave, po amniton at\u00eb q\u00eb ai e quan \u201cmafia e pronave\u201d.<\/span><\/p>\n<p><span style=\"color: #000000;\">Ai i referohet vendimit t\u00eb fundit t\u00eb qeveris\u00eb t\u00eb prezantuar nga ministri Ulsi Manja, p\u00ebr pezullimin e rekurseve n\u00eb Gjykat\u00ebn e Lart\u00eb me natyr\u00eb administrative e civile.<\/span><\/p>\n<p><span style=\"color: #000000;\">Berisha foli gjithashtu p\u00ebr d\u00ebshmit\u00eb e bujshme t\u00eb t\u00eb penduarit t\u00eb drejt\u00ebsis\u00eb Nuredin Dumanit, p\u00ebr t\u00eb cilin b\u00ebri edhe nj\u00eb thirrje publike. Por gjithashtu nuk mbet\u00ebn pa u prekur dhe \u00e7\u00ebshtjet e brendshme t\u00eb partis\u00eb.<\/span><\/p>\n<p><span style=\"color: #000000;\"><strong>Rama po kap sistemin e drejt\u00ebsis\u00eb<\/strong><\/span><\/p>\n<p><span style=\"color: #000000;\">Berisha komentuar sot n\u00eb nj\u00eb konferenc\u00eb p\u00eb mediet vendimin e K\u00ebshillit t\u00eb Ministrave, p\u00ebr heqjen dor\u00eb nga rekurset e depozituara n\u00eb Gjykat\u00ebn e Lart\u00eb dhe t\u00eb pashqyrtuara ende nga administrata shtet\u00ebrore n\u00eb p\u00ebrgjegj\u00ebsi t\u00eb K\u00ebshillit t\u00eb Ministrave, p\u00ebr \u00e7\u00ebshtje me natyr\u00eb civile dhe administrative.<\/span><\/p>\n<p><span style=\"color: #000000;\">Berisha tha se p\u00ebrmes k\u00ebtij vendimi, po amnistohet\u00a0e ashtuquajtura \u201cmafia e pronave\u201d.<\/span><\/p>\n<p><span style=\"color: #000000;\"><em>\u00a0\u201cJam para jush n\u00eb k\u00ebt\u00eb bised\u00eb p\u00ebr t\u00eb denoncuar me ashp\u00ebrsin\u00eb m\u00eb t\u00eb madhe vendimin e fundit t\u00eb Edi Ram\u00ebs, me t\u00eb cilin ai d\u00ebshmon \u00e7do dit\u00eb e m\u00eb shum\u00eb se Gjykat\u00ebn e Lart\u00eb, apo Sado-Gjykat\u00ebn, tani e tutje do quhet Gjykata-Sadushi, e ka kapur p\u00ebrmes Sadushit t\u00eb tij, p\u00ebr sa koordinohet me planin e qart\u00eb t\u00eb masave me m\u00ebnyr\u00ebn e dh\u00ebnies s\u00eb drejt\u00ebsis\u00eb s\u00eb shqiptar\u00ebve.<\/em><\/span><\/p>\n<p><span style=\"color: #000000;\"><em>Edi Rama dhe Sadushi i tij kan\u00eb zgjedhur drejt\u00ebsin\u00eb sui generis p\u00ebr qytetar\u00ebt shqiptar\u00eb dhe kjo \u00ebsht\u00eb nj\u00eb histori e r\u00ebnd\u00eb turpi.<\/em><\/span><\/p>\n<p><span style=\"color: #000000;\"><em>Edi Rama p\u00ebrvet\u00ebson pronat e shqiptar\u00ebve p\u00ebrmes vendimeve t\u00eb gjykatave dhe ushtar\u00ebve t\u00eb tij n\u00eb administrat\u00eb. Mungesa e transparenc\u00ebs, shkelja e ligjit jan\u00eb parimet baz\u00eb t\u00eb pun\u00ebs s\u00eb qeveris\u00eb s\u00eb tij q\u00eb padyshim do t\u00eb filtroj\u00eb rekurset sipas porosive q\u00eb Aga\u00e7i do t\u00eb shp\u00ebrndaj\u00eb dhe sipas urdhrave t\u00eb Ram\u00ebs. Tashm\u00eb me vendimin e tij vendos publikisht dhe haptas kontrollin mbi sistemin gjyq\u00ebsor.\u201d<\/em>&#8211; tha Berisha.<\/span><\/p>\n<p><span style=\"color: #000000;\"><a style=\"color: #000000;\" href=\"https:\/\/www.hashtag.al\/wp-content\/uploads\/2022\/05\/WhatsApp-Image-2022-05-27-at-12.33.24-PM-1.jpeg\"><img loading=\"lazy\" decoding=\"async\" class=\"aligncenter size-full wp-image-526317\" src=\"https:\/\/www.hashtag.al\/wp-content\/uploads\/2022\/05\/WhatsApp-Image-2022-05-27-at-12.33.24-PM-1.jpeg\" alt=\"\" width=\"1600\" height=\"1066\" srcset=\"https:\/\/www.hashtag.al\/wp-content\/uploads\/2022\/05\/WhatsApp-Image-2022-05-27-at-12.33.24-PM-1.jpeg 1600w, https:\/\/www.hashtag.al\/wp-content\/uploads\/2022\/05\/WhatsApp-Image-2022-05-27-at-12.33.24-PM-1-300x200.jpeg 300w, https:\/\/www.hashtag.al\/wp-content\/uploads\/2022\/05\/WhatsApp-Image-2022-05-27-at-12.33.24-PM-1-1024x682.jpeg 1024w, https:\/\/www.hashtag.al\/wp-content\/uploads\/2022\/05\/WhatsApp-Image-2022-05-27-at-12.33.24-PM-1-768x512.jpeg 768w, https:\/\/www.hashtag.al\/wp-content\/uploads\/2022\/05\/WhatsApp-Image-2022-05-27-at-12.33.24-PM-1-1536x1023.jpeg 1536w\" sizes=\"auto, (max-width: 1600px) 100vw, 1600px\" \/><\/a><\/span><br \/>\n<span style=\"color: #000000;\"><strong>&#8220;Rama dhe don Aga\u00e7io jan\u00eb b\u00ebr\u00eb tani gjykat\u00ebsit suprem\u00eb&#8221;<\/strong><\/span><\/p>\n<p><span style=\"color: #000000;\">Mes t\u00eb tjerash, Berisha tha se kyeministri Edi Rama me vendimin p\u00ebr t\u00eb t\u00ebrhequr ankimimet n\u00eb Gjykat\u00ebn e Lart\u00eb, e ka shpallur veten \u201cgjykat\u00ebs suprem\u201d.<\/span><\/p>\n<p><span style=\"color: #000000;\"><em>\u201cPrej 7 vitesh, Gjykata e Lart\u00eb, edhe sot funksionon nga 2-3 q\u00eb kishte, ka gjithsej 13 gjykat\u00ebs. Pavar\u00ebsisht stokut t\u00eb tmerrsh\u00ebm t\u00eb dosjeve, mazhoranca nuk plot\u00ebson vendet. Pse e l\u00eb gjykat\u00ebn n\u00eb gjysm\u00eb? Sepse i do t\u00eb gjith\u00eb t\u00eb klonuar. Do gjykat\u00ebs t\u00eb klonuar alla-Sadush, alla-Dvoran, Dvorani \u00ebsht\u00eb ende lojtar rezerv\u00eb. N\u00eb vend q\u00eb gjykata t\u00eb ishte plot\u00ebsuar me koh\u00eb me 19 gjykat\u00ebs, lihet me 13 gjykat\u00ebs, p\u00ebrzgjidhen me falsifikime, do ju njohim n\u00eb takime t\u00eb tjera, individ\u00eb nga Rama dhe Aga\u00e7i p\u00ebr t\u2019u vendosur n\u00eb Gjykat\u00eb. Pra zgjidhja \u00ebsht\u00eb gjetur, o burra t\u00eb hapim tenderin e fundit t\u00eb turpsh\u00ebm q\u00eb t\u00eb vjelim miliona euro n\u00eb \u00e7\u00ebshtje civile duke iu faturuar t\u00ebr\u00ebsisht k\u00ebt\u00eb n\u00eb kurriz qytetar\u00ebve shqiptar\u00eb, taksapaguesve shqiptar\u00eb. Shqip\u00ebria pushon s\u00eb funksionuar si nj\u00eb shtet me drejt\u00ebsi n\u00eb tre shkall\u00eb. P\u00ebrkundrazi shkall\u00eb supreme e drejt\u00ebsis\u00eb tani e tutje \u00ebsht\u00eb Edi Rama dhe Don Aga\u00e7io. Ata jan\u00eb b\u00ebr\u00eb tani gjykat\u00ebsit suprem\u00eb n\u00eb k\u00ebt\u00eb vendim turpi dhe anti-Kushtetues.\u201d-<\/em> tha Berisha.<\/span><\/p>\n<p><span style=\"color: #000000;\"><strong>Thirrja p\u00ebr Nuredin Dumanin<\/strong><\/span><\/p>\n<p><span style=\"color: #000000;\">Berisha tha se fytyra e v\u00ebrtet\u00eb e k\u00ebsaj qeverie, \u00ebsht\u00eb ajo e Nuredin Dumanit.<\/span><\/p>\n<p><span style=\"color: #000000;\"><em>\u201cPor asgj\u00eb s\u2019ka t\u00eb paimagjinueshme n\u00eb k\u00ebt\u00eb vend, n\u00eb k\u00ebt\u00eb shtet, fytyra e v\u00ebrtet\u00eb e t\u00eb cilit \u00ebsht\u00eb, zonja dhe zot\u00ebrinj, Nexhmedin Dumani. Fytyra e v\u00ebrtet\u00eb e k\u00ebsaj qeverie \u00ebsht\u00eb ajo e Nexhmedin Dumanit. Nj\u00eb serial killer q\u00eb po zb\u00ebrthehet, po flet, un\u00eb e vler\u00ebsoj vendimin e tij p\u00ebr t\u2019u rr\u00ebfyer, por i b\u00ebj thirrje t\u00eb rr\u00ebfej\u00eb \u00e7do gj\u00eb, se deri tani nuk ka th\u00ebn\u00eb asgj\u00eb tjet\u00ebr, vet\u00ebm at\u00eb q\u00eb kemi ditur q\u00eb t\u00eb gjith\u00eb. Nuk ka patur asnj\u00eb dyshim se banda e Elbasanit dhe bandat e tjera kan\u00eb qen\u00eb fund e krye t\u00eb lidhura me qeverin\u00eb, se ato kan\u00eb patur n\u00eb xhep t\u00ebr\u00ebsisht prokurorin\u00eb e Elbasanit, por dhe prokuror\u00eb t\u00eb tjer\u00eb n\u00eb Tiran\u00eb, ministra mbi ministra.\u201d-<\/em> tha Berisha.<\/span><\/p>\n<p><span style=\"color: #000000;\">Ai ka edhe nj\u00eb thirrje p\u00ebr t\u00eb, q\u00eb meq\u00eb ka vendosur t\u00eb rr\u00ebfej\u00eb ta b\u00ebj\u00eb rr\u00ebfimin t\u00eb plot\u00eb duke zbuluar lidhjet e bandave me qeverin\u00eb. Pasi si\u00e7 shprehet ai, deri tani v\u00ebren nj\u00eb \u201ccensur\u00eb\u201d n\u00eb rr\u00ebfimet e tij.<\/span><\/p>\n<p><span style=\"color: #000000;\"><em>\u201cI b\u00ebj thirrje Dumanit, n\u00eb em\u00ebr t\u00eb asaj q\u00eb rifiton n\u00eb vetvete nj\u00eb njeri q\u00eb rr\u00ebfehet, se \u00e7far\u00eb \u00ebsht\u00eb nj\u00eb i penduar i drejt\u00ebsis\u00eb, nj\u00eb njeri q\u00eb vendos t\u00eb rr\u00ebfej\u00eb n\u00eb kuptimin moral krimet q\u00eb ai ka kryer p\u00ebr t\u00eb shp\u00ebtuar shpirtin e tij dhe kjo \u00ebsht\u00eb e pranueshme, por i b\u00ebj thirrje ta b\u00ebj\u00eb t\u00eb plot\u00eb, ta l\u00ebr\u00eb me guxim sepse ka nj\u00eb tendenc\u00eb absolute censure t\u00eb rr\u00ebfimeve t\u00eb tij trondit\u00ebse. T\u00eb rr\u00ebfimeve t\u00eb tij q\u00eb d\u00ebshmojn\u00eb qart\u00eb at\u00eb q\u00eb \u00ebsht\u00eb th\u00ebn\u00eb \u00e7do dit\u00eb nga media, shoq\u00ebria, Shqip\u00ebria. \u00cbsht\u00eb denoncuar me koh\u00eb, ata vrisnin, pla\u00e7kitnin, p\u00ebrdhunonin, b\u00ebnin \u00e7do gj\u00eb sepse mbyllnin \u00e7do \u00e7\u00ebshtje me urdh\u00ebr nga sip\u00ebr.<\/em><\/span><\/p>\n<p><span style=\"color: #000000;\"><em>B\u00ebj thirrje q\u00eb t\u00eb dalin tabulatet e bisedave t\u00eb Taulant Ball\u00ebs me Suel \u00c7el\u00ebn. Taulant \u00c7ela \u00ebsht\u00eb minimumi, se ato shkojn\u00eb direkt te Edi Rama.\u201d-<\/em> tha Berisha.<\/span><\/p>\n<p><span style=\"color: #000000;\"><strong><em>\u00a0\u201cKu shkoi prokurori q\u00eb mashtroi shqiptar\u00ebt?\u201d<\/em><\/strong><\/span><\/p>\n<p><span style=\"color: #000000;\">\u00a0Berisha theksoi se ngjarja n\u00eb Elbasan duhet zbardhur. Ai tha se prokurori q\u00eb tha se nuk kishte materiale zgjedhore n\u00eb vendin ku u vra nj\u00eb person dhe u plagos\u00ebn disa t\u00eb tjer\u00eb n\u00eb prag t\u00eb zgjedhjeve, tanim\u00eb \u00ebsht\u00eb pjes\u00eb\u00a0 SPAK-ut.<\/span><\/p>\n<p><span style=\"color: #000000;\"><em>\u201cE dini ju ku shkoi prokurori, q\u00eb mashtroi shqiptar\u00ebt n\u00eb m\u00ebnyr\u00ebn m\u00eb t\u00eb sh\u00ebmtuar, q\u00eb tha s\u2019kishte materiale zgjedhore aty ku u vra nj\u00eb njeri dhe u plagos\u00ebn 4 t\u00eb tjer\u00eb? Ku \u00ebsht\u00eb ai? N\u00eb SPAK, n\u00eb SKAP-in e partis\u00eb. A nuk do t\u00eb thot\u00eb kjo q\u00eb SPAK shnd\u00ebrrohet n\u00eb strofull kriminel\u00ebsh? P\u00ebr llogari t\u00eb kujt g\u00ebnjeu Alfred Shehu? N\u00eb nj\u00eb koh\u00eb q\u00eb m\u00eb pas u detyruan ta pranojn\u00eb. Ky \u00ebsht\u00eb vet\u00ebm nj\u00eb episod. Ju them tjetr\u00ebn. Bandat paguanin dhe k\u00ebta mbyllnin vrasje. Njer\u00ebz q\u00eb vriteshin te pragu i sht\u00ebpis\u00eb s\u00eb tyre. Dhe nj\u00eb prej tyre \u00ebsht\u00eb Alfred Shehu.\u201d<\/em>&#8211; tha Berisha.<\/span><\/p>\n<p><span style=\"color: #000000;\"><strong>Thirrje p\u00ebr Besjan Xhixh\u00ebn<\/strong><\/span><\/p>\n<p><span style=\"color: #000000;\">Ish-kryeministri b\u00ebri nj\u00eb thirrj t\u00eb ngjashme edhe p\u00ebr t\u00eb penduarin tjet\u00ebr t\u00eb drejt\u00ebsis\u00eb, Besan Xhixh\u00ebn.<\/span><\/p>\n<p><span style=\"color: #000000;\"><em>\u201cI b\u00ebj thirrje edhe Besjan Xhixh\u00ebs t\u00eb rr\u00ebfehet plot\u00ebsisht p\u00ebr lidhjet politike t\u00eb deputet\u00ebve, ministrave dhe mbi ministrat. Dhe v\u00eb dyshimin m\u00eb t\u00eb madh n\u00eb hetimin dhe trajtimin politik q\u00eb SPAK po i b\u00ebn \u00e7\u00ebshtjes, po b\u00ebn mburoj\u00eb e denoncimeve politike, n\u00eb nj\u00eb koh\u00eb kur ato dihen, s\u2019ka nevoj\u00eb t\u2019i thot\u00eb as Besjani as Nexhmedini, SPAK po i fsheh k\u00ebto.<\/em>\u201d- tha Berisha.<\/span><\/p>\n<p><span style=\"color: #000000;\"><strong><a style=\"color: #000000;\" href=\"https:\/\/www.hashtag.al\/wp-content\/uploads\/2022\/05\/WhatsApp-Image-2022-05-27-at-12.35.29-PM-1.jpeg\"><img loading=\"lazy\" decoding=\"async\" class=\"aligncenter size-full wp-image-526318\" src=\"https:\/\/www.hashtag.al\/wp-content\/uploads\/2022\/05\/WhatsApp-Image-2022-05-27-at-12.35.29-PM-1.jpeg\" alt=\"\" width=\"1600\" height=\"1066\" srcset=\"https:\/\/www.hashtag.al\/wp-content\/uploads\/2022\/05\/WhatsApp-Image-2022-05-27-at-12.35.29-PM-1.jpeg 1600w, https:\/\/www.hashtag.al\/wp-content\/uploads\/2022\/05\/WhatsApp-Image-2022-05-27-at-12.35.29-PM-1-300x200.jpeg 300w, https:\/\/www.hashtag.al\/wp-content\/uploads\/2022\/05\/WhatsApp-Image-2022-05-27-at-12.35.29-PM-1-1024x682.jpeg 1024w, https:\/\/www.hashtag.al\/wp-content\/uploads\/2022\/05\/WhatsApp-Image-2022-05-27-at-12.35.29-PM-1-768x512.jpeg 768w, https:\/\/www.hashtag.al\/wp-content\/uploads\/2022\/05\/WhatsApp-Image-2022-05-27-at-12.35.29-PM-1-1536x1023.jpeg 1536w\" sizes=\"auto, (max-width: 1600px) 100vw, 1600px\" \/><\/a><\/strong><\/span><\/p>\n<p><span style=\"color: #000000;\"><strong>\u201cAlibeaj, nj\u00eb sharlatan q\u00eb i sh\u00ebrben qeveris\u00eb\u201d<\/strong><\/span><\/p>\n<p><span style=\"color: #000000;\">Berisha ka sulmuar Enkelejd Alibeajn, duke e quajtur at\u00eb nj\u00eb sharlatan q\u00eb i sh\u00ebrben qeveris\u00eb.<\/span><\/p>\n<p><span style=\"color: #000000;\">N\u00eb komunikimin me gazetar\u00ebt, Berisha u shpreh se mbledhja e djeshme e grupit parlamentar nuk kishte kuorum. Po ashtu, i kujtoi Alibeajt se ka mbajtur edhe post\u00eb t\u00eb r\u00ebnd\u00ebsishme n\u00eb koh\u00ebn kur PD ka qen\u00eb n\u00eb qeveri.<\/span><\/p>\n<p><span style=\"color: #000000;\"><em>\u00a0\u201cNj\u00eb sharlatan q\u00eb ka mungese respekti p\u00ebr veten e tij. Keq p\u00ebrdoret nga Rama. Harron se ka patur funksion t\u00eb r\u00ebnd\u00ebsishme edhe n\u00eb qeveri dhe kur b\u00ebn akte t\u00eb tilla vet\u00ebm sa shkelmon mbi veten e tij. Pra ajo q\u00eb mund t\u00eb them un\u00eb. Mrekullia shqiptare e shekullin 21 ishte shp\u00ebtimi i pluralizmit politik.\u201d-<\/em> tha Berisha.<\/span><\/p>\n<p><span style=\"color: #000000;\"><strong>Berisha-Bardhit: Zbardh rolin q\u00eb kishe n\u00eb vrasjen e Elbasanit<\/strong><\/span><\/p>\n<p><span style=\"color: #000000;\">Gjat\u00eb konferenc\u00ebs, gazetar\u00ebt i treguan Sali Berish\u00ebs p\u00ebr debatet e sotme n\u00eb Komisionin e Ligjeve, ku Gazment Bardhi kund\u00ebrshtoi kandidatur\u00ebn e Simon Mirak\u00ebs, propozuar me firm\u00ebn e ish-kryeministrit.<\/span><\/p>\n<p><span style=\"color: #000000;\">Gjat\u00eb p\u00ebrgjigjes s\u00eb tij, Berisha e sulmoi Bardhin duke i kujtuar vrasjen e ndodhur n\u00eb Elbasan n\u00eb prag t\u00eb zgjedhjeve parlamentare t\u00eb 25 Prillit.<\/span><\/p>\n<p><span style=\"color: #000000;\"><em>\u201cGazment Bardhi lufton p\u00ebr t\u00eb shp\u00ebtuar shpirtin e tij. Un\u00eb e kuptoj luft\u00ebn q\u00eb b\u00ebn p\u00ebr t\u00eb shp\u00ebtur shpitin, por prap \u00ebsht\u00eb i pashpres\u00eb. T\u00eb zbardh\u00eb nj\u00ebher\u00eb, t\u00eb mos i thur\u00eb lavde SPAK-ut, por t\u00eb zbardh\u00eb rolin e tij n\u00eb vrasjen n\u00eb Elbasan, q\u00eb nuk do t\u00eb kishte ndodhur. Askush nuk \u00ebsht\u00eb p\u00ebr t\u2019u vrar\u00eb, Bardhi dhe Balla jan\u00eb absolutisht p\u00ebrgjegj\u00ebs politik\u00eb p\u00ebr at\u00eb gjakderdhje, prandaj t\u00eb shkoj\u00eb t\u00eb jap\u00eb sqarime.\u201d-<\/em>\u00a0tha Berisha.<\/span><\/p>\n<p><span style=\"color: #000000;\"><strong>\u201cKoh\u00eb e humbur p\u00ebr protesta\u201d<\/strong><\/span><\/p>\n<p><span style=\"color: #000000;\">Berisha ka paralajm\u00ebruar se shum\u00eb shpejt do t\u00eb nis\u00eb aksionin p\u00ebr protesta. N\u00eb nj\u00eb komunikim me gazetar\u00ebt, ai u shpreh se mjaftojn\u00eb dy ngjarjet e fundit q\u00eb kan\u00eb ndodhur n\u00eb polici p\u00ebr t\u2019u ngritur.<\/span><\/p>\n<p><span style=\"color: #000000;\"><em>\u201cAbsolutisht, as nj\u00ebra dhe as tjetra, \u00ebsht\u00eb procesi q\u00eb po kalon PD, nj\u00eb proces i domosdosh\u00ebm, jetik p\u00ebr rithemelimin e saj dhe asgj\u00eb tjet\u00ebr. Keni shum\u00eb t\u00eb drejt\u00eb, \u00ebsht\u00eb nj\u00eb koh\u00eb e humbur p\u00ebr protesta. Mund t\u2019ju them ju, mjaftojn\u00eb dy vrasjet e fundit nga polic\u00eb t\u00eb droguar, nj\u00ebri u ekzekutua brenda n\u00eb komisariat dhe tjetri me probleme t\u00eb sh\u00ebndetit mendor q\u00eb s\u2019kishte agresivitet asnj\u00ebher\u00eb, q\u00ebllohet. T\u00eb dy t\u00eb droguar. Droga \u00ebsht\u00eb b\u00ebr\u00eb nj\u00eb norm\u00eb n\u00eb polici dhe Edi Rama ka ndaluar testin e drog\u00ebs, gj\u00ebja m\u00eb absurde, m\u00eb kriminale, e paimagjinueshme. Dhe faktikisht t\u00eb dyja vrasjet jan\u00eb t\u00eb lidhura me drog\u00ebn. Nuk do t\u00eb mbetet pa u d\u00ebgjuar edhe fjala jote p\u00ebr protesta.\u201d-<\/em> tha ai.<\/span><\/p>\n<p><span style=\"color: #000000;\"><strong>Sqarimi p\u00ebr \u201cftesat\u201d e PPE-s\u00eb<\/strong><\/span><\/p>\n<p><span style=\"color: #000000;\">I pyetur nga gazetar\u00ebt, Berisha b\u00ebri edhe nj\u00eb sqarim lidhur me p\u00ebrfaq\u00ebsuesit demokrat\u00eb q\u00eb do marrin pjes\u00eb n\u00eb takimin n\u00eb Roterdam\u00a0ku do zgjdhet presidenti i ri i PPE-s\u00eb.<\/span><\/p>\n<p><span style=\"color: #000000;\">Ai tha se Partia popullore nuk ka b\u00ebr\u00eb ftesa zyrtare, nd\u00ebrkoh\u00eb q\u00eb disa demokrat\u00eb do t\u00eb jen\u00eb pjes\u00eb e asaj mbledhje n\u00eb PPE.<\/span><\/p>\n<p><span style=\"color: #000000;\"><em>\u00a0\u201cPartia popullore ka nj\u00eb q\u00ebndrim korrekt. Nuk \u00ebsht\u00eb e v\u00ebrtet\u00eb q\u00eb kjo parti i ka d\u00ebrguar\u2026 Partia Popullore nuk ka sjell\u00eb ftes\u00eb p\u00ebr neutralitetin e saj. Por do shkojn\u00eb disa. Nga ne shkojn\u00eb 4-5, zonja Vokshi shkon nga Gruaja Popullore Evropiane, Belindi nga t\u00eb rinjt\u00eb popullor. Zonja Harxhi dhe zoti Genc Pollo shkojn\u00eb nga nj\u00eb fondacion i lidhur me k\u00ebt\u00eb. Zonja Tabaku \u00ebsht\u00eb an\u00ebtare e grupit parlamentar i Parlamentar popullor n\u00eb K\u00ebshillin e Europ\u00ebs. Aty ka nj\u00eb fest\u00eb nga ky grup, por nuk p\u00ebrb\u00ebn ftes\u00eb me vot\u00eb. K\u00ebto jan\u00eb t\u00eb v\u00ebrtetat.\u201d-<\/em> tha Berisha p\u00ebr gazetar\u00ebt.<\/span><\/p>\n<p><span style=\"color: #000000;\"><strong>Berisha p\u00ebr deklarat\u00ebn e McAllister: Nuk kemi asnj\u00eb kund\u00ebrshtim<\/strong><\/span><\/p>\n<p><span style=\"color: #000000;\">Berisha ka komentuar deklarat\u00ebn e David McAllister, se PPE do t\u00eb diskutoj\u00eb jav\u00ebn q\u00eb vjen p\u00ebr kriz\u00ebn brenda Partis\u00eb Demokratike.<\/span><\/p>\n<p><span style=\"color: #000000;\">Berisha tha se nuk \u00ebsht\u00eb n\u00eb dijeni t\u00eb k\u00ebsaj, por n\u00ebse ndodh, e vler\u00ebsojn\u00eb.<\/span><\/p>\n<p><span style=\"color: #000000;\"><em>\u201cZoti McAllister \u00ebsht\u00eb n\u00ebnkryetar i PPE. Partia Popullore Europiane ka presidentin Tusk, q\u00eb z\u00ebvend\u00ebsohet dhe zgjidhet \u00cbeber, ka sekretarin e p\u00ebrgjithsh\u00ebm dhe disa n\u00ebnkryetar, mund t\u00eb jen\u00eb 6. Ata sigurisht q\u00eb diskutojn\u00eb t\u00eb gjitha \u00e7\u00ebshtjet sipas agjend\u00ebs dhe koh\u00ebs q\u00eb kan\u00eb n\u00eb gjirin e Partive Popullore. A do t\u00eb diskutojn\u00eb p\u00ebr Shqip\u00ebrin\u00eb apo jo ne nuk kemi asnj\u00eb njoftim zyrtar. Por, po t\u00eb diskutojn\u00eb, ne e vler\u00ebsojm\u00eb, nuk kemi asnj\u00eb kund\u00ebrshtim.\u201d-<\/em> p\u00ebrfundoi ish-kryeministri.<\/span><\/p>\n<p><span style=\"color: #000000;\"><a style=\"color: #000000;\" href=\"https:\/\/www.hashtag.al\/wp-content\/uploads\/2022\/05\/WhatsApp-Image-2022-05-27-at-1.04.29-PM.jpeg\"><img loading=\"lazy\" decoding=\"async\" class=\"aligncenter size-full wp-image-526315\" src=\"https:\/\/www.hashtag.al\/wp-content\/uploads\/2022\/05\/WhatsApp-Image-2022-05-27-at-1.04.29-PM.jpeg\" alt=\"\" width=\"1280\" height=\"853\" srcset=\"https:\/\/www.hashtag.al\/wp-content\/uploads\/2022\/05\/WhatsApp-Image-2022-05-27-at-1.04.29-PM.jpeg 1280w, https:\/\/www.hashtag.al\/wp-content\/uploads\/2022\/05\/WhatsApp-Image-2022-05-27-at-1.04.29-PM-300x200.jpeg 300w, https:\/\/www.hashtag.al\/wp-content\/uploads\/2022\/05\/WhatsApp-Image-2022-05-27-at-1.04.29-PM-1024x682.jpeg 1024w, https:\/\/www.hashtag.al\/wp-content\/uploads\/2022\/05\/WhatsApp-Image-2022-05-27-at-1.04.29-PM-768x512.jpeg 768w\" sizes=\"auto, (max-width: 1280px) 100vw, 1280px\" \/><\/a><\/span><\/p>\n","protected":false,"gt_translate_keys":[{"key":"rendered","format":"html"}]},"excerpt":{"rendered":"<p>Sali Berisha ka dal\u00eb sot n\u00eb Konferenc\u00ebn e tij t\u00eb p\u00ebrjavshme me gazetar\u00ebt, ku ka akuzuar kryeministrin Edi Rama se p\u00ebrmes disa manovrave, po amniton at\u00eb q\u00eb ai e quan \u201cmafia e pronave\u201d. Ai i referohet vendimit t\u00eb fundit t\u00eb qeveris\u00eb t\u00eb prezantuar nga ministri Ulsi Manja, p\u00ebr pezullimin e rekurseve n\u00eb Gjykat\u00ebn e Lart\u00eb [&hellip;]<\/p>\n","protected":false,"gt_translate_keys":[{"key":"rendered","format":"html"}]},"author":30,"featured_media":526316,"comment_status":"closed","ping_status":"closed","sticky":false,"template":"","format":"standard","meta":{"footnotes":""},"categories":[22,65,13],"tags":[],"class_list":["post-526314","post","type-post","status-publish","format-standard","has-post-thumbnail","hentry","category-ballina","category-lajme","category-te-fundit"],"gt_translate_keys":[{"key":"link","format":"url"}],"_links":{"self":[{"href":"https:\/\/www.hashtag.al\/index.php\/wp-json\/wp\/v2\/posts\/526314","targetHints":{"allow":["GET"]}}],"collection":[{"href":"https:\/\/www.hashtag.al\/index.php\/wp-json\/wp\/v2\/posts"}],"about":[{"href":"https:\/\/www.hashtag.al\/index.php\/wp-json\/wp\/v2\/types\/post"}],"author":[{"embeddable":true,"href":"https:\/\/www.hashtag.al\/index.php\/wp-json\/wp\/v2\/users\/30"}],"replies":[{"embeddable":true,"href":"https:\/\/www.hashtag.al\/index.php\/wp-json\/wp\/v2\/comments?post=526314"}],"version-history":[{"count":0,"href":"https:\/\/www.hashtag.al\/index.php\/wp-json\/wp\/v2\/posts\/526314\/revisions"}],"wp:featuredmedia":[{"embeddable":true,"href":"https:\/\/www.hashtag.al\/index.php\/wp-json\/wp\/v2\/media\/526316"}],"wp:attachment":[{"href":"https:\/\/www.hashtag.al\/index.php\/wp-json\/wp\/v2\/media?parent=526314"}],"wp:term":[{"taxonomy":"category","embeddable":true,"href":"https:\/\/www.hashtag.al\/index.php\/wp-json\/wp\/v2\/categories?post=526314"},{"taxonomy":"post_tag","embeddable":true,"href":"https:\/\/www.hashtag.al\/index.php\/wp-json\/wp\/v2\/tags?post=526314"}],"curies":[{"name":"wp","href":"https:\/\/api.w.org\/{rel}","templated":true}]}}