{"id":526237,"date":"2022-05-26T22:10:02","date_gmt":"2022-05-26T20:10:02","guid":{"rendered":"https:\/\/www.hashtag.al\/?p=526237"},"modified":"2022-05-26T23:54:22","modified_gmt":"2022-05-26T21:54:22","slug":"berisha-te-huajt-nuk-me-kane-uruar-asnjehere-per-zgjedhjen-ne-krye-te-pd","status":"publish","type":"post","link":"https:\/\/www.hashtag.al\/index.php\/2022\/05\/26\/berisha-te-huajt-nuk-me-kane-uruar-asnjehere-per-zgjedhjen-ne-krye-te-pd\/","title":{"rendered":"Berisha: T\u00eb huajt nuk m\u00eb kan\u00eb uruar asnj\u00ebher\u00eb p\u00ebr zgjedhjen n\u00eb krye t\u00eb PD","gt_translate_keys":[{"key":"rendered","format":"text"}]},"content":{"rendered":"<p style=\"text-align: justify;\"><span style=\"color: #000000;\"><img loading=\"lazy\" decoding=\"async\" class=\"size-full wp-image-526102\" src=\"https:\/\/www.hashtag.al\/wp-content\/uploads\/2022\/05\/berisha-13.jpg\" alt=\"\" width=\"1339\" height=\"719\" srcset=\"https:\/\/www.hashtag.al\/wp-content\/uploads\/2022\/05\/berisha-13.jpg 1339w, https:\/\/www.hashtag.al\/wp-content\/uploads\/2022\/05\/berisha-13-300x161.jpg 300w, https:\/\/www.hashtag.al\/wp-content\/uploads\/2022\/05\/berisha-13-1024x550.jpg 1024w, https:\/\/www.hashtag.al\/wp-content\/uploads\/2022\/05\/berisha-13-768x412.jpg 768w\" sizes=\"auto, (max-width: 1339px) 100vw, 1339px\" \/><\/span><\/p>\n<p style=\"text-align: justify;\"><span style=\"color: #000000;\">Ish-kryeministri Sali Berisha n\u00eb nj\u00eb dalje p\u00ebr mediat dit\u00ebn e sotme \u00ebsht\u00eb pyetur se pse nuk \u00ebsht\u00eb uruar nga ambasadat e huaja pas zgjedhjes n\u00eb krye t\u00eb PD-s\u00eb.<\/span><\/p>\n<p style=\"text-align: justify;\"><span style=\"color: #000000;\">Berisha tha se nuk mban mend t\u00eb jet\u00eb uruar nga ambasadat sa her\u00eb \u00ebsht\u00eb zgjedhur n\u00eb krye t\u00eb PD-s\u00eb.<\/span><\/p>\n<p style=\"text-align: justify;\"><span style=\"color: #000000;\">\u201c<em>Asnj\u00eb lloj ve\u00e7antie, nuk mbaj mend kur jam zgjedhur her\u00eb t\u00eb tjera t\u00eb kem patur ambasador\u00eb q\u00eb t\u00eb m\u00eb ken\u00eb uruar. Por un\u00eb n\u00eb memorien time nuk mbaj mend ndonj\u00ebher\u00eb q\u00eb t\u00eb jem uruar<\/em>\u201d-deklaroi Berisha.<\/span><\/p>\n<p style=\"text-align: justify;\"><span style=\"color: #000000;\">Por nuk rezulton se t\u00eb huajt nuk kan\u00eb uruar p\u00ebr zgjedhjen e nj\u00eb kryetari n\u00eb krye t\u00eb PD pasi vitin e kaluar PPE uruan kur Lulzim Basha u zgjodh si kreu i PD-s\u00eb pas humbjes s\u00eb 25 prillit 2021. Pretendimi i Berish\u00ebs hidhet posht\u00eb nga deklarata e Partive Popullore Evropiane.\u00a0<\/span><\/p>\n<p style=\"text-align: justify;\"><span style=\"color: #000000;\"><img loading=\"lazy\" decoding=\"async\" class=\"aligncenter size-full wp-image-526256\" src=\"https:\/\/www.hashtag.al\/wp-content\/uploads\/2022\/05\/WhatsApp-Image-2022-05-26-at-11.36.05-PM.jpeg\" alt=\"\" width=\"640\" height=\"654\" srcset=\"https:\/\/www.hashtag.al\/wp-content\/uploads\/2022\/05\/WhatsApp-Image-2022-05-26-at-11.36.05-PM.jpeg 640w, https:\/\/www.hashtag.al\/wp-content\/uploads\/2022\/05\/WhatsApp-Image-2022-05-26-at-11.36.05-PM-294x300.jpeg 294w, https:\/\/www.hashtag.al\/wp-content\/uploads\/2022\/05\/WhatsApp-Image-2022-05-26-at-11.36.05-PM-283x290.jpeg 283w\" sizes=\"auto, (max-width: 640px) 100vw, 640px\" \/>M\u00eb 31 maj, Partit\u00eb Popullore Europiane do t\u00eb zhvillojn\u00eb nj\u00eb takim ku pjes\u00eb e agjend\u00ebs do t\u00eb jet\u00eb edhe Partia Demokratike.<\/span><\/p>\n<p style=\"text-align: justify;\"><span style=\"color: #000000;\">PD do t\u00eb p\u00ebrfaq\u00ebsohet n\u00eb k\u00ebt\u00eb mbledhje nga Jorida Tabaku e cila ka marr\u00eb ftes\u00ebn si n\u00ebnkryetar\u00eb e Partis\u00eb Demokratike, Albana Vokshi si kryetare e Lidhjes s\u00eb Gruas s\u00eb PD-s\u00eb, dhe nga Belind K\u00eblli\u00e7i, si kryetari i Forumit Rinor t\u00eb PD-s\u00eb.<\/span><\/p>\n<p style=\"text-align: justify;\"><span style=\"color: #000000;\">Lidhur me k\u00ebt\u00eb mbledhje, Berisha i cili u pyet pse nuk ka marr\u00eb i pjes\u00eb tha: &#8220;<em>PPE si\u00e7 e dini mban nj\u00eb q\u00ebndrim neutral, por z\u00ebri yn\u00eb n\u00eb PPE do t\u00eb jet\u00eb i pranish\u00ebm<\/em>&#8220;.<\/span><\/p>\n","protected":false,"gt_translate_keys":[{"key":"rendered","format":"html"}]},"excerpt":{"rendered":"<p>Ish-kryeministri Sali Berisha n\u00eb nj\u00eb dalje p\u00ebr mediat dit\u00ebn e sotme \u00ebsht\u00eb pyetur se pse nuk \u00ebsht\u00eb uruar nga ambasadat e huaja pas zgjedhjes n\u00eb krye t\u00eb PD-s\u00eb. Berisha tha se nuk mban mend t\u00eb jet\u00eb uruar nga ambasadat sa her\u00eb \u00ebsht\u00eb zgjedhur n\u00eb krye t\u00eb PD-s\u00eb. \u201cAsnj\u00eb lloj ve\u00e7antie, nuk mbaj mend kur jam [&hellip;]<\/p>\n","protected":false,"gt_translate_keys":[{"key":"rendered","format":"html"}]},"author":32,"featured_media":526102,"comment_status":"closed","ping_status":"closed","sticky":false,"template":"","format":"standard","meta":{"footnotes":""},"categories":[65,13],"tags":[],"class_list":["post-526237","post","type-post","status-publish","format-standard","has-post-thumbnail","hentry","category-lajme","category-te-fundit"],"gt_translate_keys":[{"key":"link","format":"url"}],"_links":{"self":[{"href":"https:\/\/www.hashtag.al\/index.php\/wp-json\/wp\/v2\/posts\/526237","targetHints":{"allow":["GET"]}}],"collection":[{"href":"https:\/\/www.hashtag.al\/index.php\/wp-json\/wp\/v2\/posts"}],"about":[{"href":"https:\/\/www.hashtag.al\/index.php\/wp-json\/wp\/v2\/types\/post"}],"author":[{"embeddable":true,"href":"https:\/\/www.hashtag.al\/index.php\/wp-json\/wp\/v2\/users\/32"}],"replies":[{"embeddable":true,"href":"https:\/\/www.hashtag.al\/index.php\/wp-json\/wp\/v2\/comments?post=526237"}],"version-history":[{"count":0,"href":"https:\/\/www.hashtag.al\/index.php\/wp-json\/wp\/v2\/posts\/526237\/revisions"}],"wp:featuredmedia":[{"embeddable":true,"href":"https:\/\/www.hashtag.al\/index.php\/wp-json\/wp\/v2\/media\/526102"}],"wp:attachment":[{"href":"https:\/\/www.hashtag.al\/index.php\/wp-json\/wp\/v2\/media?parent=526237"}],"wp:term":[{"taxonomy":"category","embeddable":true,"href":"https:\/\/www.hashtag.al\/index.php\/wp-json\/wp\/v2\/categories?post=526237"},{"taxonomy":"post_tag","embeddable":true,"href":"https:\/\/www.hashtag.al\/index.php\/wp-json\/wp\/v2\/tags?post=526237"}],"curies":[{"name":"wp","href":"https:\/\/api.w.org\/{rel}","templated":true}]}}