{"id":526079,"date":"2022-05-26T09:56:12","date_gmt":"2022-05-26T07:56:12","guid":{"rendered":"https:\/\/www.hashtag.al\/?p=526079"},"modified":"2022-05-26T09:56:12","modified_gmt":"2022-05-26T07:56:12","slug":"arrestohet-nje-person-ne-tirane-akuzohet-se-kercenoi-me-arme-fqinjin","status":"publish","type":"post","link":"https:\/\/www.hashtag.al\/index.php\/2022\/05\/26\/arrestohet-nje-person-ne-tirane-akuzohet-se-kercenoi-me-arme-fqinjin\/","title":{"rendered":"Arrestohet nj\u00eb person n\u00eb Tiran\u00eb, akuzohet se k\u00ebrc\u00ebnoi me arm\u00eb fqinjin","gt_translate_keys":[{"key":"rendered","format":"text"}]},"content":{"rendered":"<p><span style=\"color: #000000;\"><img loading=\"lazy\" decoding=\"async\" class=\"aligncenter size-full wp-image-497730\" src=\"https:\/\/www.hashtag.al\/wp-content\/uploads\/2022\/01\/kallash.jpg\" alt=\"\" width=\"1280\" height=\"924\" srcset=\"https:\/\/www.hashtag.al\/wp-content\/uploads\/2022\/01\/kallash.jpg 1280w, https:\/\/www.hashtag.al\/wp-content\/uploads\/2022\/01\/kallash-300x217.jpg 300w, https:\/\/www.hashtag.al\/wp-content\/uploads\/2022\/01\/kallash-1024x739.jpg 1024w, https:\/\/www.hashtag.al\/wp-content\/uploads\/2022\/01\/kallash-768x554.jpg 768w\" sizes=\"auto, (max-width: 1280px) 100vw, 1280px\" \/><\/span><\/p>\n<p><span style=\"color: #000000;\">Nj\u00eb person \u00ebsht\u00eb arrestuar n\u00eb Tiran\u00eb pasi akuzohet se ka k\u00ebrc\u00ebnuar me arm\u00eb fqinjin.<\/span><\/p>\n<p><span style=\"color: #000000;\"> Ngjarja ka ndodhur n\u00eb Allias, ku 43-vje\u00e7ari me iniciale B.M. akuzohet se ka k\u00ebrc\u00ebnuar me arm\u00eb 42-vje\u00e7arin me iniciale F.K. <\/span><\/p>\n<p><span style=\"color: #000000;\">Ai \u00ebsht\u00eb ndaluar n\u00eb flagranc\u00eb n\u00eb oborr ku ka q\u00eblluar me arm\u00eb.<\/span><\/p>\n","protected":false,"gt_translate_keys":[{"key":"rendered","format":"html"}]},"excerpt":{"rendered":"<p>Nj\u00eb person \u00ebsht\u00eb arrestuar n\u00eb Tiran\u00eb pasi akuzohet se ka k\u00ebrc\u00ebnuar me arm\u00eb fqinjin. Ngjarja ka ndodhur n\u00eb Allias, ku 43-vje\u00e7ari me iniciale B.M. akuzohet se ka k\u00ebrc\u00ebnuar me arm\u00eb 42-vje\u00e7arin me iniciale F.K. Ai \u00ebsht\u00eb ndaluar n\u00eb flagranc\u00eb n\u00eb oborr ku ka q\u00eblluar me arm\u00eb.<\/p>\n","protected":false,"gt_translate_keys":[{"key":"rendered","format":"html"}]},"author":51,"featured_media":497730,"comment_status":"closed","ping_status":"closed","sticky":false,"template":"","format":"standard","meta":{"footnotes":""},"categories":[65,13],"tags":[],"class_list":["post-526079","post","type-post","status-publish","format-standard","has-post-thumbnail","hentry","category-lajme","category-te-fundit"],"gt_translate_keys":[{"key":"link","format":"url"}],"_links":{"self":[{"href":"https:\/\/www.hashtag.al\/index.php\/wp-json\/wp\/v2\/posts\/526079","targetHints":{"allow":["GET"]}}],"collection":[{"href":"https:\/\/www.hashtag.al\/index.php\/wp-json\/wp\/v2\/posts"}],"about":[{"href":"https:\/\/www.hashtag.al\/index.php\/wp-json\/wp\/v2\/types\/post"}],"author":[{"embeddable":true,"href":"https:\/\/www.hashtag.al\/index.php\/wp-json\/wp\/v2\/users\/51"}],"replies":[{"embeddable":true,"href":"https:\/\/www.hashtag.al\/index.php\/wp-json\/wp\/v2\/comments?post=526079"}],"version-history":[{"count":0,"href":"https:\/\/www.hashtag.al\/index.php\/wp-json\/wp\/v2\/posts\/526079\/revisions"}],"wp:featuredmedia":[{"embeddable":true,"href":"https:\/\/www.hashtag.al\/index.php\/wp-json\/wp\/v2\/media\/497730"}],"wp:attachment":[{"href":"https:\/\/www.hashtag.al\/index.php\/wp-json\/wp\/v2\/media?parent=526079"}],"wp:term":[{"taxonomy":"category","embeddable":true,"href":"https:\/\/www.hashtag.al\/index.php\/wp-json\/wp\/v2\/categories?post=526079"},{"taxonomy":"post_tag","embeddable":true,"href":"https:\/\/www.hashtag.al\/index.php\/wp-json\/wp\/v2\/tags?post=526079"}],"curies":[{"name":"wp","href":"https:\/\/api.w.org\/{rel}","templated":true}]}}