{"id":525850,"date":"2022-05-25T12:56:33","date_gmt":"2022-05-25T10:56:33","guid":{"rendered":"https:\/\/www.hashtag.al\/?p=525850"},"modified":"2022-05-25T12:56:33","modified_gmt":"2022-05-25T10:56:33","slug":"vucic-fton-abazovicin-ti-bashkohet-nismes-ballkani-i-hapur","status":"publish","type":"post","link":"https:\/\/www.hashtag.al\/index.php\/2022\/05\/25\/vucic-fton-abazovicin-ti-bashkohet-nismes-ballkani-i-hapur\/","title":{"rendered":"Vu\u00e7i\u00e7 fton Abazovi\u00e7in t\u2019i bashkohet nism\u00ebs Ballkani i Hapur","gt_translate_keys":[{"key":"rendered","format":"text"}]},"content":{"rendered":"<p style=\"text-align: justify;\"><span style=\"color: #000000;\"><img loading=\"lazy\" decoding=\"async\" class=\"size-full wp-image-525852\" src=\"https:\/\/www.hashtag.al\/wp-content\/uploads\/2022\/05\/abazi-vucici.png\" alt=\"\" width=\"1106\" height=\"681\" srcset=\"https:\/\/www.hashtag.al\/wp-content\/uploads\/2022\/05\/abazi-vucici.png 1106w, https:\/\/www.hashtag.al\/wp-content\/uploads\/2022\/05\/abazi-vucici-300x185.png 300w, https:\/\/www.hashtag.al\/wp-content\/uploads\/2022\/05\/abazi-vucici-1024x631.png 1024w, https:\/\/www.hashtag.al\/wp-content\/uploads\/2022\/05\/abazi-vucici-768x473.png 768w\" sizes=\"auto, (max-width: 1106px) 100vw, 1106px\" \/><\/span><\/p>\n<p style=\"text-align: justify;\"><span style=\"color: #000000;\">Presidenti i Serbis\u00eb, Aleksandar Vu\u00e7i\u00e7, e ftoi kryeministrin e Malit t\u00eb Zi, Dritan Abazovi\u00e7, q\u00eb t\u2019i bashkohet nj\u00eb takimi t\u00eb nism\u00ebs rajonale, \u201cBallkani i Hapur\u201d, q\u00eb do t\u00eb mbahet n\u00eb Oh\u00ebr t\u00eb Maqedonis\u00eb s\u00eb Veriut.<\/span><\/p>\n<p style=\"text-align: justify;\"><span style=\"color: #000000;\">M\u00eb 25 maj, Vu\u00e7i\u00e7 u takua me Abazovi\u00e7in, teksa t\u00eb dy lider\u00ebt po marrin pjes\u00eb n\u00eb Forumin Ekonomik Bot\u00ebror n\u00eb Davos t\u00eb Zvicr\u00ebs.<\/span><\/p>\n<p style=\"text-align: justify;\"><span style=\"color: #000000;\">Forumi n\u00eb Davos, q\u00eb nisi m\u00eb 22 dhe do t\u00eb zgjas\u00eb deri m\u00eb 26 maj, po mbahet pas nj\u00eb pauze dyvje\u00e7are p\u00ebr shkak t\u00eb pandemis\u00eb s\u00eb koronavirusit.<\/span><\/p>\n<p style=\"text-align: justify;\"><span style=\"color: #000000;\">\u201cEdhe nj\u00eb mund\u00ebsi e shk\u00eblqyer p\u00ebr t\u00eb diskutuar \u00e7\u00ebshtje dypal\u00ebshe me Dritan Abazoviqin gjat\u00eb Forumit Ekonomik Bot\u00ebror, por edhe p\u00ebr ta ftuar edhe nj\u00eb her\u00eb q\u00eb t\u00eb bashkohet me ne n\u00eb takimin e nism\u00ebs s\u00eb \u2018Ballkanit t\u00eb Hapur\u2019 n\u00eb Oh\u00ebr\u201d, tha Vu\u00e7i\u00e7 p\u00ebrmes nj\u00eb postimi n\u00eb Instagram.<\/span><\/p>\n<p style=\"text-align: justify;\"><span style=\"color: #000000;\">Nd\u00ebrkaq, Abazovi\u00e7 tha se shteti i tij \u00ebsht\u00eb duke b\u00ebr\u00eb p\u00ebrpjekje p\u00ebr t\u00eb promovuar nj\u00eb politik\u00eb t\u00eb bashk\u00ebpunimit rajonal, pajtimit, bashk\u00ebjetes\u00ebs dhe kohezionit m\u00eb t\u00eb mir\u00eb ekonomik n\u00eb Ballkanin Per\u00ebndimor.<\/span><\/p>\n<p style=\"text-align: justify;\"><span style=\"color: #000000;\">\u201cMarr\u00ebdh\u00ebniet me Serbin\u00eb jan\u00eb prioritet \u2013 jemi t\u00eb gatsh\u00ebm p\u00ebr bashk\u00ebpunim intensiv n\u00eb t\u00eb gjitha fushat me interes t\u00eb p\u00ebrbashk\u00ebt\u201d, shkroi Abazovi\u00e7 n\u00eb llogarin\u00eb e tij n\u00eb Twitter.<\/span><\/p>\n","protected":false,"gt_translate_keys":[{"key":"rendered","format":"html"}]},"excerpt":{"rendered":"<p>Presidenti i Serbis\u00eb, Aleksandar Vu\u00e7i\u00e7, e ftoi kryeministrin e Malit t\u00eb Zi, Dritan Abazovi\u00e7, q\u00eb t\u2019i bashkohet nj\u00eb takimi t\u00eb nism\u00ebs rajonale, \u201cBallkani i Hapur\u201d, q\u00eb do t\u00eb mbahet n\u00eb Oh\u00ebr t\u00eb Maqedonis\u00eb s\u00eb Veriut. M\u00eb 25 maj, Vu\u00e7i\u00e7 u takua me Abazovi\u00e7in, teksa t\u00eb dy lider\u00ebt po marrin pjes\u00eb n\u00eb Forumin Ekonomik Bot\u00ebror n\u00eb [&hellip;]<\/p>\n","protected":false,"gt_translate_keys":[{"key":"rendered","format":"html"}]},"author":32,"featured_media":525852,"comment_status":"closed","ping_status":"closed","sticky":false,"template":"","format":"standard","meta":{"footnotes":""},"categories":[149,13],"tags":[],"class_list":["post-525850","post","type-post","status-publish","format-standard","has-post-thumbnail","hentry","category-kosoverajon","category-te-fundit"],"gt_translate_keys":[{"key":"link","format":"url"}],"_links":{"self":[{"href":"https:\/\/www.hashtag.al\/index.php\/wp-json\/wp\/v2\/posts\/525850","targetHints":{"allow":["GET"]}}],"collection":[{"href":"https:\/\/www.hashtag.al\/index.php\/wp-json\/wp\/v2\/posts"}],"about":[{"href":"https:\/\/www.hashtag.al\/index.php\/wp-json\/wp\/v2\/types\/post"}],"author":[{"embeddable":true,"href":"https:\/\/www.hashtag.al\/index.php\/wp-json\/wp\/v2\/users\/32"}],"replies":[{"embeddable":true,"href":"https:\/\/www.hashtag.al\/index.php\/wp-json\/wp\/v2\/comments?post=525850"}],"version-history":[{"count":0,"href":"https:\/\/www.hashtag.al\/index.php\/wp-json\/wp\/v2\/posts\/525850\/revisions"}],"wp:featuredmedia":[{"embeddable":true,"href":"https:\/\/www.hashtag.al\/index.php\/wp-json\/wp\/v2\/media\/525852"}],"wp:attachment":[{"href":"https:\/\/www.hashtag.al\/index.php\/wp-json\/wp\/v2\/media?parent=525850"}],"wp:term":[{"taxonomy":"category","embeddable":true,"href":"https:\/\/www.hashtag.al\/index.php\/wp-json\/wp\/v2\/categories?post=525850"},{"taxonomy":"post_tag","embeddable":true,"href":"https:\/\/www.hashtag.al\/index.php\/wp-json\/wp\/v2\/tags?post=525850"}],"curies":[{"name":"wp","href":"https:\/\/api.w.org\/{rel}","templated":true}]}}