{"id":525819,"date":"2022-05-25T11:05:34","date_gmt":"2022-05-25T09:05:34","guid":{"rendered":"https:\/\/www.hashtag.al\/?p=525819"},"modified":"2022-05-25T11:05:34","modified_gmt":"2022-05-25T09:05:34","slug":"ne-golem-hapet-plazhi-i-pare-publik-per-personat-me-aftesi-ndryshe-nismetarja-25-vite-nuk-jam-lare-kurre-ne-detin-tone","status":"publish","type":"post","link":"https:\/\/www.hashtag.al\/index.php\/2022\/05\/25\/ne-golem-hapet-plazhi-i-pare-publik-per-personat-me-aftesi-ndryshe-nismetarja-25-vite-nuk-jam-lare-kurre-ne-detin-tone\/","title":{"rendered":"N\u00eb Golem hapet plazhi i par\u00eb publik p\u00ebr personat me aft\u00ebsi ndryshe, nism\u00ebtarja: 25 vite nuk jam lar\u00eb kurr\u00eb n\u00eb detin ton\u00eb","gt_translate_keys":[{"key":"rendered","format":"text"}]},"content":{"rendered":"<p style=\"text-align: justify;\"><span style=\"color: #000000;\"><img loading=\"lazy\" decoding=\"async\" class=\"aligncenter size-full wp-image-525820\" src=\"https:\/\/www.hashtag.al\/wp-content\/uploads\/2022\/05\/suela.png\" alt=\"\" width=\"1122\" height=\"647\" srcset=\"https:\/\/www.hashtag.al\/wp-content\/uploads\/2022\/05\/suela.png 1122w, https:\/\/www.hashtag.al\/wp-content\/uploads\/2022\/05\/suela-300x173.png 300w, https:\/\/www.hashtag.al\/wp-content\/uploads\/2022\/05\/suela-1024x590.png 1024w, https:\/\/www.hashtag.al\/wp-content\/uploads\/2022\/05\/suela-768x443.png 768w, https:\/\/www.hashtag.al\/wp-content\/uploads\/2022\/05\/suela-250x145.png 250w\" sizes=\"auto, (max-width: 1122px) 100vw, 1122px\" \/><\/span><\/p>\n<p style=\"text-align: justify;\"><span style=\"color: #000000;\">N\u00eb Golem \u00ebsht\u00eb hapur p\u00ebr her\u00eb t\u00eb par\u00eb nj\u00eb plazh p\u00ebr personat me aft\u00ebsi ndryshe.<\/span><\/p>\n<p style=\"text-align: justify;\"><span style=\"color: #000000;\">Hapja e plazhit \u00ebsht\u00eb nj\u00eb nism\u00eb e fondacionit \u201cS\u00eb bashku\u201d me mb\u00ebshtetjen e qeveris\u00eb australiane dhe bashkis\u00eb s\u00eb Kavaj\u00ebs.<\/span><\/p>\n<p style=\"text-align: justify;\"><span style=\"color: #000000;\">Drejtuesja e fondacionit, Suela Lala n\u00eb nj\u00eb intervist\u00eb p\u00ebr emisionin \u201cAbc-ja e m\u00ebngjesit\u201d se ka 25 vite q\u00eb \u00ebsht\u00eb e paralizuar dhe se nuk \u00ebsht\u00eb lar\u00eb kurr\u00eb n\u00eb det n\u00eb vendin ton\u00eb.<\/span><\/p>\n<p style=\"text-align: justify;\"><span style=\"color: #000000;\">Ajo tregoi se jan\u00eb p\u00ebrballur me shum\u00eb probleme me bizneset private p\u00ebrreth plazhit.<\/span><\/p>\n<p style=\"text-align: justify;\"><span style=\"color: #000000;\"><em>\u201cDuhet nj\u00eb karrige me rrota plazhi q\u00eb l\u00ebviz lirsh\u00ebm dhe n\u00eb r\u00ebr\u00eb. E dyta, mund t\u00eb lahesh me t\u00eb. Mund t\u00eb futesh lirisht me t\u00eb n\u00eb det si gjith\u00eb t\u00eb tjer\u00ebt. Nuk kishte nj\u00eb plazh t\u00eb till\u00eb n\u00eb vendin ton\u00eb. Nuk jam lar\u00eb kurr\u00eb n\u00eb detin ton\u00eb. Ne jemi t\u00eb fundit n\u00eb k\u00ebt\u00eb drejtim, sepse plazhe t\u00eb tilla n\u00eb vendet per\u00ebndimore.<\/em><\/span><\/p>\n<p style=\"text-align: justify;\"><span style=\"color: #000000;\"><em>Mbase ishim von\u00eb, por fal\u00eb mb\u00ebshtetjes s\u00eb qeveris\u00eb australiane dhe Bashkis\u00eb s\u00eb Kavaj\u00ebs, u b\u00eb e mundur q\u00eb t\u00eb kemi nj\u00eb plazh p\u00ebr personat me aft\u00ebsi t\u00eb kufizuara. Nuk ka plazhe private t\u00eb aksesueshme n\u00eb Shqip\u00ebri dhe pse jan\u00eb kriter p\u00ebr marrjen e flamurit blu. Plazhi gjendet 500 metra nga rrethrrotullimi i Golemit.<\/em><\/span><\/p>\n<p style=\"text-align: justify;\"><span style=\"color: #000000;\"><em>Ne donim t\u00eb jepnim k\u00ebt\u00eb model aty ku turizmi i huaj \u00ebsht\u00eb m\u00eb i lart\u00eb dhe p\u00ebr t\u00eb nxitur t\u00eb tjer\u00ebt p\u00ebr t\u00eb b\u00ebr\u00eb t\u00eb nj\u00ebjt\u00ebn gj\u00eb p\u00ebr t\u00eb par\u00eb suksesin e k\u00ebsaj nis<\/em>me.\u201d, tha Suela.<\/span><\/p>\n","protected":false,"gt_translate_keys":[{"key":"rendered","format":"html"}]},"excerpt":{"rendered":"<p>N\u00eb Golem \u00ebsht\u00eb hapur p\u00ebr her\u00eb t\u00eb par\u00eb nj\u00eb plazh p\u00ebr personat me aft\u00ebsi ndryshe. Hapja e plazhit \u00ebsht\u00eb nj\u00eb nism\u00eb e fondacionit \u201cS\u00eb bashku\u201d me mb\u00ebshtetjen e qeveris\u00eb australiane dhe bashkis\u00eb s\u00eb Kavaj\u00ebs. Drejtuesja e fondacionit, Suela Lala n\u00eb nj\u00eb intervist\u00eb p\u00ebr emisionin \u201cAbc-ja e m\u00ebngjesit\u201d se ka 25 vite q\u00eb \u00ebsht\u00eb e paralizuar [&hellip;]<\/p>\n","protected":false,"gt_translate_keys":[{"key":"rendered","format":"html"}]},"author":32,"featured_media":525820,"comment_status":"closed","ping_status":"closed","sticky":false,"template":"","format":"standard","meta":{"footnotes":""},"categories":[65,13],"tags":[],"class_list":["post-525819","post","type-post","status-publish","format-standard","has-post-thumbnail","hentry","category-lajme","category-te-fundit"],"gt_translate_keys":[{"key":"link","format":"url"}],"_links":{"self":[{"href":"https:\/\/www.hashtag.al\/index.php\/wp-json\/wp\/v2\/posts\/525819","targetHints":{"allow":["GET"]}}],"collection":[{"href":"https:\/\/www.hashtag.al\/index.php\/wp-json\/wp\/v2\/posts"}],"about":[{"href":"https:\/\/www.hashtag.al\/index.php\/wp-json\/wp\/v2\/types\/post"}],"author":[{"embeddable":true,"href":"https:\/\/www.hashtag.al\/index.php\/wp-json\/wp\/v2\/users\/32"}],"replies":[{"embeddable":true,"href":"https:\/\/www.hashtag.al\/index.php\/wp-json\/wp\/v2\/comments?post=525819"}],"version-history":[{"count":0,"href":"https:\/\/www.hashtag.al\/index.php\/wp-json\/wp\/v2\/posts\/525819\/revisions"}],"wp:featuredmedia":[{"embeddable":true,"href":"https:\/\/www.hashtag.al\/index.php\/wp-json\/wp\/v2\/media\/525820"}],"wp:attachment":[{"href":"https:\/\/www.hashtag.al\/index.php\/wp-json\/wp\/v2\/media?parent=525819"}],"wp:term":[{"taxonomy":"category","embeddable":true,"href":"https:\/\/www.hashtag.al\/index.php\/wp-json\/wp\/v2\/categories?post=525819"},{"taxonomy":"post_tag","embeddable":true,"href":"https:\/\/www.hashtag.al\/index.php\/wp-json\/wp\/v2\/tags?post=525819"}],"curies":[{"name":"wp","href":"https:\/\/api.w.org\/{rel}","templated":true}]}}