{"id":525687,"date":"2022-05-24T13:59:29","date_gmt":"2022-05-24T11:59:29","guid":{"rendered":"https:\/\/www.hashtag.al\/?p=525687"},"modified":"2022-05-24T13:59:29","modified_gmt":"2022-05-24T11:59:29","slug":"heshtja-qe-po-grabit-plazhin-e-gjeneralit","status":"publish","type":"post","link":"https:\/\/www.hashtag.al\/index.php\/2022\/05\/24\/heshtja-qe-po-grabit-plazhin-e-gjeneralit\/","title":{"rendered":"Heshtja q\u00eb po grabit Plazhin e Gjeneralit","gt_translate_keys":[{"key":"rendered","format":"text"}]},"content":{"rendered":"<p><em><strong><span style=\"color: #000000;\"><a href=\"https:\/\/www.hashtag.al\/wp-content\/uploads\/2022\/05\/ramashijaku.jpg\"><img loading=\"lazy\" decoding=\"async\" class=\"aligncenter size-full wp-image-525688\" src=\"https:\/\/www.hashtag.al\/wp-content\/uploads\/2022\/05\/ramashijaku.jpg\" alt=\"\" width=\"1316\" height=\"740\" srcset=\"https:\/\/www.hashtag.al\/wp-content\/uploads\/2022\/05\/ramashijaku.jpg 1316w, https:\/\/www.hashtag.al\/wp-content\/uploads\/2022\/05\/ramashijaku-300x169.jpg 300w, https:\/\/www.hashtag.al\/wp-content\/uploads\/2022\/05\/ramashijaku-1024x576.jpg 1024w, https:\/\/www.hashtag.al\/wp-content\/uploads\/2022\/05\/ramashijaku-768x432.jpg 768w\" sizes=\"auto, (max-width: 1316px) 100vw, 1316px\" \/><\/a><\/span><\/strong><\/em><\/p>\n<p><em><strong><span style=\"color: #000000;\">Nga Klodian Tomorri<\/span><\/strong><\/em><\/p>\n<p><span style=\"color: #000000;\">Koncesioni i Portit t\u00eb Durr\u00ebsit dhe investimi strategjik n\u00eb Plazhin e Gjeneralit n\u00eb thelb jan\u00eb e nj\u00ebjta gj\u00eb. Tjet\u00ebrsim masiv i pron\u00ebs publike n\u00eb vlera marramend\u00ebse me forc\u00ebn e ligjeve perverse.<\/span><\/p>\n<p><span style=\"color: #000000;\">N\u00eb portin e Durr\u00ebsit qeveria po i fal 70 hektar\u00eb tok\u00eb tek nj\u00eb kompani private me justifikimin se aty do t\u00eb investohen 2 miliard\u00eb euro. N\u00eb Plazhin e Gjeneralit po falen 63.5 hektar\u00eb tok\u00eb po tek nj\u00eb privat, me justifikimin se ky do t\u00eb investoj\u00eb 50 milion\u00eb euro.<\/span><\/p>\n<p><span style=\"color: #000000;\">P\u00ebrmasat e grabitjes jan\u00eb thuajse t\u00eb nj\u00ebjta. 70 hektar\u00eb bregdet n\u00eb Durr\u00ebs dhe 63.5 hektar\u00eb bregdet n\u00eb Kavaj\u00eb. Ndryshimi i vet\u00ebm \u00ebsht\u00eb se tek Porti i Durr\u00ebsit privati del nj\u00eb biznesmen arab, nd\u00ebrsa n\u00eb Plazhin e Gjeneralit privati \u00ebsht\u00eb shqiptar. N\u00eb letra. Se n\u00eb realitet askush nuk e di se kush \u00ebsht\u00eb privati i v\u00ebrtet\u00eb. \u00a0\u00a0<\/span><\/p>\n<p><span style=\"color: #000000;\">Por ka dhe nj\u00eb ndryshim tjet\u00ebr m\u00eb pak t\u00eb duksh\u00ebm. P\u00ebr afer\u00ebn e Portit t\u00eb Durr\u00ebsit \u00ebsht\u00eb folur dhe denoncuar gjer\u00eb e gjat\u00eb. Megaafer\u00eb, megavjedhje, korrupsion i friksh\u00ebm e k\u00ebshtu me radh\u00eb. Dhe kjo \u00ebsht\u00eb arsyeja se pse qeveria nuk po e mbyll dot aq leht\u00eb at\u00eb pun\u00eb, pavar\u00ebsisht vizitave nj\u00eb her\u00eb n\u00eb dy jav\u00eb t\u00eb ministres s\u00eb infrastruktur\u00ebs n\u00eb Dubai. Por p\u00ebr Plazhin e Gjeneralit \u00e7udit\u00ebrisht nuk flet askush. Arsyen se pse un\u00eb nuk e di. Por kjo \u00ebsht\u00eb nj\u00eb heshtje zuzar\u00ebsh.<\/span><\/p>\n<p><span style=\"color: #000000;\">N\u00eb terma t\u00eb vepr\u00ebs, afera e Plazhit t\u00eb Gjeneralit \u00ebsht\u00eb nj\u00eb grabitje edhe m\u00eb e r\u00ebnd\u00eb se sa koncesioni i Portit t\u00eb Durr\u00ebsit. P\u00ebr disa arsye. S\u00eb pari nga k\u00ebndv\u00ebshtrimi ekonomik. Sot nj\u00eb met\u00ebr katror\u00eb tok\u00eb n\u00eb Plazhin e Gjeneralit shitet rreth 80 euro. Kjo verifikohet leht\u00ebsisht nga transaksionet dhe ofertat q\u00eb publikojn\u00eb agjencit\u00eb e pasurive t\u00eb paluajtshme. Pra qeveria po tjet\u00ebrson 635 mij\u00eb met\u00ebr tok\u00eb shtet\u00ebrore falas. E p\u00ebrkthyer n\u00eb vler\u00eb kjo do t\u00eb thot\u00eb se Edi Rama po i fal kompanis\u00eb Mediterranean Wave t\u00eb Shp\u00ebtim Shijakut 50 milion\u00eb euro. Me nj\u00eb firm\u00eb.<\/span><\/p>\n<p><span style=\"color: #000000;\">S\u00eb dyti, nga k\u00ebndv\u00ebshtrimi ligjor. Brenda zon\u00ebs q\u00eb po tjet\u00ebrsohet ka monument natyror. Ligji thot\u00eb se monumentet natyrore jan\u00eb pron\u00eb publike e patjet\u00ebrsueshme. Pra ndalohen kategorikisht te privatizohen. Por qeveria po e privatizon dhe falas madje, sigurisht duke b\u00ebr\u00eb artifica p\u00ebr t\u00eb anashkaluar ligjin,<\/span><\/p>\n<p><span style=\"color: #000000;\">Dhe n\u00eb fund, e gjitha kjo p\u00ebr \u00e7far\u00eb? Q\u00eb kompania private t\u00eb nd\u00ebrtoj\u00eb aty nj\u00eb resort dhe t\u00eb fitoj\u00eb para mbi tok\u00ebn e vjedhur shtet\u00ebrore. Ku \u00ebsht\u00eb interesi publik n\u00eb k\u00ebt\u00eb rast? Interes publik k\u00ebtu nuk ka. Ka vet\u00ebm nj\u00eb afer\u00eb, e cila po realizohet edhe fal\u00eb heshtjes s\u00eb atyre q\u00eb duhet t\u00eb flasin. \u00a0<\/span><\/p>\n<p><strong><span style=\"color: #000000;\"><span style=\"color: #ff0000;\">VINI RE:<\/span> Ky artikull \u00ebsht\u00eb pron\u00eb intelektuale e <span style=\"color: #0000ff;\"><a style=\"color: #0000ff;\" href=\"http:\/\/www.mcntv.al\/2022\/05\/24\/heshtja-q-po-grabit-plazhin-e-gjeneralit?fbclid=IwAR2sWltq4jrnkk85VT5kU7SkIHPO4oUdE_E-Zt1TkqXx9BOU5xINB49uiFg\">MCN TV<\/a><\/span><\/span><\/strong><\/p>\n","protected":false,"gt_translate_keys":[{"key":"rendered","format":"html"}]},"excerpt":{"rendered":"<p>Nga Klodian Tomorri Koncesioni i Portit t\u00eb Durr\u00ebsit dhe investimi strategjik n\u00eb Plazhin e Gjeneralit n\u00eb thelb jan\u00eb e nj\u00ebjta gj\u00eb. Tjet\u00ebrsim masiv i pron\u00ebs publike n\u00eb vlera marramend\u00ebse me forc\u00ebn e ligjeve perverse. N\u00eb portin e Durr\u00ebsit qeveria po i fal 70 hektar\u00eb tok\u00eb tek nj\u00eb kompani private me justifikimin se aty do t\u00eb [&hellip;]<\/p>\n","protected":false,"gt_translate_keys":[{"key":"rendered","format":"html"}]},"author":30,"featured_media":525688,"comment_status":"closed","ping_status":"closed","sticky":false,"template":"","format":"standard","meta":{"footnotes":""},"categories":[22,65,13],"tags":[],"class_list":["post-525687","post","type-post","status-publish","format-standard","has-post-thumbnail","hentry","category-ballina","category-lajme","category-te-fundit"],"gt_translate_keys":[{"key":"link","format":"url"}],"_links":{"self":[{"href":"https:\/\/www.hashtag.al\/index.php\/wp-json\/wp\/v2\/posts\/525687","targetHints":{"allow":["GET"]}}],"collection":[{"href":"https:\/\/www.hashtag.al\/index.php\/wp-json\/wp\/v2\/posts"}],"about":[{"href":"https:\/\/www.hashtag.al\/index.php\/wp-json\/wp\/v2\/types\/post"}],"author":[{"embeddable":true,"href":"https:\/\/www.hashtag.al\/index.php\/wp-json\/wp\/v2\/users\/30"}],"replies":[{"embeddable":true,"href":"https:\/\/www.hashtag.al\/index.php\/wp-json\/wp\/v2\/comments?post=525687"}],"version-history":[{"count":0,"href":"https:\/\/www.hashtag.al\/index.php\/wp-json\/wp\/v2\/posts\/525687\/revisions"}],"wp:featuredmedia":[{"embeddable":true,"href":"https:\/\/www.hashtag.al\/index.php\/wp-json\/wp\/v2\/media\/525688"}],"wp:attachment":[{"href":"https:\/\/www.hashtag.al\/index.php\/wp-json\/wp\/v2\/media?parent=525687"}],"wp:term":[{"taxonomy":"category","embeddable":true,"href":"https:\/\/www.hashtag.al\/index.php\/wp-json\/wp\/v2\/categories?post=525687"},{"taxonomy":"post_tag","embeddable":true,"href":"https:\/\/www.hashtag.al\/index.php\/wp-json\/wp\/v2\/tags?post=525687"}],"curies":[{"name":"wp","href":"https:\/\/api.w.org\/{rel}","templated":true}]}}