{"id":525684,"date":"2022-05-24T13:50:18","date_gmt":"2022-05-24T11:50:18","guid":{"rendered":"https:\/\/www.hashtag.al\/?p=525684"},"modified":"2022-05-24T14:03:05","modified_gmt":"2022-05-24T12:03:05","slug":"mcallister-pyetet-nese-do-kete-bashkepunim-me-berishen-smund-te-komentoj-sot-por-do-perpiqemi-te-tejkalohen-dallimet-ose-ndasite","status":"publish","type":"post","link":"https:\/\/www.hashtag.al\/index.php\/2022\/05\/24\/mcallister-pyetet-nese-do-kete-bashkepunim-me-berishen-smund-te-komentoj-sot-por-do-perpiqemi-te-tejkalohen-dallimet-ose-ndasite\/","title":{"rendered":"McAllister pyetet n\u00ebse do ket\u00eb bashk\u00ebpunim me Berish\u00ebn: S\u2019mund t\u00eb komentoj sot, por do p\u00ebrpiqemi t\u00eb tejkalohen dallimet ose ndasit\u00eb","gt_translate_keys":[{"key":"rendered","format":"text"}]},"content":{"rendered":"<p><span style=\"color: #000000;\"><a style=\"color: #000000;\" href=\"https:\/\/www.hashtag.al\/wp-content\/uploads\/2022\/05\/McAllister.jpg\"><img loading=\"lazy\" decoding=\"async\" class=\"aligncenter size-full wp-image-525685\" src=\"https:\/\/www.hashtag.al\/wp-content\/uploads\/2022\/05\/McAllister.jpg\" alt=\"\" width=\"633\" height=\"450\" srcset=\"https:\/\/www.hashtag.al\/wp-content\/uploads\/2022\/05\/McAllister.jpg 633w, https:\/\/www.hashtag.al\/wp-content\/uploads\/2022\/05\/McAllister-300x213.jpg 300w\" sizes=\"auto, (max-width: 633px) 100vw, 633px\" \/><\/a><\/span><\/p>\n<p><span style=\"color: #000000;\">Kryetari i Komisionit t\u00eb jasht\u00ebm t\u00eb PE-s\u00eb David McAllister u pyet nga gazetar\u00ebt n\u00eb lidhje me situat\u00ebn n\u00eb Partin\u00eb Demokratike dhe rizgjedhjen e Sali Berish\u00ebs si kryetar.<\/span><\/p>\n<p><span style=\"color: #000000;\">Ai theksoi se sot ndodhet n\u00eb Tiran\u00eb si kreu i komisionit parlamentar i \u00e7\u00ebshtjeve t\u00eb jashtme n\u00eb PE dhe jo si zv.president i PPE-s\u00eb dhe p\u00ebr k\u00ebt\u00eb arsye nuk mund t\u00eb komentoj\u00eb zhvillimet n\u00eb PD.<\/span><\/p>\n<p><span style=\"color: #000000;\">Megjithat\u00eb McAllister shtoi se si an\u00ebtar i CDU-s\u00eb dhe si zv.president i PPE-s\u00eb do p\u00ebrpiqen q\u00eb t\u00eb tejkalohen dallimet ose ndasit\u00eb.<\/span><\/p>\n<p><span style=\"color: #000000;\"><em>\u201cIshte goxha p\u00ebrvoj\u00eb ajo q\u00eb pat\u00ebm n\u00eb 2017 kur pat\u00ebm nderin t\u00eb ndihmonim n\u00eb tejkalimin e disa diferencave politike. Kam simpati p\u00ebr Shqip\u00ebrin\u00eb dhe shqiptar\u00ebt. Sot jam k\u00ebtu si kreu i komisionit parlamentar i \u00e7\u00ebshtjeve t\u00eb jashtme. Sot nuk kam mund\u00ebsi t\u00eb b\u00ebj komente publike p\u00ebr \u00e7far\u00eb po ndodh n\u00eb PD.<\/em><\/span><\/p>\n<p><span style=\"color: #000000;\"><em>T\u00eb jeni t\u00eb sigurt se n\u00eb kapacitetin tim si an\u00ebtar i CDU po i ndjekim t\u00eb gjitha zhvillimet n\u00eb PD nga af\u00ebr dhe do p\u00ebrpiqemi t\u00eb japim mb\u00ebshtetjen ton\u00eb si EPP q\u00eb t\u00eb tejkalohen dallimet ose ndasit\u00eb.\u201d<\/em>&#8211; tha McAllister.<\/span><\/p>\n<p><span style=\"color: #000000;\">Gazetar\u00ebt k\u00ebmb\u00ebngul\u00ebn n\u00eb pyetjen n\u00ebse do e njohin apo do bashk\u00ebpunojn\u00eb me Berish\u00ebn.<\/span><\/p>\n<p><span style=\"color: #000000;\">Por ai u p\u00ebrgjigj:<em> \u201cSa e thash\u00eb, un\u00eb jam k\u00ebtu si kreu i delegacionit parlamentar, jo si p\u00ebrfaq\u00ebsues i EPP dhe nuk \u00ebsht\u00eb vendi p\u00ebr t\u00eb diskutuar p\u00ebr zhvillimet n\u00eb PD. Do kemi nj\u00eb konferenc\u00eb n\u00eb Roterdam jav\u00ebs q\u00eb vjen, atje do kemi takime, dhe do diskutojm\u00eb dhe p\u00ebr zhvillimet n\u00eb Shqip\u00ebri.\u201d<\/em><\/span><\/p>\n<p><span style=\"color: #000000;\">David McAllister i cili ka ardhur n\u00eb Tiran\u00eb si kryetari i Komitetit t\u00eb jasht\u00ebm t\u00eb PE, tha n\u00eb nj\u00eb konferenc\u00eb p\u00ebr mediat se duhet t\u00eb hapen negociatat p\u00ebr Shqip\u00ebrin\u00eb dhe Maqedonin\u00eb e Veriut, pasi dy vendet sipas tij i kan\u00eb plot\u00ebsuar kushtet.<\/span><\/p>\n<p><span style=\"color: #000000;\"><em>\u201cKemi pasur disa takime, me Met\u00ebn, Ram\u00ebn dhe Jorida Tabukun e cila \u00ebsht\u00eb edhe kryetarja e komunitetit p\u00ebr integrimin e BE-s\u00eb. Shqip\u00ebria \u00ebsht\u00eb nj\u00eb an\u00ebtar\u00eb e vlefshme e familje son\u00eb Europaine dhe nj\u00eb aleat q\u00eb ka kryer nj\u00eb rol ky\u00e7 p\u00ebr \u00e7\u00ebshtjen e siguris\u00eb s\u00eb Europ\u00ebn. Gjat\u00eb takimeve tona me politik\u00ebb\u00ebr\u00ebs dhe shoq\u00ebri civile kemi dh\u00ebn\u00eb k\u00ebto mesazhe: BE s\u2019ka koh\u00eb p\u00ebr t\u00eb humbur p\u00ebr \u00e7eljen e negociatave me Shqip\u00ebrin\u00eb\u00a0dhe Maqedonin\u00eb e Veriut sepse t\u00eb dy vendet kan\u00eb p\u00ebrmbushur kushtet. Shqip\u00ebria nuk ka koh\u00eb p\u00ebr t\u00eb humbur p\u00ebr t\u00eb vijuar reformat n\u00eb t\u00eb mir\u00eb t\u00eb qytetar\u00ebve. Duhet bashk\u00ebpunim konstruktiv politik dhe konkurrenc\u00eb, zgjedhje me gar\u00eb t\u00eb plot\u00eb. Pal\u00ebt politike t\u00eb angazhohen n\u00eb m\u00ebnyr\u00eb konstruktive. Shqip\u00ebria ka arritur progres t\u00eb konsideruesh\u00ebm n\u00eb Reform\u00ebn n\u00eb Drejt\u00ebsi dhe kjo duhet t\u00eb sjell\u00eb funksionalitet t\u00eb plot\u00eb t\u00eb drejt\u00ebsis\u00eb.\u201d-<\/em> tha zyrtari i lart\u00eb.<\/span><\/p>\n","protected":false,"gt_translate_keys":[{"key":"rendered","format":"html"}]},"excerpt":{"rendered":"<p>Kryetari i Komisionit t\u00eb jasht\u00ebm t\u00eb PE-s\u00eb David McAllister u pyet nga gazetar\u00ebt n\u00eb lidhje me situat\u00ebn n\u00eb Partin\u00eb Demokratike dhe rizgjedhjen e Sali Berish\u00ebs si kryetar. Ai theksoi se sot ndodhet n\u00eb Tiran\u00eb si kreu i komisionit parlamentar i \u00e7\u00ebshtjeve t\u00eb jashtme n\u00eb PE dhe jo si zv.president i PPE-s\u00eb dhe p\u00ebr k\u00ebt\u00eb arsye [&hellip;]<\/p>\n","protected":false,"gt_translate_keys":[{"key":"rendered","format":"html"}]},"author":30,"featured_media":0,"comment_status":"closed","ping_status":"closed","sticky":false,"template":"","format":"standard","meta":{"footnotes":""},"categories":[65,13],"tags":[],"class_list":["post-525684","post","type-post","status-publish","format-standard","hentry","category-lajme","category-te-fundit"],"gt_translate_keys":[{"key":"link","format":"url"}],"_links":{"self":[{"href":"https:\/\/www.hashtag.al\/index.php\/wp-json\/wp\/v2\/posts\/525684","targetHints":{"allow":["GET"]}}],"collection":[{"href":"https:\/\/www.hashtag.al\/index.php\/wp-json\/wp\/v2\/posts"}],"about":[{"href":"https:\/\/www.hashtag.al\/index.php\/wp-json\/wp\/v2\/types\/post"}],"author":[{"embeddable":true,"href":"https:\/\/www.hashtag.al\/index.php\/wp-json\/wp\/v2\/users\/30"}],"replies":[{"embeddable":true,"href":"https:\/\/www.hashtag.al\/index.php\/wp-json\/wp\/v2\/comments?post=525684"}],"version-history":[{"count":0,"href":"https:\/\/www.hashtag.al\/index.php\/wp-json\/wp\/v2\/posts\/525684\/revisions"}],"wp:attachment":[{"href":"https:\/\/www.hashtag.al\/index.php\/wp-json\/wp\/v2\/media?parent=525684"}],"wp:term":[{"taxonomy":"category","embeddable":true,"href":"https:\/\/www.hashtag.al\/index.php\/wp-json\/wp\/v2\/categories?post=525684"},{"taxonomy":"post_tag","embeddable":true,"href":"https:\/\/www.hashtag.al\/index.php\/wp-json\/wp\/v2\/tags?post=525684"}],"curies":[{"name":"wp","href":"https:\/\/api.w.org\/{rel}","templated":true}]}}