{"id":525673,"date":"2022-05-24T13:24:29","date_gmt":"2022-05-24T11:24:29","guid":{"rendered":"https:\/\/www.hashtag.al\/?p=525673"},"modified":"2022-05-24T13:24:29","modified_gmt":"2022-05-24T11:24:29","slug":"vrasja-e-policit-ne-komisariat-amp-kolegu-25-vjecar-akuzohet-per-vrasje-me-paramendim-qelloi-disa-here-me-armen-e-sherbimit","status":"publish","type":"post","link":"https:\/\/www.hashtag.al\/index.php\/2022\/05\/24\/vrasja-e-policit-ne-komisariat-amp-kolegu-25-vjecar-akuzohet-per-vrasje-me-paramendim-qelloi-disa-here-me-armen-e-sherbimit\/","title":{"rendered":"Vrasja e policit n\u00eb Komisariat\/ AMP: Kolegu 25-vje\u00e7ar akuzohet p\u00ebr vrasje me paramendim, q\u00eblloi disa her\u00eb me arm\u00ebn e sh\u00ebrbimit","gt_translate_keys":[{"key":"rendered","format":"text"}]},"content":{"rendered":"<p><span style=\"color: #000000;\"><a href=\"https:\/\/www.hashtag.al\/wp-content\/uploads\/2022\/05\/zaimi-saliasi.jpg\"><img loading=\"lazy\" decoding=\"async\" class=\"aligncenter size-full wp-image-525674\" src=\"https:\/\/www.hashtag.al\/wp-content\/uploads\/2022\/05\/zaimi-saliasi.jpg\" alt=\"\" width=\"1557\" height=\"660\" srcset=\"https:\/\/www.hashtag.al\/wp-content\/uploads\/2022\/05\/zaimi-saliasi.jpg 1557w, https:\/\/www.hashtag.al\/wp-content\/uploads\/2022\/05\/zaimi-saliasi-300x127.jpg 300w, https:\/\/www.hashtag.al\/wp-content\/uploads\/2022\/05\/zaimi-saliasi-1024x434.jpg 1024w, https:\/\/www.hashtag.al\/wp-content\/uploads\/2022\/05\/zaimi-saliasi-768x326.jpg 768w, https:\/\/www.hashtag.al\/wp-content\/uploads\/2022\/05\/zaimi-saliasi-1536x651.jpg 1536w\" sizes=\"auto, (max-width: 1557px) 100vw, 1557px\" \/><\/a><\/span><\/p>\n<p><span style=\"color: #000000;\">Agjencia e Mbik\u00ebqyrjes Policore ka publikuar sot informacionin zyrtar p\u00ebr vrasjen e ndodhur n\u00eb komisariatin num\u00ebr 3 mbr\u00ebmjen e kaluar.<\/span><\/p>\n<p><span style=\"color: #000000;\">Sipas AMP-s\u00eb, 25-vje\u00e7ari Ludian Zaimi akuzohet p\u00ebr \u201cvrasje me paramendim\u201d.<\/span><\/p>\n<p><span style=\"color: #000000;\">Oficeri i patrull\u00ebs s\u00eb p\u00ebrgjithshme n\u00eb Komisariatin e Policis\u00eb Nr. 3 Tiran\u00eb thuhet se ka q\u00eblluar disa her\u00eb3 mbi kolegun me arm\u00ebn e sh\u00ebrbimit, pas nj\u00eb konflikti p\u00ebr motive t\u00eb dob\u00ebta.<\/span><\/p>\n<p><strong><span style=\"color: #000000;\">NJOFTIMI<\/span><\/strong><\/p>\n<p><span style=\"color: #000000;\">Drejtoria e P\u00ebrgjithshme e Agjencis\u00eb s\u00eb Mbik\u00ebqyrjes Policore ka qen\u00eb e angazhuar maksimalisht p\u00ebr hetimin dhe dokumentimin e plot\u00eb t\u00eb ngjarjeve t\u00eb ndodhura n\u00eb qytetin e Tiran\u00ebs, si m\u00eb posht\u00eb vijon;<\/span><\/p>\n<p><span style=\"color: #000000;\">M\u00eb dat\u00eb 24.05.2022, Drejtoria Rajonale e AMP-s\u00eb Tiran\u00eb n\u00ebn drejtimin e Prokuroris\u00eb s\u00eb Rrethit Gjyq\u00ebsor Tiran\u00eb, pas kryerjes s\u00eb veprimeve t\u00eb para hetimore ka b\u00ebr\u00eb arrestimin n\u00eb flagranc\u00eb t\u00eb shtetasit Ludian Zaimi, me detyr\u00eb oficer i patrull\u00ebs p\u00ebrgjithshme n\u00eb Komisariatin e Policis\u00eb Nr. 3 Tiran\u00eb p\u00ebr kryerjen e vepr\u00ebs penale \u201cVrasje me paramendim\u201d, parashikuar nga neni 78 i Kodit Penal.<\/span><\/p>\n<p><span style=\"color: #000000;\">Arrestimi i punonj\u00ebsit t\u00eb policis\u00eb Ludian Zaimi, u krye pasi m\u00eb dat\u00eb 23.05.2022, n\u00eb ambientet e brendshme t\u00eb Komisariatit t\u00eb Policis\u00eb Nr. 3 Tiran\u00eb, ai ka q\u00eblluar disa her\u00eb me arm\u00ebn e sh\u00ebrbimit pas nj\u00eb konflikti p\u00ebr motive t\u00eb dob\u00ebta, punonj\u00ebsin e policis\u00eb \u00c7aush Saliasi, me detyr\u00eb oficer i patrull\u00ebs p\u00ebrgjithshme n\u00eb Komisariatin e Policis\u00eb Nr. 3 Tiran\u00eb, i cili si pasoj\u00eb e plag\u00ebve t\u00eb marra ka nd\u00ebrruar jet\u00eb n\u00eb spital.<\/span><\/p>\n<p><span style=\"color: #000000;\">\u00a0Grupi i posa\u00e7\u00ebm hetimor vijon kryerjen e veprimeve procedurale p\u00ebr sqarimin e rrethanave t\u00eb ngjarjes dhe dokumentimin me prova ligjore t\u00eb veprimeve t\u00eb autorit t\u00eb vepr\u00ebs penale, nd\u00ebrsa materialet hetimore do d\u00ebrgohen pran\u00eb Prokuroris\u00eb se Rrethit Gjyq\u00ebsor Tiran\u00eb p\u00ebr hetime te m\u00ebtejshme.<\/span><\/p>\n","protected":false,"gt_translate_keys":[{"key":"rendered","format":"html"}]},"excerpt":{"rendered":"<p>Agjencia e Mbik\u00ebqyrjes Policore ka publikuar sot informacionin zyrtar p\u00ebr vrasjen e ndodhur n\u00eb komisariatin num\u00ebr 3 mbr\u00ebmjen e kaluar. Sipas AMP-s\u00eb, 25-vje\u00e7ari Ludian Zaimi akuzohet p\u00ebr \u201cvrasje me paramendim\u201d. Oficeri i patrull\u00ebs s\u00eb p\u00ebrgjithshme n\u00eb Komisariatin e Policis\u00eb Nr. 3 Tiran\u00eb thuhet se ka q\u00eblluar disa her\u00eb3 mbi kolegun me arm\u00ebn e sh\u00ebrbimit, pas [&hellip;]<\/p>\n","protected":false,"gt_translate_keys":[{"key":"rendered","format":"html"}]},"author":30,"featured_media":525674,"comment_status":"closed","ping_status":"closed","sticky":false,"template":"","format":"standard","meta":{"footnotes":""},"categories":[1],"tags":[],"class_list":["post-525673","post","type-post","status-publish","format-standard","has-post-thumbnail","hentry","category-uncategorized"],"gt_translate_keys":[{"key":"link","format":"url"}],"_links":{"self":[{"href":"https:\/\/www.hashtag.al\/index.php\/wp-json\/wp\/v2\/posts\/525673","targetHints":{"allow":["GET"]}}],"collection":[{"href":"https:\/\/www.hashtag.al\/index.php\/wp-json\/wp\/v2\/posts"}],"about":[{"href":"https:\/\/www.hashtag.al\/index.php\/wp-json\/wp\/v2\/types\/post"}],"author":[{"embeddable":true,"href":"https:\/\/www.hashtag.al\/index.php\/wp-json\/wp\/v2\/users\/30"}],"replies":[{"embeddable":true,"href":"https:\/\/www.hashtag.al\/index.php\/wp-json\/wp\/v2\/comments?post=525673"}],"version-history":[{"count":0,"href":"https:\/\/www.hashtag.al\/index.php\/wp-json\/wp\/v2\/posts\/525673\/revisions"}],"wp:featuredmedia":[{"embeddable":true,"href":"https:\/\/www.hashtag.al\/index.php\/wp-json\/wp\/v2\/media\/525674"}],"wp:attachment":[{"href":"https:\/\/www.hashtag.al\/index.php\/wp-json\/wp\/v2\/media?parent=525673"}],"wp:term":[{"taxonomy":"category","embeddable":true,"href":"https:\/\/www.hashtag.al\/index.php\/wp-json\/wp\/v2\/categories?post=525673"},{"taxonomy":"post_tag","embeddable":true,"href":"https:\/\/www.hashtag.al\/index.php\/wp-json\/wp\/v2\/tags?post=525673"}],"curies":[{"name":"wp","href":"https:\/\/api.w.org\/{rel}","templated":true}]}}