{"id":525583,"date":"2022-05-24T07:43:02","date_gmt":"2022-05-24T05:43:02","guid":{"rendered":"https:\/\/www.hashtag.al\/?p=525583"},"modified":"2022-05-24T07:43:02","modified_gmt":"2022-05-24T05:43:02","slug":"edhe-pse-45-vjec-floyd-mayweather-se-ha-humbur-aftesine-ne-ring-video","status":"publish","type":"post","link":"https:\/\/www.hashtag.al\/index.php\/2022\/05\/24\/edhe-pse-45-vjec-floyd-mayweather-se-ha-humbur-aftesine-ne-ring-video\/","title":{"rendered":"Edhe pse 45-vje\u00e7, Floyd Mayweather s\u2019e ha humbur aft\u00ebsin\u00eb n\u00eb ring (Video)","gt_translate_keys":[{"key":"rendered","format":"text"}]},"content":{"rendered":"<p><span style=\"color: #000000;\"><img loading=\"lazy\" decoding=\"async\" class=\"aligncenter size-full wp-image-525584\" src=\"https:\/\/www.hashtag.al\/wp-content\/uploads\/2022\/05\/floyd.jpg\" alt=\"\" width=\"768\" height=\"432\" srcset=\"https:\/\/www.hashtag.al\/wp-content\/uploads\/2022\/05\/floyd.jpg 768w, https:\/\/www.hashtag.al\/wp-content\/uploads\/2022\/05\/floyd-300x169.jpg 300w\" sizes=\"auto, (max-width: 768px) 100vw, 768px\" \/><\/span><\/p>\n<p><span style=\"color: #000000;\">Edhe n\u00eb mosh\u00ebn 45-vje\u00e7are, Floyd Mayweather tregoi se aftsia i tij p\u00ebr boks t\u00eb profilit t\u00eb lart\u00eb mbetet po aq e fort\u00eb se kurr\u00eb m\u00eb par\u00eb, pas ndeshjes s\u00eb tij fundit kund\u00ebr kund\u00ebrshtarit Don Moore n\u00eb Emiratet e Bashkuara Arabe.<\/span><\/p>\n<p><span style=\"color: #000000;\">Mayweather, i cili u t\u00ebrhoq nga konkurrenca profesionale pas nj\u00eb fitoreje n\u00eb vitin 2017 kund\u00ebr Conor McGregor, e cila rriti rekordin e tij n\u00eb 50-0, ka marr\u00eb pjes\u00eb n\u00eb nj\u00eb seri luftimesh p\u00ebr t\u00eb fituar m\u00eb shum\u00eb dollar\u00eb q\u00eb kur u t\u00ebrhoq nga boksi profesionist.<\/span><\/p>\n<p><span style=\"color: #000000;\">Ai u pa p\u00ebr her\u00eb t\u00eb fundit n\u00eb ring n\u00eb qershor t\u00eb vitit t\u00eb kaluar, ku boksoi personazhin e famsh\u00ebm t\u00eb YouTube, Logan Paul.<\/span><\/p>\n<p><span style=\"color: #000000;\">Kjo ndeshje e fundit, megjithat\u00eb, ishte ndoshta m\u00eb e \u00e7uditshmja ende pasi ai ishte \u00e7iftuar me ish-partnerin e tij n\u00eb st\u00ebrvitje, Don Moore, nj\u00eb luft\u00ebtar q\u00eb ka konkurruar vet\u00ebm nj\u00eb her\u00eb q\u00eb nga viti 2013 dhe q\u00eb nuk \u00ebsht\u00eb p\u00ebrballur kurr\u00eb me nj\u00eb boksier t\u00eb nivelit t\u00eb lart\u00ebn\u00eb karrier\u00ebn e tij n\u00eb ring.<\/span><\/p>\n<p><span style=\"color: #000000;\">Pabarazia n\u00eb aft\u00ebsi ishte e dukshme p\u00ebr t&#8217;u par\u00eb. Mayweather ishte tejet i fort\u00eb p\u00ebr kund\u00ebrshtarin gjat\u00eb ndeshjes me tet\u00eb raunde.<\/span><\/p>\n<p><span style=\"color: #000000;\">Mayweather filloi ta tallte Mooren n\u00eb raundin e tret\u00eb, nd\u00ebrsa Moore i pashpres\u00eb u p\u00ebrpoq t\u00eb q\u00ebndronte n\u00eb k\u00ebmb\u00eb. Floyd madje gjeti koh\u00ebn p\u00ebr nj\u00eb bised\u00eb t\u00eb shkurt\u00ebr n\u00eb mes t\u00eb raundit me ekipin e komentuesve, p\u00ebrpara se t\u00eb merrte pankart\u00ebn e raundit t\u00eb shtat\u00eb nga vajza reklamuese dhe ta parakalonte rreth ringut n\u00eb vend q\u00eb t\u00eb ulej n\u00eb k\u00ebndin e tij.<\/span><\/p>\n<p><span style=\"color: #000000;\">Nd\u00ebrsa arriti drejt fundit, dominimi i Mayweather vijoi por vet\u00ebm n\u00eb raundin e tet\u00eb dhe t\u00eb fundit ai e hodhi Moore n\u00eb tapet me nj\u00eb goditje t\u00eb ashp\u00ebr n\u00eb trup.<\/span><\/p>\n<div style=\"width: 888px;\" class=\"wp-video\"><video class=\"wp-video-shortcode\" id=\"video-525583-1\" width=\"888\" height=\"492\" preload=\"metadata\" controls=\"controls\"><source type=\"video\/mp4\" src=\"https:\/\/www.hashtag.al\/wp-content\/uploads\/2022\/05\/floyd1.mp4?_=1\" \/><a href=\"https:\/\/www.hashtag.al\/wp-content\/uploads\/2022\/05\/floyd1.mp4\">https:\/\/www.hashtag.al\/wp-content\/uploads\/2022\/05\/floyd1.mp4<\/a><\/video><\/div>\n","protected":false,"gt_translate_keys":[{"key":"rendered","format":"html"}]},"excerpt":{"rendered":"<p>Edhe n\u00eb mosh\u00ebn 45-vje\u00e7are, Floyd Mayweather tregoi se aftsia i tij p\u00ebr boks t\u00eb profilit t\u00eb lart\u00eb mbetet po aq e fort\u00eb se kurr\u00eb m\u00eb par\u00eb, pas ndeshjes s\u00eb tij fundit kund\u00ebr kund\u00ebrshtarit Don Moore n\u00eb Emiratet e Bashkuara Arabe. Mayweather, i cili u t\u00ebrhoq nga konkurrenca profesionale pas nj\u00eb fitoreje n\u00eb vitin 2017 kund\u00ebr [&hellip;]<\/p>\n","protected":false,"gt_translate_keys":[{"key":"rendered","format":"html"}]},"author":51,"featured_media":525584,"comment_status":"closed","ping_status":"closed","sticky":false,"template":"","format":"standard","meta":{"footnotes":""},"categories":[134],"tags":[],"class_list":["post-525583","post","type-post","status-publish","format-standard","has-post-thumbnail","hentry","category-sport"],"gt_translate_keys":[{"key":"link","format":"url"}],"_links":{"self":[{"href":"https:\/\/www.hashtag.al\/index.php\/wp-json\/wp\/v2\/posts\/525583","targetHints":{"allow":["GET"]}}],"collection":[{"href":"https:\/\/www.hashtag.al\/index.php\/wp-json\/wp\/v2\/posts"}],"about":[{"href":"https:\/\/www.hashtag.al\/index.php\/wp-json\/wp\/v2\/types\/post"}],"author":[{"embeddable":true,"href":"https:\/\/www.hashtag.al\/index.php\/wp-json\/wp\/v2\/users\/51"}],"replies":[{"embeddable":true,"href":"https:\/\/www.hashtag.al\/index.php\/wp-json\/wp\/v2\/comments?post=525583"}],"version-history":[{"count":0,"href":"https:\/\/www.hashtag.al\/index.php\/wp-json\/wp\/v2\/posts\/525583\/revisions"}],"wp:featuredmedia":[{"embeddable":true,"href":"https:\/\/www.hashtag.al\/index.php\/wp-json\/wp\/v2\/media\/525584"}],"wp:attachment":[{"href":"https:\/\/www.hashtag.al\/index.php\/wp-json\/wp\/v2\/media?parent=525583"}],"wp:term":[{"taxonomy":"category","embeddable":true,"href":"https:\/\/www.hashtag.al\/index.php\/wp-json\/wp\/v2\/categories?post=525583"},{"taxonomy":"post_tag","embeddable":true,"href":"https:\/\/www.hashtag.al\/index.php\/wp-json\/wp\/v2\/tags?post=525583"}],"curies":[{"name":"wp","href":"https:\/\/api.w.org\/{rel}","templated":true}]}}