{"id":525492,"date":"2022-05-23T17:05:39","date_gmt":"2022-05-23T15:05:39","guid":{"rendered":"https:\/\/www.hashtag.al\/?p=525492"},"modified":"2022-05-23T19:53:43","modified_gmt":"2022-05-23T17:53:43","slug":"zelensky-bota-nuk-ka-vendosur-ende-sanksione-qe-do-benin-rusine-te-paguante-per-veprimet-e-saj","status":"publish","type":"post","link":"https:\/\/www.hashtag.al\/index.php\/2022\/05\/23\/zelensky-bota-nuk-ka-vendosur-ende-sanksione-qe-do-benin-rusine-te-paguante-per-veprimet-e-saj\/","title":{"rendered":"Zelensky: Bota nuk ka vendosur ende sanksione q\u00eb do b\u00ebnin Rusin\u00eb t\u00eb paguante p\u00ebr veprimet e saj","gt_translate_keys":[{"key":"rendered","format":"text"}]},"content":{"rendered":"<p><span style=\"color: #000000;\"><a href=\"https:\/\/www.hashtag.al\/wp-content\/uploads\/2022\/05\/zelensky.jpg\"><img loading=\"lazy\" decoding=\"async\" class=\"aligncenter size-full wp-image-525493\" src=\"https:\/\/www.hashtag.al\/wp-content\/uploads\/2022\/05\/zelensky.jpg\" alt=\"\" width=\"630\" height=\"360\" srcset=\"https:\/\/www.hashtag.al\/wp-content\/uploads\/2022\/05\/zelensky.jpg 630w, https:\/\/www.hashtag.al\/wp-content\/uploads\/2022\/05\/zelensky-300x171.jpg 300w\" sizes=\"auto, (max-width: 630px) 100vw, 630px\" \/><\/a><\/span><\/p>\n<p><span style=\"color: #000000;\">Sipas presidentit ukrainas Volodymyr Zelensky, bota nuk ka vendosur ende sanksione t\u00eb mjaftueshme kund\u00ebr Federat\u00ebs Ruse q\u00eb do ta b\u00ebnin at\u00eb t\u00eb paguante p\u00ebr veprimet e saj agresive.<\/span><\/p>\n<p><span style=\"color: #000000;\"><em>&#8220;K\u00ebshtu q\u00eb Rusia dhe \u00e7do agresor tjet\u00ebr i mundsh\u00ebm q\u00eb d\u00ebshiron t\u00eb zhvilloj\u00eb nj\u00eb luft\u00eb brutale kund\u00ebr fqinjit t\u00eb tyre ta dij\u00eb sakt\u00ebsisht se n\u00eb \u00e7far\u00eb \u00e7on kjo. Un\u00eb mendoj se sanksione t\u00eb tilla nuk jan\u00eb vendosur ende kund\u00ebr Rusis\u00eb. Dhe ato duhet t\u00eb vendosen. Embargoja ndaj naft\u00ebs ruse, bllokada e plot\u00eb e t\u00eb gjitha bankave pa p\u00ebrjashtim, braktisja e plot\u00eb e sektorit rus t\u00eb IT, nd\u00ebrprerja e plot\u00eb e tregtis\u00eb me agresorin. Duhet t\u00eb jet\u00eb nj\u00eb precedent i presionit sanksionues, i cili do t\u00eb funksionoj\u00eb bindsh\u00ebm p\u00ebr t\u00eb ruajtur paqen p\u00ebr dekadat e ardhshme.&#8221;<\/em>&#8211; tha Zelensky gjat\u00eb nj\u00eb fjalimi n\u00eb Forumin Ekonomik Bot\u00ebror n\u00eb Davos, citon <span style=\"color: #0000ff;\"><a style=\"color: #0000ff;\" href=\"https:\/\/www.ukrinform.net\/rubric-polytics\/3490079-zelensky-world-has-not-yet-imposed-sanctions-that-would-make-russia-pay-for-its-actions.html\">Ukrinform<\/a><\/span>.<\/span><\/p>\n<p><span style=\"color: #000000;\">Sipas tij, \u00ebsht\u00eb e nevojshme t\u00eb krijohet nj\u00eb precedent p\u00ebr t\u00ebrheqjen e plot\u00eb t\u00eb t\u00eb gjitha bizneseve nga tregu rus, n\u00eb m\u00ebnyr\u00eb q\u00eb markat e vendeve t\u00eb bot\u00ebs t\u00eb mos lidhen me krime lufte, n\u00eb m\u00ebnyr\u00eb q\u00eb zyrat, llogarit\u00eb, mallrat e tyre t\u00eb mos p\u00ebrdoren nga kriminel\u00ebt n\u00eb interesat e tyre <em>\u201ct\u00eb p\u00ebrgjakshme\u201d.<\/em><\/span><\/p>\n<p><span style=\"color: #000000;\"><em>&#8220;Vlerat duhet t\u00eb ken\u00eb r\u00ebnd\u00ebsi. Sidomos kur shp\u00ebrthen nj\u00eb luft\u00eb n\u00eb shkall\u00eb t\u00eb gjer\u00eb dhe tregjet globale destabilizohen sepse dikush neglizhon vlerat. T\u00eb gjith\u00eb i mbajn\u00eb humbjet.<\/em>&#8220;- tha Zelensky.<\/span><\/p>\n<p><span style=\"color: #000000;\">Presidenti Zelensky tha se vendi i tij i ofron \u00e7do kompanie q\u00eb do t\u00eb largohet nga Rusia t\u00eb vazhdoj\u00eb t\u00eb operoj\u00eb n\u00eb Ukrain\u00eb.<\/span><\/p>\n<p><span style=\"color: #000000;\"><em>\u201cDo t\u00eb fitoni akses jo vet\u00ebm n\u00eb tregun ton\u00eb prej 40 milion\u00eb konsumator\u00ebsh, por edhe n\u00eb tregun e p\u00ebrbashk\u00ebt t\u00eb Europ\u00ebs, dhe n\u00eb t\u00eb nj\u00ebjt\u00ebn koh\u00eb markat dhe pozicionet tuaja vet\u00ebm sa do t\u00eb p\u00ebrforcohen pasi v\u00ebrtet mb\u00ebshtesni mbrojtjen e liris\u00eb.\u201d<\/em>&#8211; tha Zelensky.<\/span><\/p>\n","protected":false,"gt_translate_keys":[{"key":"rendered","format":"html"}]},"excerpt":{"rendered":"<p>Sipas presidentit ukrainas Volodymyr Zelensky, bota nuk ka vendosur ende sanksione t\u00eb mjaftueshme kund\u00ebr Federat\u00ebs Ruse q\u00eb do ta b\u00ebnin at\u00eb t\u00eb paguante p\u00ebr veprimet e saj agresive. &#8220;K\u00ebshtu q\u00eb Rusia dhe \u00e7do agresor tjet\u00ebr i mundsh\u00ebm q\u00eb d\u00ebshiron t\u00eb zhvilloj\u00eb nj\u00eb luft\u00eb brutale kund\u00ebr fqinjit t\u00eb tyre ta dij\u00eb sakt\u00ebsisht se n\u00eb \u00e7far\u00eb \u00e7on [&hellip;]<\/p>\n","protected":false,"gt_translate_keys":[{"key":"rendered","format":"html"}]},"author":30,"featured_media":525493,"comment_status":"closed","ping_status":"closed","sticky":false,"template":"","format":"standard","meta":{"footnotes":""},"categories":[6,13],"tags":[],"class_list":["post-525492","post","type-post","status-publish","format-standard","has-post-thumbnail","hentry","category-nderkombetare","category-te-fundit"],"gt_translate_keys":[{"key":"link","format":"url"}],"_links":{"self":[{"href":"https:\/\/www.hashtag.al\/index.php\/wp-json\/wp\/v2\/posts\/525492","targetHints":{"allow":["GET"]}}],"collection":[{"href":"https:\/\/www.hashtag.al\/index.php\/wp-json\/wp\/v2\/posts"}],"about":[{"href":"https:\/\/www.hashtag.al\/index.php\/wp-json\/wp\/v2\/types\/post"}],"author":[{"embeddable":true,"href":"https:\/\/www.hashtag.al\/index.php\/wp-json\/wp\/v2\/users\/30"}],"replies":[{"embeddable":true,"href":"https:\/\/www.hashtag.al\/index.php\/wp-json\/wp\/v2\/comments?post=525492"}],"version-history":[{"count":0,"href":"https:\/\/www.hashtag.al\/index.php\/wp-json\/wp\/v2\/posts\/525492\/revisions"}],"wp:featuredmedia":[{"embeddable":true,"href":"https:\/\/www.hashtag.al\/index.php\/wp-json\/wp\/v2\/media\/525493"}],"wp:attachment":[{"href":"https:\/\/www.hashtag.al\/index.php\/wp-json\/wp\/v2\/media?parent=525492"}],"wp:term":[{"taxonomy":"category","embeddable":true,"href":"https:\/\/www.hashtag.al\/index.php\/wp-json\/wp\/v2\/categories?post=525492"},{"taxonomy":"post_tag","embeddable":true,"href":"https:\/\/www.hashtag.al\/index.php\/wp-json\/wp\/v2\/tags?post=525492"}],"curies":[{"name":"wp","href":"https:\/\/api.w.org\/{rel}","templated":true}]}}