{"id":525476,"date":"2022-05-23T15:23:33","date_gmt":"2022-05-23T13:23:33","guid":{"rendered":"https:\/\/www.hashtag.al\/?p=525476"},"modified":"2022-05-23T15:23:33","modified_gmt":"2022-05-23T13:23:33","slug":"gjyqi-i-pare-per-krime-lufte-ne-ukraine-ushtari-rus-denohet-me-burgim-te-perjetshem","status":"publish","type":"post","link":"https:\/\/www.hashtag.al\/index.php\/2022\/05\/23\/gjyqi-i-pare-per-krime-lufte-ne-ukraine-ushtari-rus-denohet-me-burgim-te-perjetshem\/","title":{"rendered":"Gjyqi i par\u00eb p\u00ebr krime lufte n\u00eb Ukrain\u00eb, ushtari rus d\u00ebnohet me burgim t\u00eb p\u00ebrjetsh\u00ebm","gt_translate_keys":[{"key":"rendered","format":"text"}]},"content":{"rendered":"<p><span style=\"color: #000000;\"><a href=\"https:\/\/www.hashtag.al\/wp-content\/uploads\/2022\/05\/124868678_shishreuters.jpg\"><img loading=\"lazy\" decoding=\"async\" class=\"aligncenter size-full wp-image-525477\" src=\"https:\/\/www.hashtag.al\/wp-content\/uploads\/2022\/05\/124868678_shishreuters.jpg\" alt=\"\" width=\"976\" height=\"549\" srcset=\"https:\/\/www.hashtag.al\/wp-content\/uploads\/2022\/05\/124868678_shishreuters.jpg 976w, https:\/\/www.hashtag.al\/wp-content\/uploads\/2022\/05\/124868678_shishreuters-300x169.jpg 300w, https:\/\/www.hashtag.al\/wp-content\/uploads\/2022\/05\/124868678_shishreuters-768x432.jpg 768w\" sizes=\"auto, (max-width: 976px) 100vw, 976px\" \/><\/a><\/span><\/p>\n<p><span style=\"color: #000000;\">Nj\u00eb gjykat\u00eb n\u00eb Ukrain\u00eb ka d\u00ebnuar me burgim t\u00eb p\u00ebrjetsh\u00ebm nj\u00eb luft\u00ebtar rus t\u00eb akuzuar p\u00ebr vrasjen e nj\u00eb civili n\u00eb gjyqin e par\u00eb t\u00eb krimeve t\u00eb luft\u00ebs q\u00eb nga pushtimi.<\/span><\/p>\n<p><span style=\"color: #000000;\">Si\u00e7 shkruan <span style=\"color: #0000ff;\"><a style=\"color: #0000ff;\" href=\"https:\/\/www.bbc.com\/news\/world-europe-61549569\">BBC<\/a><\/span>, ushtari rus Vadim Shishimarin u d\u00ebnua p\u00ebr vrasjen e 62 vje\u00e7arit Oleksandr Shelipov, n\u00eb fshatin veri-lindor t\u00eb Chupakhivka m\u00eb 28 shkurt.<\/span><\/p>\n<p><span style=\"color: #000000;\">Ai pranoi se e kishte q\u00eblluar z. Shelipov, por tha se kishte vepruar sipas urdhrave dhe k\u00ebrkoi i falje bashk\u00ebshortes s\u00eb t\u00eb ndjerit.<\/span><\/p>\n<p><span style=\"color: #000000;\">Shum\u00eb krime t\u00eb tjera t\u00eb dyshuara lufte po hetohen nga Ukraina. Moska ka mohuar q\u00eb trupat e saj t\u00eb ken\u00eb sh\u00ebnjestruar civil\u00ebt gjat\u00eb pushtimit, nd\u00ebrsa Ukraina thot\u00eb se mund t\u00eb ken\u00eb ndodhur m\u00eb shum\u00eb se 11 mij\u00eb krime.<\/span><\/p>\n<p><span style=\"color: #000000;\">Moska tha m\u00eb her\u00ebt t\u00eb h\u00ebn\u00ebn se ishte e shqet\u00ebsuar p\u00ebr fatin e ushtarit rus dhe do t\u00eb shikonte opsionet p\u00ebr ta mbrojtur at\u00eb. Z\u00ebdh\u00ebn\u00ebsi i Kremlinit Dmitry Peskov vuri n\u00eb dukje megjithat\u00eb se Rusia &#8220;nuk kishte kapacitetin p\u00ebr t\u00eb mbrojtur personalisht interesat e tij&#8221;. Ambasada e Rusis\u00eb n\u00eb Kiev aktualisht \u00ebsht\u00eb e mbyllur.<\/span><\/p>\n<p><span style=\"color: #000000;\">Avokati i tij tha se do t\u00eb apelohet kund\u00ebr vendimit.<\/span><\/p>\n<p><span style=\"color: #000000;\">Ushtari 21-vje\u00e7ar, sh\u00ebrbeu n\u00eb divizionin prestigjioz t\u00eb tankeve t\u00eb Rusis\u00eb Kantemirovskaya.<\/span><\/p>\n<p><span style=\"color: #000000;\">N\u00eb koh\u00ebn e vrasjes, ai dhe ushtar\u00ebt e tjer\u00eb po udh\u00ebtonin me nj\u00eb makin\u00eb q\u00eb e kishin kapur pasi kolona e tyre u sulmua dhe ata u ndan\u00eb nga nj\u00ebsia e tyre.<\/span><\/p>\n<p><span style=\"color: #000000;\">Kur e pan\u00eb Shelipovin q\u00eb po fliste n\u00eb telefonin, Shishimarin thot\u00eb se ka marr\u00eb urdh\u00ebr q\u00eb ta q\u00eblloj\u00eb me nj\u00eb pushk\u00eb.<\/span><\/p>\n<p><span style=\"color: #000000;\">Avokati i tij mbrojt\u00ebs i tha gjykat\u00ebs t\u00eb premten se Shishimarin kishte q\u00eblluar vet\u00ebm pasi kishte refuzuar dy her\u00eb t\u00eb zbatonte urdhrin p\u00ebr t\u00eb q\u00eblluar dhe se vet\u00ebm nj\u00eb nga tre fishek\u00eb e kishte goditur objektivin. Ai tha se Shishimarin kishte q\u00eblluar nga frika p\u00ebr sigurin\u00eb e tij dhe pyeti n\u00ebse i pandehuri kishte nd\u00ebrmend t\u00eb vriste.<\/span><\/p>\n<p><span style=\"color: #000000;\">N\u00eb nj\u00eb moment dramatik gjat\u00eb gjykimit, e veja e viktim\u00ebs Kateryna Shelipova u p\u00ebrball me Shishimarin.<\/span><\/p>\n<p><span style=\"color: #000000;\"><em>&#8220;M\u00eb thuaj t\u00eb lutem, pse erdh\u00ebt ju k\u00ebtu? p\u00ebr t\u00eb na mbrojtur?&#8221;-<\/em> pyeti ajo, duke p\u00ebrmendur justifikimin e presidentit rus Vladimir Putin p\u00ebr pushtimin e Ukrain\u00ebs.<\/span><\/p>\n<p><em><span style=\"color: #000000;\">&#8220;P\u00ebr t\u00eb na mbrojtur nga kush, m\u00eb ke mbrojtur nga burri im, t\u00eb cilin e vrave?&#8221;<\/span><\/em><\/p>\n<p><span style=\"color: #000000;\">Ushtari nuk kishte p\u00ebrgjigje p\u00ebr k\u00ebt\u00eb. Pasi i k\u00ebrkoi falje t\u00eb ves\u00eb, ai shtoi: &#8220;<em>Por e kuptoj q\u00eb nuk do t\u00eb mund t\u00eb m\u00eb fal\u00ebsh&#8221;. <\/em>Shelipova tha p\u00ebr <span style=\"color: #0000ff;\"><a style=\"color: #0000ff;\" href=\"https:\/\/www.bbc.com\/news\/world-europe-61549569\">BBC<\/a><\/span>-n\u00eb:<em> &#8220;M\u00eb vjen shum\u00eb keq p\u00ebr t\u00eb, por p\u00ebr nj\u00eb krim t\u00eb till\u00eb, nuk mund ta fal.&#8221;<\/em><\/span><\/p>\n","protected":false,"gt_translate_keys":[{"key":"rendered","format":"html"}]},"excerpt":{"rendered":"<p>Nj\u00eb gjykat\u00eb n\u00eb Ukrain\u00eb ka d\u00ebnuar me burgim t\u00eb p\u00ebrjetsh\u00ebm nj\u00eb luft\u00ebtar rus t\u00eb akuzuar p\u00ebr vrasjen e nj\u00eb civili n\u00eb gjyqin e par\u00eb t\u00eb krimeve t\u00eb luft\u00ebs q\u00eb nga pushtimi. Si\u00e7 shkruan BBC, ushtari rus Vadim Shishimarin u d\u00ebnua p\u00ebr vrasjen e 62 vje\u00e7arit Oleksandr Shelipov, n\u00eb fshatin veri-lindor t\u00eb Chupakhivka m\u00eb 28 shkurt. [&hellip;]<\/p>\n","protected":false,"gt_translate_keys":[{"key":"rendered","format":"html"}]},"author":30,"featured_media":525477,"comment_status":"closed","ping_status":"closed","sticky":false,"template":"","format":"standard","meta":{"footnotes":""},"categories":[6,13],"tags":[],"class_list":["post-525476","post","type-post","status-publish","format-standard","has-post-thumbnail","hentry","category-nderkombetare","category-te-fundit"],"gt_translate_keys":[{"key":"link","format":"url"}],"_links":{"self":[{"href":"https:\/\/www.hashtag.al\/index.php\/wp-json\/wp\/v2\/posts\/525476","targetHints":{"allow":["GET"]}}],"collection":[{"href":"https:\/\/www.hashtag.al\/index.php\/wp-json\/wp\/v2\/posts"}],"about":[{"href":"https:\/\/www.hashtag.al\/index.php\/wp-json\/wp\/v2\/types\/post"}],"author":[{"embeddable":true,"href":"https:\/\/www.hashtag.al\/index.php\/wp-json\/wp\/v2\/users\/30"}],"replies":[{"embeddable":true,"href":"https:\/\/www.hashtag.al\/index.php\/wp-json\/wp\/v2\/comments?post=525476"}],"version-history":[{"count":0,"href":"https:\/\/www.hashtag.al\/index.php\/wp-json\/wp\/v2\/posts\/525476\/revisions"}],"wp:featuredmedia":[{"embeddable":true,"href":"https:\/\/www.hashtag.al\/index.php\/wp-json\/wp\/v2\/media\/525477"}],"wp:attachment":[{"href":"https:\/\/www.hashtag.al\/index.php\/wp-json\/wp\/v2\/media?parent=525476"}],"wp:term":[{"taxonomy":"category","embeddable":true,"href":"https:\/\/www.hashtag.al\/index.php\/wp-json\/wp\/v2\/categories?post=525476"},{"taxonomy":"post_tag","embeddable":true,"href":"https:\/\/www.hashtag.al\/index.php\/wp-json\/wp\/v2\/tags?post=525476"}],"curies":[{"name":"wp","href":"https:\/\/api.w.org\/{rel}","templated":true}]}}