{"id":525469,"date":"2022-05-23T14:44:49","date_gmt":"2022-05-23T12:44:49","guid":{"rendered":"https:\/\/www.hashtag.al\/?p=525469"},"modified":"2022-05-23T14:44:49","modified_gmt":"2022-05-23T12:44:49","slug":"fmn-ekonomia-globale-ne-gjendjen-me-te-keqe-qe-nga-lufta-e-dyte-boterore","status":"publish","type":"post","link":"https:\/\/www.hashtag.al\/index.php\/2022\/05\/23\/fmn-ekonomia-globale-ne-gjendjen-me-te-keqe-qe-nga-lufta-e-dyte-boterore\/","title":{"rendered":"FMN: Ekonomia globale n\u00eb gjendjen m\u00eb t\u00eb keqe q\u00eb nga Lufta e Dyt\u00eb Bot\u00ebrore","gt_translate_keys":[{"key":"rendered","format":"text"}]},"content":{"rendered":"<p><span style=\"color: #000000;\"><a href=\"https:\/\/www.hashtag.al\/wp-content\/uploads\/2022\/05\/fmn.jpg\"><img loading=\"lazy\" decoding=\"async\" class=\"aligncenter size-full wp-image-525471\" src=\"https:\/\/www.hashtag.al\/wp-content\/uploads\/2022\/05\/fmn.jpg\" alt=\"\" width=\"926\" height=\"516\" srcset=\"https:\/\/www.hashtag.al\/wp-content\/uploads\/2022\/05\/fmn.jpg 926w, https:\/\/www.hashtag.al\/wp-content\/uploads\/2022\/05\/fmn-300x167.jpg 300w, https:\/\/www.hashtag.al\/wp-content\/uploads\/2022\/05\/fmn-768x428.jpg 768w\" sizes=\"auto, (max-width: 926px) 100vw, 926px\" \/><\/a><\/span><\/p>\n<p><span style=\"color: #000000;\">Ekonomia globale po p\u00ebrballet me \u201c<em>prov\u00ebn e saj m\u00eb t\u00eb madhe q\u00eb nga Lufta e Dyt\u00eb Bot\u00ebrore<\/em>\u201d, tha drejtorja menaxhuese e Fondit Monetar Nd\u00ebrkomb\u00ebtar n\u00eb fillimin e Forumit Ekonomik Bot\u00ebror n\u00eb Davos.<\/span><\/p>\n<p><span style=\"color: #000000;\">Kristalina Georgieva tha se konflikti n\u00eb Ukrain\u00eb <em>&#8220;ka komplikuar pandemin\u00eb Covid-19, nj\u00eb kriz\u00eb pas nj\u00eb krize, duke shkat\u00ebrruar jet\u00eb, duke ngadal\u00ebsuar rritjen dhe duke nxitur inflacionin&#8221;.<\/em><\/span><\/p>\n<p><span style=\"color: #000000;\"><em>\u201cShtojini k\u00ebsaj paq\u00ebndrueshm\u00ebrie t\u00eb rritur ndjesh\u00ebm n\u00eb tregjet financiare dhe k\u00ebrc\u00ebnimin e vazhduesh\u00ebm t\u00eb ndryshimit t\u00eb klim\u00ebs, dhe ne p\u00ebrballemi me nj\u00eb grumbullim t\u00eb mundsh\u00ebm fatkeq\u00ebsish.\u201d-<\/em> shtoi ajo, citon <span style=\"color: #0000ff;\"><a style=\"color: #0000ff;\" href=\"https:\/\/www.rt.com\/business\/555940-imf-global-economy-warning\/\">RT<\/a><\/span>.<\/span><\/p>\n<p><span style=\"color: #000000;\">Shefja e FMN-s\u00eb theksoi ndikimin e rritjes s\u00eb \u00e7mimeve t\u00eb ushqimit dhe energjis\u00eb tek familjet n\u00eb mbar\u00eb bot\u00ebn, duke th\u00ebn\u00eb se kriza po krijon probleme t\u00eb m\u00ebdha p\u00ebr &#8220;<em>vendet e cenueshme me borxhe t\u00eb larta&#8221;<\/em>, t\u00eb cilat do t\u00eb ken\u00eb nevoj\u00eb p\u00ebr ristrukturim t\u00eb borxhit.<\/span><\/p>\n<p><span style=\"color: #000000;\">Georgieva u k\u00ebrkoi vendeve t\u00eb pasura t\u00eb ulin barrierat tregtare, t\u00eb ndihmojn\u00eb vendet n\u00eb v\u00ebshtir\u00ebsi borxhi dhe t\u00eb p\u00ebrmir\u00ebsojn\u00eb sistemet e pagesave nd\u00ebrkufitare.<\/span><\/p>\n<p><span style=\"color: #000000;\">Paralajm\u00ebrimi i FMN-s\u00eb vjen mes frik\u00ebs s\u00eb nj\u00eb recesioni global, me prodhimin kinez q\u00eb po bie ndjesh\u00ebm p\u00ebr shkak t\u00eb kufizimeve t\u00eb vazhdueshme t\u00eb koronavirusit. N\u00eb t\u00eb nj\u00ebjt\u00ebn koh\u00eb, Evropa dhe SHBA po p\u00ebrballen me nj\u00eb kriz\u00eb t\u00eb kostos s\u00eb jetes\u00ebs dhe tregjet n\u00eb zhvillim po p\u00ebrballen me mungesa ushqimore si rezultat i sanksioneve kund\u00ebr Rusis\u00eb.<\/span><\/p>\n","protected":false,"gt_translate_keys":[{"key":"rendered","format":"html"}]},"excerpt":{"rendered":"<p>Ekonomia globale po p\u00ebrballet me \u201cprov\u00ebn e saj m\u00eb t\u00eb madhe q\u00eb nga Lufta e Dyt\u00eb Bot\u00ebrore\u201d, tha drejtorja menaxhuese e Fondit Monetar Nd\u00ebrkomb\u00ebtar n\u00eb fillimin e Forumit Ekonomik Bot\u00ebror n\u00eb Davos. Kristalina Georgieva tha se konflikti n\u00eb Ukrain\u00eb &#8220;ka komplikuar pandemin\u00eb Covid-19, nj\u00eb kriz\u00eb pas nj\u00eb krize, duke shkat\u00ebrruar jet\u00eb, duke ngadal\u00ebsuar rritjen dhe [&hellip;]<\/p>\n","protected":false,"gt_translate_keys":[{"key":"rendered","format":"html"}]},"author":30,"featured_media":525471,"comment_status":"closed","ping_status":"closed","sticky":false,"template":"","format":"standard","meta":{"footnotes":""},"categories":[6,13],"tags":[],"class_list":["post-525469","post","type-post","status-publish","format-standard","has-post-thumbnail","hentry","category-nderkombetare","category-te-fundit"],"gt_translate_keys":[{"key":"link","format":"url"}],"_links":{"self":[{"href":"https:\/\/www.hashtag.al\/index.php\/wp-json\/wp\/v2\/posts\/525469","targetHints":{"allow":["GET"]}}],"collection":[{"href":"https:\/\/www.hashtag.al\/index.php\/wp-json\/wp\/v2\/posts"}],"about":[{"href":"https:\/\/www.hashtag.al\/index.php\/wp-json\/wp\/v2\/types\/post"}],"author":[{"embeddable":true,"href":"https:\/\/www.hashtag.al\/index.php\/wp-json\/wp\/v2\/users\/30"}],"replies":[{"embeddable":true,"href":"https:\/\/www.hashtag.al\/index.php\/wp-json\/wp\/v2\/comments?post=525469"}],"version-history":[{"count":0,"href":"https:\/\/www.hashtag.al\/index.php\/wp-json\/wp\/v2\/posts\/525469\/revisions"}],"wp:featuredmedia":[{"embeddable":true,"href":"https:\/\/www.hashtag.al\/index.php\/wp-json\/wp\/v2\/media\/525471"}],"wp:attachment":[{"href":"https:\/\/www.hashtag.al\/index.php\/wp-json\/wp\/v2\/media?parent=525469"}],"wp:term":[{"taxonomy":"category","embeddable":true,"href":"https:\/\/www.hashtag.al\/index.php\/wp-json\/wp\/v2\/categories?post=525469"},{"taxonomy":"post_tag","embeddable":true,"href":"https:\/\/www.hashtag.al\/index.php\/wp-json\/wp\/v2\/tags?post=525469"}],"curies":[{"name":"wp","href":"https:\/\/api.w.org\/{rel}","templated":true}]}}