{"id":525466,"date":"2022-05-23T14:25:28","date_gmt":"2022-05-23T12:25:28","guid":{"rendered":"https:\/\/www.hashtag.al\/?p=525466"},"modified":"2022-05-23T14:25:28","modified_gmt":"2022-05-23T12:25:28","slug":"pandeli-majko-kritikon-qeverine-per-butrintin-si-u-ndryshua-vendimi-i-vitit-2002-cfare-ka-ndodhur","status":"publish","type":"post","link":"https:\/\/www.hashtag.al\/index.php\/2022\/05\/23\/pandeli-majko-kritikon-qeverine-per-butrintin-si-u-ndryshua-vendimi-i-vitit-2002-cfare-ka-ndodhur\/","title":{"rendered":"Pandeli Majko kritikon qeverin\u00eb p\u00ebr \u201cButrintin\u201d: Si u ndryshua vendimi i vitit 2002, \u00e7far\u00eb ka ndodhur","gt_translate_keys":[{"key":"rendered","format":"text"}]},"content":{"rendered":"<p><span style=\"color: #000000;\"><a href=\"https:\/\/www.hashtag.al\/wp-content\/uploads\/2022\/05\/Pandeli-Majko.jpg\"><img loading=\"lazy\" decoding=\"async\" class=\"aligncenter size-full wp-image-525467\" src=\"https:\/\/www.hashtag.al\/wp-content\/uploads\/2022\/05\/Pandeli-Majko.jpg\" alt=\"\" width=\"686\" height=\"426\" srcset=\"https:\/\/www.hashtag.al\/wp-content\/uploads\/2022\/05\/Pandeli-Majko.jpg 686w, https:\/\/www.hashtag.al\/wp-content\/uploads\/2022\/05\/Pandeli-Majko-300x186.jpg 300w\" sizes=\"auto, (max-width: 686px) 100vw, 686px\" \/><\/a><\/span><\/p>\n<p><span style=\"color: #000000;\">Deputeti i PS-s\u00eb Pandeli Majko n\u00eb Foltoren e Kuvendit ka k\u00ebrkuar nj\u00eb p\u00ebrgjigje t\u00eb detajuar nga ministrja e Kultur\u00ebs, Elva Margariti, lidhur me projektin e Butrintit.<\/span><\/p>\n<p><span style=\"color: #000000;\">Gjat\u00eb fjal\u00ebs s\u00eb tij, ai ka analizuar marr\u00ebveshjen duke evidentuar disa ndryshme q\u00eb ka p\u00ebsuar sipas tij vendimi i vitit 2002 me at\u00eb t\u00eb vitit 2022.<\/span><\/p>\n<p><em><span style=\"color: #000000;\">\u201cNga nj\u00eb vler\u00ebsim i kujdessh\u00ebm i marr\u00ebveshjes vura re q\u00eb n\u00eb marr\u00ebveshje nuk \u00ebsht\u00eb p\u00ebrfshir\u00eb vendimi i k\u00ebshillit t\u00eb ministrave t\u00eb vitit 2002, p\u00ebr shpalljen e kompleksit ligatinor t\u00eb Butrintit zon\u00eb natyrore t\u00eb mbrojtur p\u00ebrfshirjen e tij n\u00eb list\u00ebn e digatinave me r\u00ebnd\u00ebsi nd\u00ebrkomb\u00ebtare n\u00eb ve\u00e7ori t\u00eb habitateve t\u00eb shpend\u00ebve ujore.<\/span><\/em><\/p>\n<p><em><span style=\"color: #000000;\">Ndarjet e zonave t\u00eb Butrintit jan\u00eb bazuar te ky vendim i k\u00ebshillit t\u00eb ministrave. Ju keni marr\u00eb vendimin\u00a0e k\u00ebshillit t\u00eb ministrave t\u00eb miratuar n\u00eb 2022, 2 muaj p\u00ebrpara. E hapa k\u00ebt\u00eb vendim q\u00eb z\u00ebvend\u00ebson 2002, dhe aty ka vet\u00ebm nj\u00eb paragraf mes t\u00eb tjerave jan\u00eb ndryshuar kufijt\u00eb e disa zonave. \u00a0Miratimin e ndryshimit t\u00eb sip\u00ebrfaqes s\u00eb Butrintit, nga 9400 n\u00eb 8200 hektar\u00eb.<\/span><\/em><\/p>\n<p><em><span style=\"color: #000000;\">Tani plani i menaxhimit koncepti i marr\u00ebveshjes \u00ebsht\u00eb b\u00ebr\u00eb n\u00eb baz\u00eb t\u00eb vendimit t\u00eb vjet\u00ebr t\u00eb 2002 nd\u00ebrsa marr\u00ebveshja \u00ebsht\u00eb b\u00ebr\u00eb n\u00eb baz\u00eb t\u00eb nj\u00eb marr\u00ebveshje q\u00eb ka kaluar para 2 muajsh.<\/span><\/em><\/p>\n<p><em><span style=\"color: #000000;\">Tani nuk e kuptoj pse nuk \u00ebsht\u00eb trajtuar baza legale me t\u00eb cil\u00ebn dhe nd\u00ebrkomb\u00ebtar\u00ebt kan\u00eb b\u00ebr\u00eb planin e mengaxhimit, edhe negociata jan\u00eb b\u00ebr\u00eb mbi k\u00ebt\u00eb baz\u00eb legale, dhe keni marr\u00eb si baz\u00eb legale nj\u00eb VK num\u00ebr 59, ku ka vet\u00ebm nj\u00eb paragraf, ndryshohen kufijt\u00eb\u2026<\/span><\/em><\/p>\n<p><em><span style=\"color: #000000;\">\u00c7far\u00eb ka ndodhur? Sepse n\u00eb planin e menaxhimit ju diskutoni se do t\u2019i jepni Fondit Shqiptaro-amerikan, q\u00eb pa diskutim \u00ebsht\u00eb nd\u00ebr m\u00eb serioz\u00ebt n\u00eb Shqip\u00ebri, sip\u00ebrfaqja e konsideruar A3, A3 \u00ebsht\u00eb nd\u00ebrtuar mbi baz\u00ebn e VK s\u00eb 2002, duke krijuar edhe nj\u00eb VK tjet\u00ebr, edhe n\u00eb marr\u00ebveshje ju s\u2019keni as A3, as B1\u2026asgj\u00eb.<\/span><\/em><\/p>\n<p><span style=\"color: #000000;\"><em>Vet\u00ebm keni bashkangjitur nj\u00eb hart\u00eb me koordinata, \u00e7far\u00eb ka ndodhur? Do t\u2019ju lutesha p\u00ebrgjigje.\u201d-<\/em> tha Majko.<\/span><\/p>\n<p><span style=\"color: #000000;\">Kujtojm\u00eb se paraditen e sotme, Aleanca p\u00ebr Mbrojtjen e Butrintit ka protestuar para Kuvendit kund\u00ebr marr\u00ebveshjes p\u00ebr t\u00eb dh\u00ebn\u00eb me koncesion Parkun Komb\u00ebtar t\u00eb Butrintit p\u00ebr nj\u00eb periudh\u00eb 10-vje\u00e7are.<\/span><\/p>\n","protected":false,"gt_translate_keys":[{"key":"rendered","format":"html"}]},"excerpt":{"rendered":"<p>Deputeti i PS-s\u00eb Pandeli Majko n\u00eb Foltoren e Kuvendit ka k\u00ebrkuar nj\u00eb p\u00ebrgjigje t\u00eb detajuar nga ministrja e Kultur\u00ebs, Elva Margariti, lidhur me projektin e Butrintit. Gjat\u00eb fjal\u00ebs s\u00eb tij, ai ka analizuar marr\u00ebveshjen duke evidentuar disa ndryshme q\u00eb ka p\u00ebsuar sipas tij vendimi i vitit 2002 me at\u00eb t\u00eb vitit 2022. \u201cNga nj\u00eb vler\u00ebsim [&hellip;]<\/p>\n","protected":false,"gt_translate_keys":[{"key":"rendered","format":"html"}]},"author":30,"featured_media":525467,"comment_status":"closed","ping_status":"closed","sticky":false,"template":"","format":"standard","meta":{"footnotes":""},"categories":[65,13],"tags":[],"class_list":["post-525466","post","type-post","status-publish","format-standard","has-post-thumbnail","hentry","category-lajme","category-te-fundit"],"gt_translate_keys":[{"key":"link","format":"url"}],"_links":{"self":[{"href":"https:\/\/www.hashtag.al\/index.php\/wp-json\/wp\/v2\/posts\/525466","targetHints":{"allow":["GET"]}}],"collection":[{"href":"https:\/\/www.hashtag.al\/index.php\/wp-json\/wp\/v2\/posts"}],"about":[{"href":"https:\/\/www.hashtag.al\/index.php\/wp-json\/wp\/v2\/types\/post"}],"author":[{"embeddable":true,"href":"https:\/\/www.hashtag.al\/index.php\/wp-json\/wp\/v2\/users\/30"}],"replies":[{"embeddable":true,"href":"https:\/\/www.hashtag.al\/index.php\/wp-json\/wp\/v2\/comments?post=525466"}],"version-history":[{"count":0,"href":"https:\/\/www.hashtag.al\/index.php\/wp-json\/wp\/v2\/posts\/525466\/revisions"}],"wp:featuredmedia":[{"embeddable":true,"href":"https:\/\/www.hashtag.al\/index.php\/wp-json\/wp\/v2\/media\/525467"}],"wp:attachment":[{"href":"https:\/\/www.hashtag.al\/index.php\/wp-json\/wp\/v2\/media?parent=525466"}],"wp:term":[{"taxonomy":"category","embeddable":true,"href":"https:\/\/www.hashtag.al\/index.php\/wp-json\/wp\/v2\/categories?post=525466"},{"taxonomy":"post_tag","embeddable":true,"href":"https:\/\/www.hashtag.al\/index.php\/wp-json\/wp\/v2\/tags?post=525466"}],"curies":[{"name":"wp","href":"https:\/\/api.w.org\/{rel}","templated":true}]}}