{"id":525309,"date":"2022-05-22T21:12:57","date_gmt":"2022-05-22T19:12:57","guid":{"rendered":"https:\/\/www.hashtag.al\/?p=525309"},"modified":"2022-05-23T09:34:54","modified_gmt":"2022-05-23T07:34:54","slug":"ska-surpriza-ne-garen-per-kreun-e-pd-se-perfundon-numerimi-ne-disa-zona","status":"publish","type":"post","link":"https:\/\/www.hashtag.al\/index.php\/2022\/05\/22\/ska-surpriza-ne-garen-per-kreun-e-pd-se-perfundon-numerimi-ne-disa-zona\/","title":{"rendered":"\u201cGara\u201d brenda Partis\u00eb Demokratike &#8211; 93.4% q\u00eb nxori Berish\u00ebn n\u00eb krye","gt_translate_keys":[{"key":"rendered","format":"text"}]},"content":{"rendered":"<p><span style=\"color: #000000;\"><img loading=\"lazy\" decoding=\"async\" class=\"aligncenter size-full wp-image-525374\" src=\"https:\/\/www.hashtag.al\/wp-content\/uploads\/2022\/05\/berisha5.jpg\" alt=\"\" width=\"1041\" height=\"689\" srcset=\"https:\/\/www.hashtag.al\/wp-content\/uploads\/2022\/05\/berisha5.jpg 1041w, https:\/\/www.hashtag.al\/wp-content\/uploads\/2022\/05\/berisha5-300x199.jpg 300w, https:\/\/www.hashtag.al\/wp-content\/uploads\/2022\/05\/berisha5-1024x678.jpg 1024w, https:\/\/www.hashtag.al\/wp-content\/uploads\/2022\/05\/berisha5-768x508.jpg 768w\" sizes=\"auto, (max-width: 1041px) 100vw, 1041px\" \/><\/span><\/p>\n<p><span style=\"color: #000000;\">Ashtu si\u00e7 pritej, ish-kryeministri Berisha, do jet\u00eb kreu i ri i PD-s\u00eb pas p\u00ebrfundimit t\u00eb num\u00ebrimit t\u00eb votave n\u00eb procesin zgjedhor q\u00eb u zhvillua dje, i organizuar nga Komisioni p\u00ebr Rithemelimin.<\/span><\/p>\n<p><span style=\"color: #000000;\">Berisha arriti t\u00eb marr\u00eb 93.4% t\u00eb votave t\u00eb hedhura n\u00eb kuti. N\u00eb votim, sipas komisionit q\u00eb administroi procesin zgjedhor mor\u00ebn pjes\u00eb 43680 demokrat\u00eb, 40.840 prej t\u00eb cil\u00ebve votuan Berish\u00ebn. Kandidati tjet\u00ebr n\u00eb gar\u00eb, Ibsen Elezi, mori 2532 vota nd\u00ebrsa 328 t\u00eb mbeturat ishin t\u00eb pavlefshme.<\/span><\/p>\n<p><span style=\"color: #000000;\">Procesi zgjedhor p\u00ebr kreun e PD-s\u00eb u organizuar nga Komisioni p\u00ebr Rithemelimin e PD-s\u00eb nd\u00ebrsa deputet\u00ebt jasht\u00eb k\u00ebtij grupimi nuk e kan\u00eb mb\u00ebshtetur at\u00eb duke e akuzuar Berish\u00ebn se po i p\u00ebr\u00e7an edhe m\u00eb shum\u00eb demokrat\u00ebt.<\/span><\/p>\n<p><span style=\"color: #000000;\"><img loading=\"lazy\" decoding=\"async\" class=\"aligncenter size-full wp-image-525372\" src=\"https:\/\/www.hashtag.al\/wp-content\/uploads\/2022\/05\/berisha-11.jpg\" alt=\"\" width=\"1024\" height=\"596\" srcset=\"https:\/\/www.hashtag.al\/wp-content\/uploads\/2022\/05\/berisha-11.jpg 1024w, https:\/\/www.hashtag.al\/wp-content\/uploads\/2022\/05\/berisha-11-300x175.jpg 300w, https:\/\/www.hashtag.al\/wp-content\/uploads\/2022\/05\/berisha-11-768x447.jpg 768w, https:\/\/www.hashtag.al\/wp-content\/uploads\/2022\/05\/berisha-11-250x145.jpg 250w\" sizes=\"auto, (max-width: 1024px) 100vw, 1024px\" \/><\/span><\/p>\n<p><span style=\"color: #000000;\">Zgjedhja e Berish\u00ebs n\u00eb krye t\u00eb PD-s\u00eb vjen mes muajsh p\u00ebr\u00e7arjeje mes demokrat\u00ebve q\u00eb prej shpalljes s\u00eb tij non grata nga SHBA-ja e pezullimit t\u00eb tij nga PD-ja prej ish-kryetarit Basha.<\/span><\/p>\n<p><span style=\"color: #000000;\">Q\u00eb prej asokohe, demokrat\u00ebt jan\u00eb t\u00eb ndar\u00eb n\u00eb tre grupime madhore, ata q\u00eb mb\u00ebshtesnin Bash\u00ebn e nj\u00eb pjes\u00eb e tyre i q\u00ebndrojn\u00eb linj\u00ebs zyrtare t\u00eb drejtuar nga kreu i grupit parlamentar Alibeaj,\u00a0 ata q\u00eb mb\u00ebshtesin Berish\u00ebn e jan\u00eb pjes\u00eb e Komisionit t\u00eb Rithemelimit e ata q\u00eb nuk b\u00ebjn\u00eb n\u00eb asnj\u00ebrin prej k\u00ebtyre grupeve.<\/span><\/p>\n<p><span style=\"color: #000000;\">Muajt e fundit ish-kryeministri Berisha \u00ebsht\u00eb p\u00ebrfshir\u00eb n\u00eb nj\u00eb kurs p\u00ebrplasjeje me ambasadoren amerikane n\u00eb Tiran\u00eb, Yuri Kim, me akuza e kund\u00ebrakuza mes tyre.<\/span><\/p>\n<p><span style=\"color: #000000;\"><img loading=\"lazy\" decoding=\"async\" class=\"aligncenter size-full wp-image-525373\" src=\"https:\/\/www.hashtag.al\/wp-content\/uploads\/2022\/05\/berisha2-2.jpg\" alt=\"\" width=\"1004\" height=\"638\" srcset=\"https:\/\/www.hashtag.al\/wp-content\/uploads\/2022\/05\/berisha2-2.jpg 1004w, https:\/\/www.hashtag.al\/wp-content\/uploads\/2022\/05\/berisha2-2-300x191.jpg 300w, https:\/\/www.hashtag.al\/wp-content\/uploads\/2022\/05\/berisha2-2-768x488.jpg 768w\" sizes=\"auto, (max-width: 1004px) 100vw, 1004px\" \/><\/span><\/p>\n<p><span style=\"color: #000000;\">Ky \u00ebsht\u00eb rikthimi i tret\u00eb i Berish\u00ebs n\u00eb krye t\u00eb selis\u00eb blu, pas n\u00ebnt\u00eb vitesh pushim. M\u00eb her\u00ebt ai \u00ebsht\u00eb rikthyer n\u00eb krye t\u00eb selis\u00eb blu n\u00eb vitin 1991 e n\u00eb vitin 1997. <\/span><\/p>\n<p><span style=\"color: #000000;\">N\u00eb fjal\u00ebn e tij mbr\u00ebmjen e djeshme pas fitores ai iu drejtua mb\u00ebsht\u00ebsve n\u00eb sall\u00eb e demokrat\u00ebve n\u00eb vend me shprehjen: \u2018Ever say never\u2019 (kurr\u00eb mos thuaj kurr\u00eb), teksa n\u00eb vitin 2013, pas humbjes s\u00eb zgjedhjeve ai u dor\u00ebhoq si kryetar i PD-s\u00eb duke ia l\u00ebn\u00eb stafet\u00ebn Lulzim Bash\u00ebs.<\/span><\/p>\n<p><span style=\"color: #000000;\">Stafet\u00eb t\u00eb cil\u00ebn e rimori mbr\u00ebmjen e djeshme.<\/span><\/p>\n<p><span style=\"color: #000000;\"><img loading=\"lazy\" decoding=\"async\" class=\"aligncenter size-full wp-image-525375\" src=\"https:\/\/www.hashtag.al\/wp-content\/uploads\/2022\/05\/berisha4.jpg\" alt=\"\" width=\"1024\" height=\"692\" srcset=\"https:\/\/www.hashtag.al\/wp-content\/uploads\/2022\/05\/berisha4.jpg 1024w, https:\/\/www.hashtag.al\/wp-content\/uploads\/2022\/05\/berisha4-300x203.jpg 300w, https:\/\/www.hashtag.al\/wp-content\/uploads\/2022\/05\/berisha4-768x519.jpg 768w\" sizes=\"auto, (max-width: 1024px) 100vw, 1024px\" \/><img loading=\"lazy\" decoding=\"async\" class=\"aligncenter size-full wp-image-525376\" src=\"https:\/\/www.hashtag.al\/wp-content\/uploads\/2022\/05\/berisha3.jpg\" alt=\"\" width=\"989\" height=\"686\" srcset=\"https:\/\/www.hashtag.al\/wp-content\/uploads\/2022\/05\/berisha3.jpg 989w, https:\/\/www.hashtag.al\/wp-content\/uploads\/2022\/05\/berisha3-300x208.jpg 300w, https:\/\/www.hashtag.al\/wp-content\/uploads\/2022\/05\/berisha3-768x533.jpg 768w\" sizes=\"auto, (max-width: 989px) 100vw, 989px\" \/><\/span><\/p>\n","protected":false,"gt_translate_keys":[{"key":"rendered","format":"html"}]},"excerpt":{"rendered":"<p>Ashtu si\u00e7 pritej, ish-kryeministri Berisha, do jet\u00eb kreu i ri i PD-s\u00eb pas p\u00ebrfundimit t\u00eb num\u00ebrimit t\u00eb votave n\u00eb procesin zgjedhor q\u00eb u zhvillua dje, i organizuar nga Komisioni p\u00ebr Rithemelimin. Berisha arriti t\u00eb marr\u00eb 93.4% t\u00eb votave t\u00eb hedhura n\u00eb kuti. N\u00eb votim, sipas komisionit q\u00eb administroi procesin zgjedhor mor\u00ebn pjes\u00eb 43680 demokrat\u00eb, 40.840 [&hellip;]<\/p>\n","protected":false,"gt_translate_keys":[{"key":"rendered","format":"html"}]},"author":51,"featured_media":525374,"comment_status":"closed","ping_status":"closed","sticky":false,"template":"","format":"standard","meta":{"footnotes":""},"categories":[22,65,13],"tags":[],"class_list":["post-525309","post","type-post","status-publish","format-standard","has-post-thumbnail","hentry","category-ballina","category-lajme","category-te-fundit"],"gt_translate_keys":[{"key":"link","format":"url"}],"_links":{"self":[{"href":"https:\/\/www.hashtag.al\/index.php\/wp-json\/wp\/v2\/posts\/525309","targetHints":{"allow":["GET"]}}],"collection":[{"href":"https:\/\/www.hashtag.al\/index.php\/wp-json\/wp\/v2\/posts"}],"about":[{"href":"https:\/\/www.hashtag.al\/index.php\/wp-json\/wp\/v2\/types\/post"}],"author":[{"embeddable":true,"href":"https:\/\/www.hashtag.al\/index.php\/wp-json\/wp\/v2\/users\/51"}],"replies":[{"embeddable":true,"href":"https:\/\/www.hashtag.al\/index.php\/wp-json\/wp\/v2\/comments?post=525309"}],"version-history":[{"count":0,"href":"https:\/\/www.hashtag.al\/index.php\/wp-json\/wp\/v2\/posts\/525309\/revisions"}],"wp:featuredmedia":[{"embeddable":true,"href":"https:\/\/www.hashtag.al\/index.php\/wp-json\/wp\/v2\/media\/525374"}],"wp:attachment":[{"href":"https:\/\/www.hashtag.al\/index.php\/wp-json\/wp\/v2\/media?parent=525309"}],"wp:term":[{"taxonomy":"category","embeddable":true,"href":"https:\/\/www.hashtag.al\/index.php\/wp-json\/wp\/v2\/categories?post=525309"},{"taxonomy":"post_tag","embeddable":true,"href":"https:\/\/www.hashtag.al\/index.php\/wp-json\/wp\/v2\/tags?post=525309"}],"curies":[{"name":"wp","href":"https:\/\/api.w.org\/{rel}","templated":true}]}}