{"id":525247,"date":"2022-05-22T16:18:51","date_gmt":"2022-05-22T14:18:51","guid":{"rendered":"https:\/\/www.hashtag.al\/?p=525247"},"modified":"2022-05-22T16:18:51","modified_gmt":"2022-05-22T14:18:51","slug":"rusia-e-franca-lufte-deklaratash-parisi-ka-ende-mendesi-koloniale-ndaj-afrikes","status":"publish","type":"post","link":"https:\/\/www.hashtag.al\/index.php\/2022\/05\/22\/rusia-e-franca-lufte-deklaratash-parisi-ka-ende-mendesi-koloniale-ndaj-afrikes\/","title":{"rendered":"Rusia e Franca \u2018luft\u00eb deklaratash: Parisi ka ende mend\u00ebsi koloniale ndaj Afrik\u00ebs","gt_translate_keys":[{"key":"rendered","format":"text"}]},"content":{"rendered":"<p><span style=\"color: #000000;\"><img loading=\"lazy\" decoding=\"async\" class=\"aligncenter size-full wp-image-525257\" src=\"https:\/\/www.hashtag.al\/wp-content\/uploads\/2022\/05\/koloni.jpg\" alt=\"\" width=\"768\" height=\"432\" srcset=\"https:\/\/www.hashtag.al\/wp-content\/uploads\/2022\/05\/koloni.jpg 768w, https:\/\/www.hashtag.al\/wp-content\/uploads\/2022\/05\/koloni-300x169.jpg 300w\" sizes=\"auto, (max-width: 768px) 100vw, 768px\" \/><\/span><\/p>\n<p><span style=\"color: #000000;\">Franca, si dhe vendet e tjera evropiane, kan\u00eb treguar vazhdimisht nj\u00eb \u2018mend\u00ebsi koloniale\u2019 kur b\u00ebhet fjal\u00eb p\u00ebr kombet afrikane, ka th\u00ebn\u00eb ministri i Jasht\u00ebm rus Sergej Lavrov. <\/span><\/p>\n<p><span style=\"color: #000000;\">Kryediplomati i b\u00ebri komentet gjat\u00eb nj\u00eb konference t\u00eb p\u00ebrbashk\u00ebt shtypi me homologun e tij nga Mali, Abdoulaye Diop, pas bisedimeve n\u00eb Mosk\u00eb.<\/span><\/p>\n<p><span style=\"color: #000000;\">Gjat\u00eb bisedimeve, pala ruse p\u00ebrs\u00ebriti gatishm\u00ebrin\u00eb e saj p\u00ebr t\u00eb vazhduar ofrimin e mb\u00ebshtetjes p\u00ebr Bamako, duke p\u00ebrfshir\u00eb st\u00ebrvitjen e forcave t\u00eb armatosura dhe t\u00eb siguris\u00eb t\u00eb Malit.<\/span><\/p>\n<p><span style=\"color: #000000;\"><em>\u201cPak\u00ebnaq\u00ebsia e tyre me vendimin e autoriteteve t\u00eb Malit p\u00ebr t\u00eb k\u00ebrkuar ndihm\u00eb nga fuqit\u00eb e huaja p\u00ebr t\u00eb ofruar mbrojtje dhe siguri nuk \u00ebsht\u00eb asgj\u00eb m\u00eb shum\u00eb se ringjallja e nj\u00eb mend\u00ebsie koloniale, t\u00eb cil\u00ebn evropian\u00ebt duhet ta kishin hequr qafe shum\u00eb koh\u00eb m\u00eb par\u00eb.\u201d<\/em> &#8211; tha Lavrov.<\/span><\/p>\n<p><span style=\"color: #000000;\">Kombet e tjera evropiane kan\u00eb treguar gjithashtu nj\u00eb qasje t\u00eb ngjashme ndaj Afrik\u00ebs, tha ai, duke kujtuar nj\u00eb takim me homologun e tij francez, Jean-Yves Le Drian dhe shefin e politik\u00ebs s\u00eb jashtme t\u00eb BE-s\u00eb, Josep Borrell, n\u00eb margjinat e Asambles\u00eb s\u00eb P\u00ebrgjithshme t\u00eb OKB-s\u00eb shtatorin e kaluar.<\/span><\/p>\n<p><span style=\"color: #000000;\"><em>\u201cT\u00eb dy m\u00eb shpreh\u00ebn n\u00eb m\u00ebnyr\u00eb t\u00eb tensionuar shqet\u00ebsimet e tyre se Rusia po zhvillon lidhje me Afrik\u00ebn dhe, ve\u00e7an\u00ebrisht, me Malin. Ata e justifikuan k\u00ebt\u00eb pozicion n\u00eb nj\u00eb m\u00ebnyr\u00eb mjaft koloniale: Afrika \u00ebsht\u00eb nj\u00eb zon\u00eb e p\u00ebrgjegj\u00ebsis\u00eb, ndikimit dhe interesave t\u00eb BE-s\u00eb.\u201d<\/em> &#8211; shtoi Lavrov.<\/span><\/p>\n<p><span style=\"color: #000000;\">Nuk mund t\u00eb pranoj argumente t\u00eb tilla, ky \u00ebsht\u00eb neo-kolonializ\u00ebm i past\u00ebr, pamund\u00ebsi p\u00ebr t&#8217;u ndar\u00eb me zakonet e vjetra q\u00eb e \u00e7uan Afrik\u00ebn n\u00eb nj\u00eb gjendje shum\u00eb t\u00eb keqe asokohe.<\/span><\/p>\n<p><span style=\"color: #000000;\">Mali drejtohet nga presidenti i p\u00ebrkohsh\u00ebm Assimi Goita, nj\u00eb Kolonel i ushtris\u00eb q\u00eb udh\u00ebhoqi grushtin ushtarak t\u00eb vitit 2020 kund\u00ebr presidentit t\u00eb m\u00ebparsh\u00ebm Ibrahim Boubacar Keita si dhe grushtin e shtetit t\u00eb majit 2021 kund\u00ebr pasuesit t\u00eb tij, Bah N&#8217;Daw.<\/span><\/p>\n<p><span style=\"color: #000000;\">Pas grushtit t\u00eb shtetit t\u00eb fundit, marr\u00ebdh\u00ebniet midis Malit dhe Franc\u00ebs jan\u00eb p\u00ebrkeq\u00ebsuar.<\/span><\/p>\n","protected":false,"gt_translate_keys":[{"key":"rendered","format":"html"}]},"excerpt":{"rendered":"<p>Franca, si dhe vendet e tjera evropiane, kan\u00eb treguar vazhdimisht nj\u00eb \u2018mend\u00ebsi koloniale\u2019 kur b\u00ebhet fjal\u00eb p\u00ebr kombet afrikane, ka th\u00ebn\u00eb ministri i Jasht\u00ebm rus Sergej Lavrov. Kryediplomati i b\u00ebri komentet gjat\u00eb nj\u00eb konference t\u00eb p\u00ebrbashk\u00ebt shtypi me homologun e tij nga Mali, Abdoulaye Diop, pas bisedimeve n\u00eb Mosk\u00eb. Gjat\u00eb bisedimeve, pala ruse p\u00ebrs\u00ebriti gatishm\u00ebrin\u00eb [&hellip;]<\/p>\n","protected":false,"gt_translate_keys":[{"key":"rendered","format":"html"}]},"author":51,"featured_media":525257,"comment_status":"closed","ping_status":"closed","sticky":false,"template":"","format":"standard","meta":{"footnotes":""},"categories":[53],"tags":[],"class_list":["post-525247","post","type-post","status-publish","format-standard","has-post-thumbnail","hentry","category-fast-foodi"],"gt_translate_keys":[{"key":"link","format":"url"}],"_links":{"self":[{"href":"https:\/\/www.hashtag.al\/index.php\/wp-json\/wp\/v2\/posts\/525247","targetHints":{"allow":["GET"]}}],"collection":[{"href":"https:\/\/www.hashtag.al\/index.php\/wp-json\/wp\/v2\/posts"}],"about":[{"href":"https:\/\/www.hashtag.al\/index.php\/wp-json\/wp\/v2\/types\/post"}],"author":[{"embeddable":true,"href":"https:\/\/www.hashtag.al\/index.php\/wp-json\/wp\/v2\/users\/51"}],"replies":[{"embeddable":true,"href":"https:\/\/www.hashtag.al\/index.php\/wp-json\/wp\/v2\/comments?post=525247"}],"version-history":[{"count":0,"href":"https:\/\/www.hashtag.al\/index.php\/wp-json\/wp\/v2\/posts\/525247\/revisions"}],"wp:featuredmedia":[{"embeddable":true,"href":"https:\/\/www.hashtag.al\/index.php\/wp-json\/wp\/v2\/media\/525257"}],"wp:attachment":[{"href":"https:\/\/www.hashtag.al\/index.php\/wp-json\/wp\/v2\/media?parent=525247"}],"wp:term":[{"taxonomy":"category","embeddable":true,"href":"https:\/\/www.hashtag.al\/index.php\/wp-json\/wp\/v2\/categories?post=525247"},{"taxonomy":"post_tag","embeddable":true,"href":"https:\/\/www.hashtag.al\/index.php\/wp-json\/wp\/v2\/tags?post=525247"}],"curies":[{"name":"wp","href":"https:\/\/api.w.org\/{rel}","templated":true}]}}