{"id":525011,"date":"2022-05-21T08:58:57","date_gmt":"2022-05-21T06:58:57","guid":{"rendered":"https:\/\/www.hashtag.al\/?p=525011"},"modified":"2022-05-20T22:52:21","modified_gmt":"2022-05-20T20:52:21","slug":"suedia-shtepi-e-terrorit-e-mbeshtetese-e-terroristeve-ta-harroje-nato-n-pa-hequr-dore-prej-tyre-erdogan","status":"publish","type":"post","link":"https:\/\/www.hashtag.al\/index.php\/2022\/05\/21\/suedia-shtepi-e-terrorit-e-mbeshtetese-e-terroristeve-ta-harroje-nato-n-pa-hequr-dore-prej-tyre-erdogan\/","title":{"rendered":"\u201cSuedia sht\u00ebpi e terrorit e mb\u00ebshtet\u00ebse e terrorist\u00ebve, ta harroj\u00eb NATO-n pa hequr dor\u00eb prej tyre &#8211; Erdogan","gt_translate_keys":[{"key":"rendered","format":"text"}]},"content":{"rendered":"<p><span style=\"color: #000000;\"><img loading=\"lazy\" decoding=\"async\" class=\"aligncenter size-full wp-image-524391\" src=\"https:\/\/www.hashtag.al\/wp-content\/uploads\/2022\/05\/erdogan-1.jpg\" alt=\"\" width=\"768\" height=\"432\" srcset=\"https:\/\/www.hashtag.al\/wp-content\/uploads\/2022\/05\/erdogan-1.jpg 768w, https:\/\/www.hashtag.al\/wp-content\/uploads\/2022\/05\/erdogan-1-300x169.jpg 300w\" sizes=\"auto, (max-width: 768px) 100vw, 768px\" \/><\/span><\/p>\n<p><span style=\"color: #000000;\">Presidenti turk Erdogan ka akuzuar Suedin\u00eb p\u00ebr armatosjen e milicive kurde, t\u00eb cilat Turqia i konsideron grupe terroriste. <\/span><\/p>\n<p><span style=\"color: #000000;\">Raportet n\u00eb mediat turke sugjerojn\u00eb se arm\u00ebt suedeze jan\u00eb p\u00ebrdorur kund\u00ebr trupave turke dhe se Ankaraja po k\u00ebrkon nj\u00eb goditje t\u00eb madhe ndaj kurd\u00ebve nga Stokholmi p\u00ebrpara se t\u00eb mund t\u00eb pranoj\u00eb an\u00ebtar\u00ebsimin e saj n\u00eb NATO.<\/span><\/p>\n<p><span style=\"color: #000000;\">Duke folur n\u00eb nj\u00eb takim t\u00eb enjten, Erdogan deklaroi se Turqia \u2018u kishte th\u00ebn\u00eb miqve tan\u00eb p\u00ebrkat\u00ebs se do t&#8217;i thon\u00eb jo hyrjes s\u00eb Finland\u00ebs dhe Suedis\u00eb n\u00eb NATO. Sipas komenteve t\u00eb p\u00ebrkthyera nga Associated Press, Erdogan ve\u00e7oi Suedin\u00eb si \u2018nj\u00eb qend\u00ebr terrori, sht\u00ebpi e terrorit\u2019 dhe e akuzoi at\u00eb se u jep arm\u00eb dhe para kurd\u00ebve, kund\u00ebr t\u00eb cil\u00ebve Turqia ka luftuar nj\u00eb konflikt t\u00eb armatosur q\u00eb nga viti vitet 1980.<\/span><\/p>\n<p><span style=\"color: #000000;\">Omer Celik, nj\u00eb z\u00ebdh\u00ebn\u00ebs i partis\u00eb n\u00eb pushtet t\u00eb Erdoganit, pohoi t\u00eb enjten se Ankaraja ka prova se arm\u00ebt suedeze jan\u00eb gjetur n\u00eb duart e Partis\u00eb s\u00eb Pun\u00ebtor\u00ebve t\u00eb Kurdistanit (PKK).<\/span><\/p>\n<p><span style=\"color: #000000;\">Sipas nj\u00eb raporti t\u00eb botuar m\u00eb her\u00ebt t\u00eb enjten nga agjencia turke e lajmeve Anadolu, forcat turke kap\u00ebn raketa antitank AT4 t\u00eb prodhimit suedez gjat\u00eb t\u00eb pakt\u00ebn 11 bastisjeve n\u00eb Turqin\u00eb jugore dhe kat\u00ebr n\u00eb Irakun verior midis 2018 dhe 2021. P\u00ebrdorur nga m\u00eb shum\u00eb se 30 ushtri n\u00eb mbar\u00eb bot\u00ebn , AT4 \u00ebsht\u00eb nj\u00eb nga arm\u00ebt m\u00eb t\u00eb zakonshme n\u00eb bot\u00eb antiblind.<\/span><\/p>\n<p><span style=\"color: #000000;\">Trupat turke shpesh kryejn\u00eb operacione nd\u00ebrkufitare kund\u00ebr PKK-s\u00eb n\u00eb Irak dhe deg\u00ebs s\u00eb saj siriane, YPG-s\u00eb, n\u00eb Siri.<\/span><\/p>\n<p><span style=\"color: #000000;\">Turqia faj\u00ebson Suedin\u00eb dhe Finland\u00ebn se kan\u00eb kund\u00ebrshtuar t\u00eb ekstradojn\u00eb nj\u00eb num\u00ebr personash t\u00eb lidhur me PKK-n\u00eb t\u00eb konsideruar terrorist\u00eb nga Ankaraja, si dhe nj\u00eb num\u00ebr njer\u00ebzish nga FETO, nj\u00eb grup q\u00eb mb\u00ebshtet klerikun e opozit\u00ebs Fethullah Gulen.<\/span><\/p>\n<p><span style=\"color: #000000;\">Ankaraja ka k\u00ebrkuar ekstradimin e k\u00ebtyre t\u00eb dyshuarve p\u00ebrpara se t\u00eb mb\u00ebshtes\u00eb ofert\u00ebn e vendeve nordike p\u00ebr an\u00ebtar\u00ebsim n\u00eb NATO dhe thuhet se ka k\u00ebrkuar q\u00eb t\u00eb dy vendet t\u00eb heqin kufizimet e eksportit t\u00eb arm\u00ebve n\u00eb Turqi.<\/span><\/p>\n<p><span style=\"color: #000000;\">Gjithashtu, Ankaraja thuhet se d\u00ebshiron t\u00eb ripranohet n\u00eb programin e avion\u00ebve luftarak\u00eb F-35, nga i cili u p\u00ebrjashtua n\u00eb vitin 2019 p\u00ebr shkak t\u00eb blerjes s\u00eb sistemit t\u00eb mbrojtjes ajrore S-400 nga Rusia.<\/span><\/p>\n<p><span style=\"color: #000000;\">Sekretari i P\u00ebrgjithsh\u00ebm i NATO-s, Jens Stoltenberg u tha gazetar\u00ebve t\u00eb enjten se ai pret q\u00eb 30 an\u00ebtar\u00ebt e aleanc\u00ebs \u2018t\u00eb marrin nj\u00eb vendim t\u00eb shpejt\u00eb\u2019 p\u00ebr pranimin e Suedis\u00eb dhe Finland\u00ebs.<\/span><\/p>\n","protected":false,"gt_translate_keys":[{"key":"rendered","format":"html"}]},"excerpt":{"rendered":"<p>Presidenti turk Erdogan ka akuzuar Suedin\u00eb p\u00ebr armatosjen e milicive kurde, t\u00eb cilat Turqia i konsideron grupe terroriste. Raportet n\u00eb mediat turke sugjerojn\u00eb se arm\u00ebt suedeze jan\u00eb p\u00ebrdorur kund\u00ebr trupave turke dhe se Ankaraja po k\u00ebrkon nj\u00eb goditje t\u00eb madhe ndaj kurd\u00ebve nga Stokholmi p\u00ebrpara se t\u00eb mund t\u00eb pranoj\u00eb an\u00ebtar\u00ebsimin e saj n\u00eb NATO. [&hellip;]<\/p>\n","protected":false,"gt_translate_keys":[{"key":"rendered","format":"html"}]},"author":51,"featured_media":524391,"comment_status":"closed","ping_status":"closed","sticky":false,"template":"","format":"standard","meta":{"footnotes":""},"categories":[53],"tags":[],"class_list":["post-525011","post","type-post","status-publish","format-standard","has-post-thumbnail","hentry","category-fast-foodi"],"gt_translate_keys":[{"key":"link","format":"url"}],"_links":{"self":[{"href":"https:\/\/www.hashtag.al\/index.php\/wp-json\/wp\/v2\/posts\/525011","targetHints":{"allow":["GET"]}}],"collection":[{"href":"https:\/\/www.hashtag.al\/index.php\/wp-json\/wp\/v2\/posts"}],"about":[{"href":"https:\/\/www.hashtag.al\/index.php\/wp-json\/wp\/v2\/types\/post"}],"author":[{"embeddable":true,"href":"https:\/\/www.hashtag.al\/index.php\/wp-json\/wp\/v2\/users\/51"}],"replies":[{"embeddable":true,"href":"https:\/\/www.hashtag.al\/index.php\/wp-json\/wp\/v2\/comments?post=525011"}],"version-history":[{"count":0,"href":"https:\/\/www.hashtag.al\/index.php\/wp-json\/wp\/v2\/posts\/525011\/revisions"}],"wp:featuredmedia":[{"embeddable":true,"href":"https:\/\/www.hashtag.al\/index.php\/wp-json\/wp\/v2\/media\/524391"}],"wp:attachment":[{"href":"https:\/\/www.hashtag.al\/index.php\/wp-json\/wp\/v2\/media?parent=525011"}],"wp:term":[{"taxonomy":"category","embeddable":true,"href":"https:\/\/www.hashtag.al\/index.php\/wp-json\/wp\/v2\/categories?post=525011"},{"taxonomy":"post_tag","embeddable":true,"href":"https:\/\/www.hashtag.al\/index.php\/wp-json\/wp\/v2\/tags?post=525011"}],"curies":[{"name":"wp","href":"https:\/\/api.w.org\/{rel}","templated":true}]}}