{"id":524851,"date":"2022-05-20T12:57:21","date_gmt":"2022-05-20T10:57:21","guid":{"rendered":"https:\/\/www.hashtag.al\/?p=524851"},"modified":"2022-05-20T13:37:46","modified_gmt":"2022-05-20T11:37:46","slug":"nuk-do-te-bashkepunojme-me-pd-ne-nese-rikthehet-berisha-ish-kryeministri-i-pergjigjet-deputetit-gjerman-ti-nuk-mund-te-nderhysh","status":"publish","type":"post","link":"https:\/\/www.hashtag.al\/index.php\/2022\/05\/20\/nuk-do-te-bashkepunojme-me-pd-ne-nese-rikthehet-berisha-ish-kryeministri-i-pergjigjet-deputetit-gjerman-ti-nuk-mund-te-nderhysh\/","title":{"rendered":"\u201cNuk do t\u00eb bashk\u00ebpunojm\u00eb me PD-n\u00eb n\u00ebse rikthehet Berisha\u201d &#8211; Ish-kryeministri i p\u00ebrgjigjet deputetit gjerman: Ti nuk mund t\u00eb nd\u00ebrhysh","gt_translate_keys":[{"key":"rendered","format":"text"}]},"content":{"rendered":"<p><span style=\"color: #000000;\"><a href=\"https:\/\/www.hashtag.al\/wp-content\/uploads\/2022\/05\/1-1.jpg\"><img loading=\"lazy\" decoding=\"async\" class=\"aligncenter size-full wp-image-524852\" src=\"https:\/\/www.hashtag.al\/wp-content\/uploads\/2022\/05\/1-1.jpg\" alt=\"\" width=\"830\" height=\"418\" srcset=\"https:\/\/www.hashtag.al\/wp-content\/uploads\/2022\/05\/1-1.jpg 830w, https:\/\/www.hashtag.al\/wp-content\/uploads\/2022\/05\/1-1-300x151.jpg 300w, https:\/\/www.hashtag.al\/wp-content\/uploads\/2022\/05\/1-1-768x387.jpg 768w\" sizes=\"auto, (max-width: 830px) 100vw, 830px\" \/><\/a><\/span><\/p>\n<p><span style=\"color: #000000;\">Ish-kryeministri Berisha iu p\u00ebrgjigj deklaratave t\u00eb djeshme t\u00eb deputetit gjerman t\u00eb CDU-s\u00eb duke i th\u00ebn\u00eb se nuk mund t\u00eb nd\u00ebrhyj\u00eb n\u00eb proceset e lira t\u00eb nj\u00eb partie simot\u00ebr.<\/span><\/p>\n<p><span style=\"color: #000000;\">Kujtojm\u00eb se deputeti Gunther Krichbaum deklaroi dje se n\u00ebse PD-ja do t\u2019i rikthehet t\u00eb djeshmes, duke n\u00ebnkuptuar rikthimin e Berish\u00ebs si kryetar, ai do t\u00eb angazhohet n\u00eb pezullimin e k\u00ebsaj force politike nga PPE-ja.<\/span><\/p>\n<p><span style=\"color: #000000;\"><em>\u201cAi ishte angazhim personal. Un\u00eb n\u00eb q\u00ebndrimet personale t\u00eb individ\u00ebve nuk nd\u00ebrhyj. Komenti im \u00ebsht\u00eb keqardhje q\u00eb nj\u00eb deputet i CDU-s\u00eb i lejon vetes ose mendon se mund t\u00eb nd\u00ebrhyj\u00eb n\u00eb nj\u00eb process t\u00eb lir\u00eb te nj\u00eb parti simot\u00ebr. Aq m\u00eb tep\u00ebr kur ai e b\u00ebn k\u00ebt\u00eb bazuar n\u00eb nj\u00eb vendim t\u00eb faktuar tashm\u00eb universalisht se \u00ebsht\u00eb marr\u00eb nga lobimi korruptiv i Soros dhe Ram\u00ebs. Duke th\u00ebn\u00eb k\u00ebt\u00eb dhe nuk e quaj nj\u00eb zgjedhje t\u00eb goditur nga ana e tij. Ftoj zotin Krishbaun t\u00eb nd\u00ebrmarr\u00eb nj\u00eb hetim n\u00eb arkivat e shtetit t\u00eb tij p\u00ebr gjetur nj\u00eb fakt t\u00eb vet\u00ebm p\u00ebr t\u00eb faktuar shpifjet e Soros<\/em>.\u201d- u shpreh Berisha.<\/span><\/p>\n<p><span style=\"color: #000000;\">Krichbaum tha dje se Partia Demokratike ka marr\u00eb mesazhe t\u00eb qarta nga amerikan\u00ebt dhe duhet \u201ct\u2019i d\u00ebgjoj\u00eb\u201d.<\/span><\/p>\n","protected":false,"gt_translate_keys":[{"key":"rendered","format":"html"}]},"excerpt":{"rendered":"<p>Ish-kryeministri Berisha iu p\u00ebrgjigj deklaratave t\u00eb djeshme t\u00eb deputetit gjerman t\u00eb CDU-s\u00eb duke i th\u00ebn\u00eb se nuk mund t\u00eb nd\u00ebrhyj\u00eb n\u00eb proceset e lira t\u00eb nj\u00eb partie simot\u00ebr. Kujtojm\u00eb se deputeti Gunther Krichbaum deklaroi dje se n\u00ebse PD-ja do t\u2019i rikthehet t\u00eb djeshmes, duke n\u00ebnkuptuar rikthimin e Berish\u00ebs si kryetar, ai do t\u00eb angazhohet n\u00eb [&hellip;]<\/p>\n","protected":false,"gt_translate_keys":[{"key":"rendered","format":"html"}]},"author":30,"featured_media":524852,"comment_status":"closed","ping_status":"closed","sticky":false,"template":"","format":"standard","meta":{"footnotes":""},"categories":[65,13],"tags":[],"class_list":["post-524851","post","type-post","status-publish","format-standard","has-post-thumbnail","hentry","category-lajme","category-te-fundit"],"gt_translate_keys":[{"key":"link","format":"url"}],"_links":{"self":[{"href":"https:\/\/www.hashtag.al\/index.php\/wp-json\/wp\/v2\/posts\/524851","targetHints":{"allow":["GET"]}}],"collection":[{"href":"https:\/\/www.hashtag.al\/index.php\/wp-json\/wp\/v2\/posts"}],"about":[{"href":"https:\/\/www.hashtag.al\/index.php\/wp-json\/wp\/v2\/types\/post"}],"author":[{"embeddable":true,"href":"https:\/\/www.hashtag.al\/index.php\/wp-json\/wp\/v2\/users\/30"}],"replies":[{"embeddable":true,"href":"https:\/\/www.hashtag.al\/index.php\/wp-json\/wp\/v2\/comments?post=524851"}],"version-history":[{"count":0,"href":"https:\/\/www.hashtag.al\/index.php\/wp-json\/wp\/v2\/posts\/524851\/revisions"}],"wp:featuredmedia":[{"embeddable":true,"href":"https:\/\/www.hashtag.al\/index.php\/wp-json\/wp\/v2\/media\/524852"}],"wp:attachment":[{"href":"https:\/\/www.hashtag.al\/index.php\/wp-json\/wp\/v2\/media?parent=524851"}],"wp:term":[{"taxonomy":"category","embeddable":true,"href":"https:\/\/www.hashtag.al\/index.php\/wp-json\/wp\/v2\/categories?post=524851"},{"taxonomy":"post_tag","embeddable":true,"href":"https:\/\/www.hashtag.al\/index.php\/wp-json\/wp\/v2\/tags?post=524851"}],"curies":[{"name":"wp","href":"https:\/\/api.w.org\/{rel}","templated":true}]}}