{"id":524558,"date":"2022-05-18T21:28:14","date_gmt":"2022-05-18T19:28:14","guid":{"rendered":"https:\/\/www.hashtag.al\/?p=524558"},"modified":"2022-05-18T21:28:14","modified_gmt":"2022-05-18T19:28:14","slug":"vrasja-ne-sukth-policia-jep-detaje-48-vjecari-u-qellua-me-automatik-ne-dyqanin-e-tij","status":"publish","type":"post","link":"https:\/\/www.hashtag.al\/index.php\/2022\/05\/18\/vrasja-ne-sukth-policia-jep-detaje-48-vjecari-u-qellua-me-automatik-ne-dyqanin-e-tij\/","title":{"rendered":"Vrasja n\u00eb Sukth, policia jep detaje: 48-vje\u00e7ari u q\u00ebllua me automatik n\u00eb dyqanin e tij","gt_translate_keys":[{"key":"rendered","format":"text"}]},"content":{"rendered":"<p style=\"text-align: justify;\"><span style=\"color: #000000;\"><img loading=\"lazy\" decoding=\"async\" class=\"aligncenter size-full wp-image-524559\" src=\"https:\/\/www.hashtag.al\/wp-content\/uploads\/2022\/05\/6285410c37203policia-naten-1.jpg\" alt=\"\" width=\"720\" height=\"360\" \/><\/span><\/p>\n<p style=\"text-align: justify;\"><span style=\"color: #000000;\">Policia e Durr\u00ebsit ka zbardhur detajet e para p\u00ebr ngjarjen e ndodhur mbr\u00ebmjen e sotme n\u00eb Sukth.<\/span><\/p>\n<p style=\"text-align: justify;\"><span style=\"color: #000000;\">M\u00ebsohet se viktima Arben M\u00ebrkuri Ismaili ishte pronar i nj\u00eb dyqani dhe pik\u00ebrisht ndaj objektit t\u00eb tij \u00ebsht\u00eb q\u00eblluar me automatik.<\/span><\/p>\n<p style=\"text-align: justify;\"><span style=\"color: #000000;\">\u201c<em>N\u00eb qend\u00ebr t\u00eb Sukthit, nj\u00eb shtetas ende i paidentifikuar ka q\u00eblluar me arm\u00eb zjarri automatik, n\u00eb drejtim t\u00eb dyqanit t\u00eb shtetasit Arben M\u00ebrkuri Ismaili , 48 vje\u00e7. <\/em><\/span><\/p>\n<p style=\"text-align: justify;\"><span style=\"color: #000000;\"><em>P\u00ebr pasoj\u00eb shtetasi Arben M\u00ebrkuri Ismaili u plagos n\u00eb gjendje t\u00eb r\u00ebnd\u00eb dhe si pasoj\u00eb e plag\u00ebve t\u00eb marra nd\u00ebrroi jet\u00eb n\u00eb spital.<\/em><\/span><\/p>\n<p style=\"text-align: justify;\"><span style=\"color: #000000;\"><em>Sh\u00ebrbimet e Policis\u00eb kan\u00eb rrethuar zon\u00ebn dhe vijon krehja e saj, p\u00ebr te b\u00ebr\u00eb t\u00eb mundur kapjen e autorit.<\/em><\/span><\/p>\n<p style=\"text-align: justify;\"><span style=\"color: #000000;\"><em>Grupi hetimor, n\u00ebn drejtimin e Prokuroris\u00eb, ndodhet n\u00eb vendngjarje dhe po punon p\u00ebr fiksimin e \u00e7do prove t\u00eb vlefshme q\u00eb do t\u2019i sh\u00ebrbej\u00eb hetimit, me q\u00ebllim identifikimin dhe kapjen e autorit<\/em>\u201d- njofton policia.<\/span><\/p>\n<p style=\"text-align: justify;\">\n","protected":false,"gt_translate_keys":[{"key":"rendered","format":"html"}]},"excerpt":{"rendered":"<p>Policia e Durr\u00ebsit ka zbardhur detajet e para p\u00ebr ngjarjen e ndodhur mbr\u00ebmjen e sotme n\u00eb Sukth. M\u00ebsohet se viktima Arben M\u00ebrkuri Ismaili ishte pronar i nj\u00eb dyqani dhe pik\u00ebrisht ndaj objektit t\u00eb tij \u00ebsht\u00eb q\u00eblluar me automatik. \u201cN\u00eb qend\u00ebr t\u00eb Sukthit, nj\u00eb shtetas ende i paidentifikuar ka q\u00eblluar me arm\u00eb zjarri automatik, n\u00eb drejtim [&hellip;]<\/p>\n","protected":false,"gt_translate_keys":[{"key":"rendered","format":"html"}]},"author":32,"featured_media":0,"comment_status":"closed","ping_status":"closed","sticky":false,"template":"","format":"standard","meta":{"footnotes":""},"categories":[65,13],"tags":[],"class_list":["post-524558","post","type-post","status-publish","format-standard","hentry","category-lajme","category-te-fundit"],"gt_translate_keys":[{"key":"link","format":"url"}],"_links":{"self":[{"href":"https:\/\/www.hashtag.al\/index.php\/wp-json\/wp\/v2\/posts\/524558","targetHints":{"allow":["GET"]}}],"collection":[{"href":"https:\/\/www.hashtag.al\/index.php\/wp-json\/wp\/v2\/posts"}],"about":[{"href":"https:\/\/www.hashtag.al\/index.php\/wp-json\/wp\/v2\/types\/post"}],"author":[{"embeddable":true,"href":"https:\/\/www.hashtag.al\/index.php\/wp-json\/wp\/v2\/users\/32"}],"replies":[{"embeddable":true,"href":"https:\/\/www.hashtag.al\/index.php\/wp-json\/wp\/v2\/comments?post=524558"}],"version-history":[{"count":0,"href":"https:\/\/www.hashtag.al\/index.php\/wp-json\/wp\/v2\/posts\/524558\/revisions"}],"wp:attachment":[{"href":"https:\/\/www.hashtag.al\/index.php\/wp-json\/wp\/v2\/media?parent=524558"}],"wp:term":[{"taxonomy":"category","embeddable":true,"href":"https:\/\/www.hashtag.al\/index.php\/wp-json\/wp\/v2\/categories?post=524558"},{"taxonomy":"post_tag","embeddable":true,"href":"https:\/\/www.hashtag.al\/index.php\/wp-json\/wp\/v2\/tags?post=524558"}],"curies":[{"name":"wp","href":"https:\/\/api.w.org\/{rel}","templated":true}]}}