{"id":524498,"date":"2022-05-18T15:32:56","date_gmt":"2022-05-18T13:32:56","guid":{"rendered":"https:\/\/www.hashtag.al\/?p=524498"},"modified":"2022-05-18T15:35:55","modified_gmt":"2022-05-18T13:35:55","slug":"elon-musk-e-thote-hapur-kesaj-radhe-votoj-per-republikanet-video","status":"publish","type":"post","link":"https:\/\/www.hashtag.al\/index.php\/2022\/05\/18\/elon-musk-e-thote-hapur-kesaj-radhe-votoj-per-republikanet-video\/","title":{"rendered":"Elon Musk e thot\u00eb hapur: K\u00ebsaj radhe votoj p\u00ebr republikan\u00ebt (VIDEO)","gt_translate_keys":[{"key":"rendered","format":"text"}]},"content":{"rendered":"<p><span style=\"color: #000000;\"><a href=\"https:\/\/www.hashtag.al\/wp-content\/uploads\/2022\/05\/Musk-3.jpg\"><img loading=\"lazy\" decoding=\"async\" class=\"aligncenter size-full wp-image-524499\" src=\"https:\/\/www.hashtag.al\/wp-content\/uploads\/2022\/05\/Musk-3.jpg\" alt=\"\" width=\"540\" height=\"304\" srcset=\"https:\/\/www.hashtag.al\/wp-content\/uploads\/2022\/05\/Musk-3.jpg 540w, https:\/\/www.hashtag.al\/wp-content\/uploads\/2022\/05\/Musk-3-300x169.jpg 300w\" sizes=\"auto, (max-width: 540px) 100vw, 540px\" \/><\/a><\/span><\/p>\n<p><span style=\"color: #000000;\">Themeluesi i Tesla-s, Elon Musk, ka th\u00ebn\u00eb se do t\u00eb votoj\u00eb p\u00ebr kandidat\u00ebt republikan\u00eb n\u00eb zgjedhjet e ardhshme n\u00eb SHBA.<\/span><\/p>\n<p><span style=\"color: #000000;\">Gjat\u00eb nj\u00eb interviste t\u00eb zhvilluar k\u00ebt\u00eb jav\u00eb p\u00ebr podcastin All-In n\u00eb Majemi, miliarderi u shpreh se ai nuk ka ka votuar asnj\u00ebher\u00eb p\u00ebr nj\u00eb republikan, por nuk mund t\u00eb jet\u00eb m\u00eb p\u00ebrkrah demokrat\u00ebve.<\/span><\/p>\n<p><span style=\"color: #000000;\"><em>\u201cUn\u00eb do ta klasifikoja veten si nj\u00eb i moderuar, as republikan apo demokrat. Dhe n\u00eb fakt, un\u00eb kam votuar me shumic\u00eb d\u00ebrrmuese p\u00ebr demokrat\u00ebt historikisht. Mund t\u00eb mos kem votuar kurr\u00eb p\u00ebr nj\u00eb republikan, thjesht p\u00ebr t\u00eb qen\u00eb i qart\u00eb. Tani n\u00eb k\u00ebto zgjedhje do t\u2019a b\u00ebj.\u201d<\/em>&#8211; tha Musk duke shkaktuar reagime nga personat n\u00eb studio.<\/span><\/p>\n<blockquote class=\"twitter-tweet\">\n<p dir=\"ltr\" lang=\"en\">Elon Musk Says He Plans to Vote Republican for the First Time, Wants to Remove the Bias from Twitter <a href=\"https:\/\/t.co\/G7JVJqJLKz\">pic.twitter.com\/G7JVJqJLKz<\/a><\/p>\n<p>\u2014 Ultra MAGA |Sam| \ud83c\uddfa\ud83c\uddf8 | \ud83e\udd85 | \ud83d\udce1 (@Rudio1John) <a href=\"https:\/\/twitter.com\/Rudio1John\/status\/1526585849994952705?ref_src=twsrc%5Etfw\">May 17, 2022<\/a><\/p><\/blockquote>\n<p><script async src=\"https:\/\/platform.twitter.com\/widgets.js\" charset=\"utf-8\"><\/script><\/p>\n<p><span style=\"color: #000000;\">Musk foli edhe p\u00ebr ofert\u00ebn e tij p\u00ebr t\u00eb bler\u00eb platform\u00ebn e mediave sociale \u201cTwitter\u201d p\u00ebr 44 miliard\u00eb dollar\u00eb.<\/span><\/p>\n<p><span style=\"color: #000000;\">Ai u shpreh se kjo &#8220;<em>nuk \u00ebsht\u00eb nj\u00eb marrje e krahut t\u00eb djatht\u00eb, si\u00e7 mund t\u00eb ken\u00eb frik\u00eb disa njer\u00ebz n\u00eb t\u00eb majt\u00eb&#8221;<\/em>. N\u00eb vend t\u00eb k\u00ebsaj e quajti at\u00eb &#8220;nj\u00eb kontroll nga krahu i moderuar&#8221; dhe nj\u00eb <em>&#8221; p\u00ebrpjekje p\u00ebr t\u00eb siguruar q\u00eb njer\u00ebzit e t\u00eb gjitha bindjeve politike t\u00eb ndjehen t\u00eb mir\u00ebpritur n\u00eb nj\u00eb shesh dixhital t\u00eb qytetit.\u201d<\/em> Ai tha se Twitter aktualisht ka nj\u00eb <em>&#8220;paragjykim shum\u00eb t\u00eb s\u00eb majt\u00ebs&#8221;.<\/em><\/span><\/p>\n<p><span style=\"color: #000000;\">Gjat\u00eb s\u00eb nj\u00ebjt\u00ebs intervist\u00eb, Musk b\u00ebri deklarat\u00ebn se presidenti Joe Biden \u00ebsht\u00eb <em>&#8220;shum\u00eb i kapur nga sindikatat&#8221;<\/em> nd\u00ebrsa theksoi se <em>\u201cpresidenti i v\u00ebrtet\u00eb \u00ebsht\u00eb ai q\u00eb kontrollon teleprompterin\u201d<\/em>, jo ai q\u00eb e lexon at\u00eb.<\/span><\/p>\n","protected":false,"gt_translate_keys":[{"key":"rendered","format":"html"}]},"excerpt":{"rendered":"<p>Themeluesi i Tesla-s, Elon Musk, ka th\u00ebn\u00eb se do t\u00eb votoj\u00eb p\u00ebr kandidat\u00ebt republikan\u00eb n\u00eb zgjedhjet e ardhshme n\u00eb SHBA. Gjat\u00eb nj\u00eb interviste t\u00eb zhvilluar k\u00ebt\u00eb jav\u00eb p\u00ebr podcastin All-In n\u00eb Majemi, miliarderi u shpreh se ai nuk ka ka votuar asnj\u00ebher\u00eb p\u00ebr nj\u00eb republikan, por nuk mund t\u00eb jet\u00eb m\u00eb p\u00ebrkrah demokrat\u00ebve. \u201cUn\u00eb do [&hellip;]<\/p>\n","protected":false,"gt_translate_keys":[{"key":"rendered","format":"html"}]},"author":30,"featured_media":524499,"comment_status":"closed","ping_status":"closed","sticky":false,"template":"","format":"standard","meta":{"footnotes":""},"categories":[53,6],"tags":[],"class_list":["post-524498","post","type-post","status-publish","format-standard","has-post-thumbnail","hentry","category-fast-foodi","category-nderkombetare"],"gt_translate_keys":[{"key":"link","format":"url"}],"_links":{"self":[{"href":"https:\/\/www.hashtag.al\/index.php\/wp-json\/wp\/v2\/posts\/524498","targetHints":{"allow":["GET"]}}],"collection":[{"href":"https:\/\/www.hashtag.al\/index.php\/wp-json\/wp\/v2\/posts"}],"about":[{"href":"https:\/\/www.hashtag.al\/index.php\/wp-json\/wp\/v2\/types\/post"}],"author":[{"embeddable":true,"href":"https:\/\/www.hashtag.al\/index.php\/wp-json\/wp\/v2\/users\/30"}],"replies":[{"embeddable":true,"href":"https:\/\/www.hashtag.al\/index.php\/wp-json\/wp\/v2\/comments?post=524498"}],"version-history":[{"count":0,"href":"https:\/\/www.hashtag.al\/index.php\/wp-json\/wp\/v2\/posts\/524498\/revisions"}],"wp:featuredmedia":[{"embeddable":true,"href":"https:\/\/www.hashtag.al\/index.php\/wp-json\/wp\/v2\/media\/524499"}],"wp:attachment":[{"href":"https:\/\/www.hashtag.al\/index.php\/wp-json\/wp\/v2\/media?parent=524498"}],"wp:term":[{"taxonomy":"category","embeddable":true,"href":"https:\/\/www.hashtag.al\/index.php\/wp-json\/wp\/v2\/categories?post=524498"},{"taxonomy":"post_tag","embeddable":true,"href":"https:\/\/www.hashtag.al\/index.php\/wp-json\/wp\/v2\/tags?post=524498"}],"curies":[{"name":"wp","href":"https:\/\/api.w.org\/{rel}","templated":true}]}}