{"id":524272,"date":"2022-05-17T14:35:56","date_gmt":"2022-05-17T12:35:56","guid":{"rendered":"https:\/\/www.hashtag.al\/?p=524272"},"modified":"2022-05-17T14:45:06","modified_gmt":"2022-05-17T12:45:06","slug":"17-maji-postimi-i-5-viteve-me-pare-kur-berisha-mbeshteste-paktin-rama-basha","status":"publish","type":"post","link":"https:\/\/www.hashtag.al\/index.php\/2022\/05\/17\/17-maji-postimi-i-5-viteve-me-pare-kur-berisha-mbeshteste-paktin-rama-basha\/","title":{"rendered":"17 Maji &#8211; Postimi i 5 viteve m\u00eb par\u00eb kur Berisha mb\u00ebshteste paktin Rama-Basha","gt_translate_keys":[{"key":"rendered","format":"text"}]},"content":{"rendered":"<p><span style=\"color: #000000;\"><a href=\"https:\/\/www.hashtag.al\/wp-content\/uploads\/2022\/05\/Sali-Berisha-17-maji.png\"><img loading=\"lazy\" decoding=\"async\" class=\"aligncenter size-full wp-image-524273\" src=\"https:\/\/www.hashtag.al\/wp-content\/uploads\/2022\/05\/Sali-Berisha-17-maji.png\" alt=\"\" width=\"1650\" height=\"1099\" srcset=\"https:\/\/www.hashtag.al\/wp-content\/uploads\/2022\/05\/Sali-Berisha-17-maji.png 1650w, https:\/\/www.hashtag.al\/wp-content\/uploads\/2022\/05\/Sali-Berisha-17-maji-300x200.png 300w, https:\/\/www.hashtag.al\/wp-content\/uploads\/2022\/05\/Sali-Berisha-17-maji-1024x682.png 1024w, https:\/\/www.hashtag.al\/wp-content\/uploads\/2022\/05\/Sali-Berisha-17-maji-768x512.png 768w, https:\/\/www.hashtag.al\/wp-content\/uploads\/2022\/05\/Sali-Berisha-17-maji-1536x1023.png 1536w\" sizes=\"auto, (max-width: 1650px) 100vw, 1650px\" \/><\/a><\/span><\/p>\n<p><span style=\"color: #000000;\">Shum\u00eb po shkruhet sot p\u00ebr \u201c17 Majin\u201d e vitit 2017, dita kur u b\u00eb marr\u00ebveshja e famshme Rama-Basha p\u00ebr zgjedhjet parlamentare.<\/span><\/p>\n<p><span style=\"color: #000000;\">Nj\u00eb marr\u00ebveshje detajet e s\u00eb cil\u00ebs nuk jan\u00eb m\u00ebsuar kurr\u00eb, por ngjarjet q\u00eb pasuan d\u00ebshmuan se i vetmi i fituar k\u00ebtu doli kryeministri Edi Rama.<\/span><\/p>\n<p><span style=\"color: #000000;\">Dhe nd\u00ebrkoh\u00eb q\u00eb pakti i famsh\u00ebm edhe 5 vite m\u00eb pas po e p\u00ebrndjek ish-kreun e PD-s\u00eb Lulzim Basha, nj\u00eb nga nga personat q\u00eb e ka mb\u00ebshtetur fort k\u00ebt\u00eb pakt ka qen\u00eb dhe ish-kryeministri Sali Berisha, pavar\u00ebsisht se sot shpreh rezerva dhe kritika.<\/span><\/p>\n<p><span style=\"color: #000000;\">Ai e ka akuzuar vazhdimisht Bash\u00ebn se n\u00eb gati tet\u00eb vite, ajo q\u00eb ka b\u00ebr\u00eb si drejtues i PD-s\u00eb \u00ebsht\u00eb d\u00ebshtimi i \u00e7do kauze, tradhtia ndaj demokrat\u00ebve dhe vrasja e vot\u00ebs s\u00eb lir\u00eb.<\/span><\/p>\n<p><span style=\"color: #000000;\"><a href=\"https:\/\/www.hashtag.al\/wp-content\/uploads\/2022\/05\/WhatsApp-Image-2022-05-17-at-2.11.13-PM.jpeg\"><img loading=\"lazy\" decoding=\"async\" class=\"wp-image-524274 size-medium alignleft\" src=\"https:\/\/www.hashtag.al\/wp-content\/uploads\/2022\/05\/WhatsApp-Image-2022-05-17-at-2.11.13-PM-202x300.jpeg\" alt=\"\" width=\"202\" height=\"300\" srcset=\"https:\/\/www.hashtag.al\/wp-content\/uploads\/2022\/05\/WhatsApp-Image-2022-05-17-at-2.11.13-PM-202x300.jpeg 202w, https:\/\/www.hashtag.al\/wp-content\/uploads\/2022\/05\/WhatsApp-Image-2022-05-17-at-2.11.13-PM-688x1024.jpeg 688w, https:\/\/www.hashtag.al\/wp-content\/uploads\/2022\/05\/WhatsApp-Image-2022-05-17-at-2.11.13-PM-768x1143.jpeg 768w, https:\/\/www.hashtag.al\/wp-content\/uploads\/2022\/05\/WhatsApp-Image-2022-05-17-at-2.11.13-PM.jpeg 860w\" sizes=\"auto, (max-width: 202px) 100vw, 202px\" \/><\/a><strong>Por \u00e7far\u00eb shkruante Berisha p\u00ebr paktin fam\u00ebkeq<\/strong> m\u00eb 18 Maj n\u00eb 2018-\u00ebn? Ai shprehej se nga pakti Rama-Basha, fitonte i gjith\u00eb vendi.<\/span><\/p>\n<p><span style=\"color: #000000;\"><em>\u201cK\u00ebshtu q\u00eb pa u ndalur n\u00eb nj\u00eb analiz\u00eb t\u00eb holl\u00ebsishme, e them me bindje t\u00eb plot\u00eb se me k\u00ebt\u00eb marr\u00ebveshje ka fituar Shqip\u00ebria dhe se p\u00ebr t\u00eb gjith\u00eb shqiptar\u00ebt q\u00eb e duan vendin e tyre dhe vlerat e liris\u00eb, marr\u00ebveshja \u00ebsht\u00eb nj\u00eb win-win story.\u201d-<\/em> shprehej Berisha, i cili sot nuk e konsideron m\u00eb at\u00eb marr\u00ebveshje nj\u00eb \u201cwin-win story\u201d.<\/span><\/p>\n<p><span style=\"color: #000000;\">Vet\u00eb Berisha deklaroi pak muaj m\u00eb par\u00eb kur nisi takimet e \u201cFoltores\u201d pasi filloi p\u00ebrplasja e tij me Bash\u00ebn se ajo marr\u00ebveshje sh\u00ebnoi asgj\u00ebsimin e opozit\u00ebs.<\/span><\/p>\n<p><span style=\"color: #000000;\"><em>\u201cE v\u00ebrteta \u00ebsht\u00eb q\u00eb ajo marr\u00ebveshje sh\u00ebnon asgj\u00ebsimin e opozit\u00ebs.\u201d<\/em>&#8211; shprehej Berisha duke shtuar se<em> \u201c\u2026u \u00ebmb\u00ebltua ky me marrjen peng\u201d.<\/em><\/span><\/p>\n<p><strong><span style=\"color: #000000;\">KOMENTI I PLOT\u00cb I BERISH\u00cbS<\/span><\/strong><\/p>\n<p><span style=\"color: #000000;\">Nj\u00eb marr\u00ebveshje nga e cila fiton vendi!<\/span><\/p>\n<p><span style=\"color: #000000;\">T\u00eb dashur miq, drejtuesit e dy partive kryesore t\u00eb vendit firmos\u00ebn sot nj\u00eb marr\u00ebveshje, me t\u00eb cil\u00ebn i dhan\u00eb zgjidhje njer\u00ebs prej krizave politike m\u00eb t\u00eb rrezikshme t\u00eb k\u00ebtyre 26 viteve t\u00eb fundit, q\u00eb prej disa muajsh kishte rrokur vendin.<\/span><\/p>\n<p><span style=\"color: #000000;\">N\u00eb k\u00ebt\u00eb kontekst, mendoj se \u00e7do shqiptar duhet t\u00eb ndjehet v\u00ebrtet i leht\u00ebsuar p\u00ebr zgjidhjen me mjete politike t\u00eb k\u00ebsaj krize q\u00eb k\u00ebrc\u00ebnonte n\u00eb m\u00ebnyr\u00ebn m\u00eb serioze ekzistenc\u00ebn e pluralizmit politik n\u00eb Shqip\u00ebri, themelet kushtetuese t\u00eb shtetit demokratik, paqen sociale dhe stabilitetin e vendit.<\/span><\/p>\n<p><span style=\"color: #000000;\">K\u00ebshtu q\u00eb pa u ndalur n\u00eb nj\u00eb analiz\u00eb t\u00eb holl\u00ebsishme, e them me bindje t\u00eb plot\u00eb se me k\u00ebt\u00eb marr\u00ebveshje ka fituar Shqip\u00ebria dhe se p\u00ebr t\u00eb gjith\u00eb shqiptar\u00ebt q\u00eb e duan vendin e tyre dhe vlerat e liris\u00eb, marr\u00ebveshja \u00ebsht\u00eb nj\u00eb win-win story.<\/span><\/p>\n<p><span style=\"color: #000000;\">Me k\u00ebt\u00eb rast t\u00eb dashur miq, le t\u00eb shprehim mir\u00ebnjohjen ton\u00eb m\u00eb t\u00eb thell\u00eb ndaj miqve tan\u00eb t\u00eb respektuar europian\u00eb dhe amerikan\u00eb p\u00ebr ndihm\u00ebn e tyre tejet t\u00eb \u00e7muar q\u00eb dhan\u00eb n\u00eb arritjen e k\u00ebsaj marr\u00ebveshje si dhe ndaj t\u00eb gjith\u00eb atyre burrave dhe grave, djemve dhe vajzave q\u00eb vendos\u00ebn sakrific\u00ebn e tyre n\u00eb themel t\u00eb saj si dhe ndaj t\u00eb gjith\u00eb atyre, q\u00eb me angazhimin serioz b\u00ebn\u00eb t\u00eb mundur k\u00ebt\u00eb marr\u00ebveshje t\u00eb nj\u00eb r\u00ebnd\u00ebsie historike p\u00ebr Shqip\u00ebrin\u00eb!<\/span><\/p>\n","protected":false,"gt_translate_keys":[{"key":"rendered","format":"html"}]},"excerpt":{"rendered":"<p>Shum\u00eb po shkruhet sot p\u00ebr \u201c17 Majin\u201d e vitit 2017, dita kur u b\u00eb marr\u00ebveshja e famshme Rama-Basha p\u00ebr zgjedhjet parlamentare. Nj\u00eb marr\u00ebveshje detajet e s\u00eb cil\u00ebs nuk jan\u00eb m\u00ebsuar kurr\u00eb, por ngjarjet q\u00eb pasuan d\u00ebshmuan se i vetmi i fituar k\u00ebtu doli kryeministri Edi Rama. Dhe nd\u00ebrkoh\u00eb q\u00eb pakti i famsh\u00ebm edhe 5 vite [&hellip;]<\/p>\n","protected":false,"gt_translate_keys":[{"key":"rendered","format":"html"}]},"author":30,"featured_media":524273,"comment_status":"closed","ping_status":"closed","sticky":false,"template":"","format":"standard","meta":{"footnotes":""},"categories":[65,13],"tags":[],"class_list":["post-524272","post","type-post","status-publish","format-standard","has-post-thumbnail","hentry","category-lajme","category-te-fundit"],"gt_translate_keys":[{"key":"link","format":"url"}],"_links":{"self":[{"href":"https:\/\/www.hashtag.al\/index.php\/wp-json\/wp\/v2\/posts\/524272","targetHints":{"allow":["GET"]}}],"collection":[{"href":"https:\/\/www.hashtag.al\/index.php\/wp-json\/wp\/v2\/posts"}],"about":[{"href":"https:\/\/www.hashtag.al\/index.php\/wp-json\/wp\/v2\/types\/post"}],"author":[{"embeddable":true,"href":"https:\/\/www.hashtag.al\/index.php\/wp-json\/wp\/v2\/users\/30"}],"replies":[{"embeddable":true,"href":"https:\/\/www.hashtag.al\/index.php\/wp-json\/wp\/v2\/comments?post=524272"}],"version-history":[{"count":0,"href":"https:\/\/www.hashtag.al\/index.php\/wp-json\/wp\/v2\/posts\/524272\/revisions"}],"wp:featuredmedia":[{"embeddable":true,"href":"https:\/\/www.hashtag.al\/index.php\/wp-json\/wp\/v2\/media\/524273"}],"wp:attachment":[{"href":"https:\/\/www.hashtag.al\/index.php\/wp-json\/wp\/v2\/media?parent=524272"}],"wp:term":[{"taxonomy":"category","embeddable":true,"href":"https:\/\/www.hashtag.al\/index.php\/wp-json\/wp\/v2\/categories?post=524272"},{"taxonomy":"post_tag","embeddable":true,"href":"https:\/\/www.hashtag.al\/index.php\/wp-json\/wp\/v2\/tags?post=524272"}],"curies":[{"name":"wp","href":"https:\/\/api.w.org\/{rel}","templated":true}]}}