{"id":524132,"date":"2022-05-16T22:36:41","date_gmt":"2022-05-16T20:36:41","guid":{"rendered":"https:\/\/www.hashtag.al\/?p=524132"},"modified":"2022-05-16T22:37:42","modified_gmt":"2022-05-16T20:37:42","slug":"kokalari-nxjerr-emailin-pranimi-i-pompeos-per-te-bere-foto-nuk-lidhet-me-mbeshtetjen-per-ndonje-lider-apo-grup-politik","status":"publish","type":"post","link":"https:\/\/www.hashtag.al\/index.php\/2022\/05\/16\/kokalari-nxjerr-emailin-pranimi-i-pompeos-per-te-bere-foto-nuk-lidhet-me-mbeshtetjen-per-ndonje-lider-apo-grup-politik\/","title":{"rendered":"Kokalari nxjerr emailin: Pranimi i Pompeos p\u00ebr t\u00eb b\u00ebr\u00eb foto nuk lidhet me mb\u00ebshtetjen p\u00ebr ndonj\u00eb lider apo grup politik","gt_translate_keys":[{"key":"rendered","format":"text"}]},"content":{"rendered":"<p style=\"text-align: justify;\"><span style=\"color: #000000;\"><img loading=\"lazy\" decoding=\"async\" class=\"aligncenter size-full wp-image-524133\" src=\"https:\/\/www.hashtag.al\/wp-content\/uploads\/2022\/05\/kokalari-emaili.jpg\" alt=\"\" width=\"2365\" height=\"1226\" srcset=\"https:\/\/www.hashtag.al\/wp-content\/uploads\/2022\/05\/kokalari-emaili.jpg 2365w, https:\/\/www.hashtag.al\/wp-content\/uploads\/2022\/05\/kokalari-emaili-300x156.jpg 300w, https:\/\/www.hashtag.al\/wp-content\/uploads\/2022\/05\/kokalari-emaili-1024x531.jpg 1024w, https:\/\/www.hashtag.al\/wp-content\/uploads\/2022\/05\/kokalari-emaili-768x398.jpg 768w, https:\/\/www.hashtag.al\/wp-content\/uploads\/2022\/05\/kokalari-emaili-1536x796.jpg 1536w, https:\/\/www.hashtag.al\/wp-content\/uploads\/2022\/05\/kokalari-emaili-2048x1062.jpg 2048w\" sizes=\"auto, (max-width: 2365px) 100vw, 2365px\" \/><\/span><\/p>\n<p style=\"text-align: justify;\"><span style=\"color: #000000;\">Evi Kokalari ka publikuar emailin e Shefit t\u00eb Kabinetit t\u00eb ish-Sekretarit t\u00eb Shtetit Mike Pompeo lidhur me vizit\u00ebn e tij n\u00eb Shqip\u00ebri dhe foton me Enkelejd Alibeajn dhe disa deputet\u00eb t\u00eb Grupit Parlamentar t\u00eb PD-s\u00eb.<\/span><\/p>\n<p style=\"text-align: justify;\"><span style=\"color: #000000;\">N\u00eb kthim-p\u00ebrgjigjen e kthyer nga Shefi i Kabinetit, Jim Richardson thuhet se pranimi p\u00ebr t\u00eb b\u00ebr\u00eb foto nuk barazohet me mb\u00ebshtetjen p\u00ebr ndonj\u00eb lider apo grup politik.<\/span><\/p>\n<p style=\"text-align: justify;\"><span style=\"color: #000000;\">\u201c<em>Sekretari Pompeo b\u00ebri nj\u00eb seri fotosh me t\u00eb gjith\u00eb n\u00eb sall\u00eb gjat\u00eb n\u00ebnshkrimit t\u00eb Memorandumit t\u00eb Mir\u00ebkuptimit. Pranimi i tij p\u00ebr nj\u00eb fotografi nuk barazohet me miratimin ose mb\u00ebshtetjen p\u00ebr ndonj\u00eb lider apo grup politik. Ai u tregua i sjellsh\u00ebm gjat\u00eb k\u00ebsaj ngjarje t\u00eb r\u00ebnd\u00ebsishme<\/em>\u201d-thuhet n\u00eb p\u00ebrgjigje.<\/span><\/p>\n<p><img loading=\"lazy\" decoding=\"async\" class=\"aligncenter size-full wp-image-524134\" src=\"https:\/\/www.hashtag.al\/wp-content\/uploads\/2022\/05\/281763523_382372787171385_5583558398058591925_n.jpg\" alt=\"\" width=\"1125\" height=\"1704\" srcset=\"https:\/\/www.hashtag.al\/wp-content\/uploads\/2022\/05\/281763523_382372787171385_5583558398058591925_n.jpg 1125w, https:\/\/www.hashtag.al\/wp-content\/uploads\/2022\/05\/281763523_382372787171385_5583558398058591925_n-198x300.jpg 198w, https:\/\/www.hashtag.al\/wp-content\/uploads\/2022\/05\/281763523_382372787171385_5583558398058591925_n-676x1024.jpg 676w, https:\/\/www.hashtag.al\/wp-content\/uploads\/2022\/05\/281763523_382372787171385_5583558398058591925_n-768x1163.jpg 768w, https:\/\/www.hashtag.al\/wp-content\/uploads\/2022\/05\/281763523_382372787171385_5583558398058591925_n-1014x1536.jpg 1014w\" sizes=\"auto, (max-width: 1125px) 100vw, 1125px\" \/><\/p>\n","protected":false,"gt_translate_keys":[{"key":"rendered","format":"html"}]},"excerpt":{"rendered":"<p>Evi Kokalari ka publikuar emailin e Shefit t\u00eb Kabinetit t\u00eb ish-Sekretarit t\u00eb Shtetit Mike Pompeo lidhur me vizit\u00ebn e tij n\u00eb Shqip\u00ebri dhe foton me Enkelejd Alibeajn dhe disa deputet\u00eb t\u00eb Grupit Parlamentar t\u00eb PD-s\u00eb. N\u00eb kthim-p\u00ebrgjigjen e kthyer nga Shefi i Kabinetit, Jim Richardson thuhet se pranimi p\u00ebr t\u00eb b\u00ebr\u00eb foto nuk barazohet me [&hellip;]<\/p>\n","protected":false,"gt_translate_keys":[{"key":"rendered","format":"html"}]},"author":32,"featured_media":524133,"comment_status":"closed","ping_status":"closed","sticky":false,"template":"","format":"standard","meta":{"footnotes":""},"categories":[65,13],"tags":[],"class_list":["post-524132","post","type-post","status-publish","format-standard","has-post-thumbnail","hentry","category-lajme","category-te-fundit"],"gt_translate_keys":[{"key":"link","format":"url"}],"_links":{"self":[{"href":"https:\/\/www.hashtag.al\/index.php\/wp-json\/wp\/v2\/posts\/524132","targetHints":{"allow":["GET"]}}],"collection":[{"href":"https:\/\/www.hashtag.al\/index.php\/wp-json\/wp\/v2\/posts"}],"about":[{"href":"https:\/\/www.hashtag.al\/index.php\/wp-json\/wp\/v2\/types\/post"}],"author":[{"embeddable":true,"href":"https:\/\/www.hashtag.al\/index.php\/wp-json\/wp\/v2\/users\/32"}],"replies":[{"embeddable":true,"href":"https:\/\/www.hashtag.al\/index.php\/wp-json\/wp\/v2\/comments?post=524132"}],"version-history":[{"count":0,"href":"https:\/\/www.hashtag.al\/index.php\/wp-json\/wp\/v2\/posts\/524132\/revisions"}],"wp:featuredmedia":[{"embeddable":true,"href":"https:\/\/www.hashtag.al\/index.php\/wp-json\/wp\/v2\/media\/524133"}],"wp:attachment":[{"href":"https:\/\/www.hashtag.al\/index.php\/wp-json\/wp\/v2\/media?parent=524132"}],"wp:term":[{"taxonomy":"category","embeddable":true,"href":"https:\/\/www.hashtag.al\/index.php\/wp-json\/wp\/v2\/categories?post=524132"},{"taxonomy":"post_tag","embeddable":true,"href":"https:\/\/www.hashtag.al\/index.php\/wp-json\/wp\/v2\/tags?post=524132"}],"curies":[{"name":"wp","href":"https:\/\/api.w.org\/{rel}","templated":true}]}}