{"id":524055,"date":"2022-05-16T15:26:34","date_gmt":"2022-05-16T13:26:34","guid":{"rendered":"https:\/\/www.hashtag.al\/?p=524055"},"modified":"2022-05-16T15:26:34","modified_gmt":"2022-05-16T13:26:34","slug":"ashensoret-perfshihen-nga-flaket-dy-incidente-te-ngjashme-ne-vlore-dhe-ne-tirane","status":"publish","type":"post","link":"https:\/\/www.hashtag.al\/index.php\/2022\/05\/16\/ashensoret-perfshihen-nga-flaket-dy-incidente-te-ngjashme-ne-vlore-dhe-ne-tirane\/","title":{"rendered":"Ashensor\u00ebt p\u00ebrfshihen nga flak\u00ebt \u2013 Dy incidente t\u00eb ngjashme n\u00eb Vlor\u00eb dhe n\u00eb Tiran\u00eb","gt_translate_keys":[{"key":"rendered","format":"text"}]},"content":{"rendered":"<p><span style=\"color: #000000;\"><a href=\"https:\/\/www.hashtag.al\/wp-content\/uploads\/2022\/05\/ashensori-zjarr.jpg\"><img loading=\"lazy\" decoding=\"async\" class=\"aligncenter size-full wp-image-524056\" src=\"https:\/\/www.hashtag.al\/wp-content\/uploads\/2022\/05\/ashensori-zjarr.jpg\" alt=\"\" width=\"770\" height=\"433\" srcset=\"https:\/\/www.hashtag.al\/wp-content\/uploads\/2022\/05\/ashensori-zjarr.jpg 770w, https:\/\/www.hashtag.al\/wp-content\/uploads\/2022\/05\/ashensori-zjarr-300x169.jpg 300w, https:\/\/www.hashtag.al\/wp-content\/uploads\/2022\/05\/ashensori-zjarr-768x432.jpg 768w\" sizes=\"auto, (max-width: 770px) 100vw, 770px\" \/><\/a><\/span><\/p>\n<p><span style=\"color: #000000;\">Pas incidentit t\u00eb mbr\u00ebmjes s\u00eb kaluar me ashensorin n\u00eb QSUT, dy incidente t\u00eb tjera kan\u00eb ndodhur me ashensor\u00ebt dit\u00ebn e sotme.<\/span><\/p>\n<p><span style=\"color: #000000;\">Policia ka njoftuar se nj\u00eb ashensor n\u00eb nj\u00eb pallat n\u00eb Vlor\u00eb \u00ebsht\u00eb p\u00ebrfshir\u00eb nga flak\u00ebt. Por fatmir\u00ebsisht nuk ka t\u00eb l\u00ebnduar.<\/span><\/p>\n<p><em><span style=\"color: #000000;\">\u201cM\u00eb dat\u00eb 16.05.2022, rreth or\u00ebs 13:45, ka r\u00ebn\u00eb zjarr n\u00eb ashensorin e nj\u00eb pallati, n\u00eb lagjen \u20181 Maji\u2019, Vlor\u00eb. Nuk ka rrezik p\u00ebr banor\u00ebt.<\/span><\/em><\/p>\n<p><span style=\"color: #000000;\"><em>Grupi hetimor ndodhet n\u00eb vendngjarje dhe po punon p\u00ebr zbardhjen e rrethanave t\u00eb ngjarjes dhe p\u00ebrcaktimin e shkakut t\u00eb r\u00ebnies s\u00eb zjarrit.\u201d<\/em>&#8211; b\u00ebri me dije Policia.<\/span><\/p>\n<p><span style=\"color: #000000;\">Nj\u00eb incident i ngjash\u00ebm ka ndodhur po sot edhe n\u00eb nj\u00eb pallat n\u00eb Tiran\u00eb.<\/span><\/p>\n<p><span style=\"color: #000000;\">N\u00eb Rrug\u00ebn e Kavaj\u00ebs, n\u00eb nj\u00eb kompleks pallatesh, ka r\u00ebn\u00eb zjarr n\u00eb ashensorin e pallatit.<\/span><\/p>\n<p><em><span style=\"color: #000000;\">\u201cM\u00eb dat\u00eb 16.05.2022, n\u00eb Rrug\u00ebn e Kavaj\u00ebs, n\u00eb nj\u00eb kompleks pallatesh, ka r\u00ebn\u00eb zjarr n\u00eb ashensorin e pallatit.<\/span><\/em><\/p>\n<p><em><span style=\"color: #000000;\">Si pasoj\u00eb ka vet\u00ebm d\u00ebme materiale.<\/span><\/em><\/p>\n<p><span style=\"color: #000000;\"><em>Grupi hetimor ndodhet n\u00eb vendngjarje dhe po punon p\u00ebr sqarimin e rrethanave t\u00eb ngjarjes.\u201d<\/em>&#8211; thuhet n\u00eb njoftimin e policis\u00eb.<\/span><\/p>\n","protected":false,"gt_translate_keys":[{"key":"rendered","format":"html"}]},"excerpt":{"rendered":"<p>Pas incidentit t\u00eb mbr\u00ebmjes s\u00eb kaluar me ashensorin n\u00eb QSUT, dy incidente t\u00eb tjera kan\u00eb ndodhur me ashensor\u00ebt dit\u00ebn e sotme. Policia ka njoftuar se nj\u00eb ashensor n\u00eb nj\u00eb pallat n\u00eb Vlor\u00eb \u00ebsht\u00eb p\u00ebrfshir\u00eb nga flak\u00ebt. Por fatmir\u00ebsisht nuk ka t\u00eb l\u00ebnduar. \u201cM\u00eb dat\u00eb 16.05.2022, rreth or\u00ebs 13:45, ka r\u00ebn\u00eb zjarr n\u00eb ashensorin e nj\u00eb [&hellip;]<\/p>\n","protected":false,"gt_translate_keys":[{"key":"rendered","format":"html"}]},"author":30,"featured_media":524056,"comment_status":"closed","ping_status":"closed","sticky":false,"template":"","format":"standard","meta":{"footnotes":""},"categories":[65,13],"tags":[],"class_list":["post-524055","post","type-post","status-publish","format-standard","has-post-thumbnail","hentry","category-lajme","category-te-fundit"],"gt_translate_keys":[{"key":"link","format":"url"}],"_links":{"self":[{"href":"https:\/\/www.hashtag.al\/index.php\/wp-json\/wp\/v2\/posts\/524055","targetHints":{"allow":["GET"]}}],"collection":[{"href":"https:\/\/www.hashtag.al\/index.php\/wp-json\/wp\/v2\/posts"}],"about":[{"href":"https:\/\/www.hashtag.al\/index.php\/wp-json\/wp\/v2\/types\/post"}],"author":[{"embeddable":true,"href":"https:\/\/www.hashtag.al\/index.php\/wp-json\/wp\/v2\/users\/30"}],"replies":[{"embeddable":true,"href":"https:\/\/www.hashtag.al\/index.php\/wp-json\/wp\/v2\/comments?post=524055"}],"version-history":[{"count":0,"href":"https:\/\/www.hashtag.al\/index.php\/wp-json\/wp\/v2\/posts\/524055\/revisions"}],"wp:featuredmedia":[{"embeddable":true,"href":"https:\/\/www.hashtag.al\/index.php\/wp-json\/wp\/v2\/media\/524056"}],"wp:attachment":[{"href":"https:\/\/www.hashtag.al\/index.php\/wp-json\/wp\/v2\/media?parent=524055"}],"wp:term":[{"taxonomy":"category","embeddable":true,"href":"https:\/\/www.hashtag.al\/index.php\/wp-json\/wp\/v2\/categories?post=524055"},{"taxonomy":"post_tag","embeddable":true,"href":"https:\/\/www.hashtag.al\/index.php\/wp-json\/wp\/v2\/tags?post=524055"}],"curies":[{"name":"wp","href":"https:\/\/api.w.org\/{rel}","templated":true}]}}