{"id":523975,"date":"2022-05-16T10:52:24","date_gmt":"2022-05-16T08:52:24","guid":{"rendered":"https:\/\/www.hashtag.al\/?p=523975"},"modified":"2022-05-16T10:52:24","modified_gmt":"2022-05-16T08:52:24","slug":"ish-sekretari-amerikan-pompeo-perkushtimi-i-ambasadores-eshte-njesoj-edhe-pse-u-emerua-nga-trump-e-punon-per-biden","status":"publish","type":"post","link":"https:\/\/www.hashtag.al\/index.php\/2022\/05\/16\/ish-sekretari-amerikan-pompeo-perkushtimi-i-ambasadores-eshte-njesoj-edhe-pse-u-emerua-nga-trump-e-punon-per-biden\/","title":{"rendered":"Ish-Sekretari amerikan Pompeo: P\u00ebrkushtimi i ambasadores \u00ebsht\u00eb nj\u00ebsoj edhe pse u em\u00ebrua nga Trump e punon p\u00ebr Biden","gt_translate_keys":[{"key":"rendered","format":"text"}]},"content":{"rendered":"<p><span style=\"color: #000000;\"><img loading=\"lazy\" decoding=\"async\" class=\"aligncenter size-full wp-image-523976\" src=\"https:\/\/www.hashtag.al\/wp-content\/uploads\/2022\/05\/Capture-1.jpg\" alt=\"\" width=\"1384\" height=\"730\" srcset=\"https:\/\/www.hashtag.al\/wp-content\/uploads\/2022\/05\/Capture-1.jpg 1384w, https:\/\/www.hashtag.al\/wp-content\/uploads\/2022\/05\/Capture-1-300x158.jpg 300w, https:\/\/www.hashtag.al\/wp-content\/uploads\/2022\/05\/Capture-1-1024x540.jpg 1024w, https:\/\/www.hashtag.al\/wp-content\/uploads\/2022\/05\/Capture-1-768x405.jpg 768w\" sizes=\"auto, (max-width: 1384px) 100vw, 1384px\" \/><\/span><\/p>\n<p><span style=\"color: #000000;\">Ish-Sekretari amerikan i Shtetit Pompeo tha n\u00eb fjal\u00ebn e tij n\u00eb veprimtarin\u00eb e organizuar p\u00ebr 100 vjetorin e marr\u00ebdh\u00ebnieve mes SHBA-s\u00eb e Shqip\u00ebris\u00eb se p\u00ebrkushtimi i ambasadores amerikane ndaj Shqip\u00ebris\u00eb \u00ebsht\u00eb nj\u00ebsoj edhe pse \u00ebsht\u00eb em\u00ebruar nga Trump e punon p\u00ebr Biden.<\/span><\/p>\n<p><span style=\"color: #000000;\"> Ai tha nd\u00ebr t\u00eb tjera se SHBA-ja ka qen\u00eb e pranishme dhe do jet\u00eb n\u00eb vijim p\u00ebr t\u00eb ndihmuar n\u00eb forcimin e demokracis\u00eb n\u00eb vend.<\/span><\/p>\n<p><span style=\"color: #000000;\"><em>\u201cPavar\u00ebsisht se ambasadorja jon\u00eb punon p\u00ebr zotin Biden, edhe pse \u00ebsht\u00eb em\u00ebruar nga Trump, p\u00ebrkushtimi vijon po nj\u00ebsoj. Un\u00eb kam sh\u00ebrbyer si ushtar n\u00eb NATO. Kjo marr\u00ebdh\u00ebnie e fort\u00eb e nd\u00ebrtuar mes kombeve t\u00eb ndryshme dhe Shqip\u00ebris\u00eb \u00ebsht\u00eb e ve\u00e7ant\u00eb n\u00eb 30 vitet e fundit p\u00ebr t\u00eb konsoliduar demokracin\u00eb. Tani po shohim n\u00eb Ukrain\u00eb q\u00eb edhe pas luft\u00ebs duhet ta ndihmojm\u00eb t\u00eb rind\u00ebrtohet. Kjo \u00ebsht\u00eb di\u00e7ka q\u00eb ne do t\u00eb punojm\u00eb s\u00eb bashku. Un\u00eb e shoh q\u00eb kjo miq\u00ebsi do t\u00eb ket\u00eb edhe 100 vite t\u00eb tjera edhe m\u00eb t\u00eb suksesshme. Un\u00eb kam sh\u00ebrbyer si me opozit\u00ebn dhe shumic\u00ebn, s\u2019ka r\u00ebnd\u00ebsi.<\/em><\/span><\/p>\n<p><span style=\"color: #000000;\"><em>Duhet vullnet i mir\u00eb p\u00ebr t\u00eb shkulur korrupsionin dhe konsoliduar demokracin\u00eb. Jam k\u00ebtu p\u00ebr 100 vjetorin, por m\u00eb b\u00ebni edhe nj\u00eb fest\u00eb p\u00ebr 125 vjetorin.\u201d<\/em> &#8211; tha Pompeo.<\/span><\/p>\n","protected":false,"gt_translate_keys":[{"key":"rendered","format":"html"}]},"excerpt":{"rendered":"<p>Ish-Sekretari amerikan i Shtetit Pompeo tha n\u00eb fjal\u00ebn e tij n\u00eb veprimtarin\u00eb e organizuar p\u00ebr 100 vjetorin e marr\u00ebdh\u00ebnieve mes SHBA-s\u00eb e Shqip\u00ebris\u00eb se p\u00ebrkushtimi i ambasadores amerikane ndaj Shqip\u00ebris\u00eb \u00ebsht\u00eb nj\u00ebsoj edhe pse \u00ebsht\u00eb em\u00ebruar nga Trump e punon p\u00ebr Biden. Ai tha nd\u00ebr t\u00eb tjera se SHBA-ja ka qen\u00eb e pranishme dhe do [&hellip;]<\/p>\n","protected":false,"gt_translate_keys":[{"key":"rendered","format":"html"}]},"author":51,"featured_media":523976,"comment_status":"closed","ping_status":"closed","sticky":false,"template":"","format":"standard","meta":{"footnotes":""},"categories":[65,13],"tags":[],"class_list":["post-523975","post","type-post","status-publish","format-standard","has-post-thumbnail","hentry","category-lajme","category-te-fundit"],"gt_translate_keys":[{"key":"link","format":"url"}],"_links":{"self":[{"href":"https:\/\/www.hashtag.al\/index.php\/wp-json\/wp\/v2\/posts\/523975","targetHints":{"allow":["GET"]}}],"collection":[{"href":"https:\/\/www.hashtag.al\/index.php\/wp-json\/wp\/v2\/posts"}],"about":[{"href":"https:\/\/www.hashtag.al\/index.php\/wp-json\/wp\/v2\/types\/post"}],"author":[{"embeddable":true,"href":"https:\/\/www.hashtag.al\/index.php\/wp-json\/wp\/v2\/users\/51"}],"replies":[{"embeddable":true,"href":"https:\/\/www.hashtag.al\/index.php\/wp-json\/wp\/v2\/comments?post=523975"}],"version-history":[{"count":0,"href":"https:\/\/www.hashtag.al\/index.php\/wp-json\/wp\/v2\/posts\/523975\/revisions"}],"wp:featuredmedia":[{"embeddable":true,"href":"https:\/\/www.hashtag.al\/index.php\/wp-json\/wp\/v2\/media\/523976"}],"wp:attachment":[{"href":"https:\/\/www.hashtag.al\/index.php\/wp-json\/wp\/v2\/media?parent=523975"}],"wp:term":[{"taxonomy":"category","embeddable":true,"href":"https:\/\/www.hashtag.al\/index.php\/wp-json\/wp\/v2\/categories?post=523975"},{"taxonomy":"post_tag","embeddable":true,"href":"https:\/\/www.hashtag.al\/index.php\/wp-json\/wp\/v2\/tags?post=523975"}],"curies":[{"name":"wp","href":"https:\/\/api.w.org\/{rel}","templated":true}]}}