{"id":523787,"date":"2022-05-15T09:45:17","date_gmt":"2022-05-15T07:45:17","guid":{"rendered":"https:\/\/www.hashtag.al\/?p=523787"},"modified":"2022-05-15T09:45:17","modified_gmt":"2022-05-15T07:45:17","slug":"babai-ne-vlore-gjen-vajzen-47-vjecare-te-varur-ne-banese","status":"publish","type":"post","link":"https:\/\/www.hashtag.al\/index.php\/2022\/05\/15\/babai-ne-vlore-gjen-vajzen-47-vjecare-te-varur-ne-banese\/","title":{"rendered":"Babai n\u00eb Vlor\u00eb gjen vajz\u00ebn 47-vje\u00e7are t\u00eb varur n\u00eb banes\u00eb","gt_translate_keys":[{"key":"rendered","format":"text"}]},"content":{"rendered":"<p><span style=\"color: #000000;\"><a href=\"https:\/\/www.hashtag.al\/wp-content\/uploads\/2022\/04\/ambulanca.jpg\"><img loading=\"lazy\" decoding=\"async\" class=\"aligncenter size-full wp-image-515195\" src=\"https:\/\/www.hashtag.al\/wp-content\/uploads\/2022\/04\/ambulanca.jpg\" alt=\"\" width=\"1438\" height=\"785\" srcset=\"https:\/\/www.hashtag.al\/wp-content\/uploads\/2022\/04\/ambulanca.jpg 1438w, https:\/\/www.hashtag.al\/wp-content\/uploads\/2022\/04\/ambulanca-300x164.jpg 300w, https:\/\/www.hashtag.al\/wp-content\/uploads\/2022\/04\/ambulanca-1024x559.jpg 1024w, https:\/\/www.hashtag.al\/wp-content\/uploads\/2022\/04\/ambulanca-768x419.jpg 768w\" sizes=\"auto, (max-width: 1438px) 100vw, 1438px\" \/><\/a><\/span><\/p>\n<p><span style=\"color: #000000;\">Nj\u00eb ngjarje e r\u00ebnd\u00eb ka ndodhur m\u00ebngjesin e k\u00ebsaj t\u00eb diele n\u00eb Vlor\u00eb, ku nj\u00eb grua 47-vje\u00e7are \u00ebsht\u00eb gjetur e pajet\u00eb n\u00eb banes\u00ebn e saj n\u00eb Selenic\u00eb t\u00eb Vlor\u00ebs.<\/span><\/p>\n<p><span style=\"color: #000000;\">E ndjera \u00ebsht\u00eb gjetur e varur nga babai i saj rreth or\u00ebs 06:20 t\u00eb m\u00ebngjesit.<\/span><\/p>\n<p><em><span style=\"color: #000000;\">\u201cM\u00eb dat\u00eb 15.05.2022, rreth or\u00ebs 06:20, n\u00eb fshatin Selenic\u00eb, brenda n\u00eb banes\u00eb, \u00ebsht\u00eb gjetur nga babai i saj, e vet\u00ebvarur shtetasja A. H., 47 vje\u00e7e.<\/span><\/em><\/p>\n<p><span style=\"color: #000000;\"><em>Grupi hetimor ndodhet n\u00eb vendngjarje dhe po punon p\u00ebr sqarimin e rrethanave t\u00eb ngjarjes.<\/em>\u201d- thuhet n\u00eb njoftimin e policis\u00eb.<\/span><\/p>\n","protected":false,"gt_translate_keys":[{"key":"rendered","format":"html"}]},"excerpt":{"rendered":"<p>Nj\u00eb ngjarje e r\u00ebnd\u00eb ka ndodhur m\u00ebngjesin e k\u00ebsaj t\u00eb diele n\u00eb Vlor\u00eb, ku nj\u00eb grua 47-vje\u00e7are \u00ebsht\u00eb gjetur e pajet\u00eb n\u00eb banes\u00ebn e saj n\u00eb Selenic\u00eb t\u00eb Vlor\u00ebs. E ndjera \u00ebsht\u00eb gjetur e varur nga babai i saj rreth or\u00ebs 06:20 t\u00eb m\u00ebngjesit. \u201cM\u00eb dat\u00eb 15.05.2022, rreth or\u00ebs 06:20, n\u00eb fshatin Selenic\u00eb, brenda n\u00eb [&hellip;]<\/p>\n","protected":false,"gt_translate_keys":[{"key":"rendered","format":"html"}]},"author":30,"featured_media":515195,"comment_status":"closed","ping_status":"closed","sticky":false,"template":"","format":"standard","meta":{"footnotes":""},"categories":[65,13],"tags":[],"class_list":["post-523787","post","type-post","status-publish","format-standard","has-post-thumbnail","hentry","category-lajme","category-te-fundit"],"gt_translate_keys":[{"key":"link","format":"url"}],"_links":{"self":[{"href":"https:\/\/www.hashtag.al\/index.php\/wp-json\/wp\/v2\/posts\/523787","targetHints":{"allow":["GET"]}}],"collection":[{"href":"https:\/\/www.hashtag.al\/index.php\/wp-json\/wp\/v2\/posts"}],"about":[{"href":"https:\/\/www.hashtag.al\/index.php\/wp-json\/wp\/v2\/types\/post"}],"author":[{"embeddable":true,"href":"https:\/\/www.hashtag.al\/index.php\/wp-json\/wp\/v2\/users\/30"}],"replies":[{"embeddable":true,"href":"https:\/\/www.hashtag.al\/index.php\/wp-json\/wp\/v2\/comments?post=523787"}],"version-history":[{"count":0,"href":"https:\/\/www.hashtag.al\/index.php\/wp-json\/wp\/v2\/posts\/523787\/revisions"}],"wp:featuredmedia":[{"embeddable":true,"href":"https:\/\/www.hashtag.al\/index.php\/wp-json\/wp\/v2\/media\/515195"}],"wp:attachment":[{"href":"https:\/\/www.hashtag.al\/index.php\/wp-json\/wp\/v2\/media?parent=523787"}],"wp:term":[{"taxonomy":"category","embeddable":true,"href":"https:\/\/www.hashtag.al\/index.php\/wp-json\/wp\/v2\/categories?post=523787"},{"taxonomy":"post_tag","embeddable":true,"href":"https:\/\/www.hashtag.al\/index.php\/wp-json\/wp\/v2\/tags?post=523787"}],"curies":[{"name":"wp","href":"https:\/\/api.w.org\/{rel}","templated":true}]}}