{"id":523742,"date":"2022-05-14T21:02:18","date_gmt":"2022-05-14T19:02:18","guid":{"rendered":"https:\/\/www.hashtag.al\/?p=523742"},"modified":"2022-05-14T21:02:18","modified_gmt":"2022-05-14T19:02:18","slug":"baltiku-do-te-jete-det-i-nato-s-pas-anetaresimit-te-finlandes-e-suedise-ministri-letonez","status":"publish","type":"post","link":"https:\/\/www.hashtag.al\/index.php\/2022\/05\/14\/baltiku-do-te-jete-det-i-nato-s-pas-anetaresimit-te-finlandes-e-suedise-ministri-letonez\/","title":{"rendered":"Baltiku do t\u00eb jet\u00eb \u2018det i NATO-s\u2019 pas an\u00ebtar\u00ebsimit t\u00eb Finland\u00ebs e Suedis\u00eb \u2013 Ministri letonez","gt_translate_keys":[{"key":"rendered","format":"text"}]},"content":{"rendered":"<p><span style=\"color: #000000;\"><img loading=\"lazy\" decoding=\"async\" class=\"aligncenter size-full wp-image-523743\" src=\"https:\/\/www.hashtag.al\/wp-content\/uploads\/2022\/05\/detibaltik.jpg\" alt=\"\" width=\"768\" height=\"432\" srcset=\"https:\/\/www.hashtag.al\/wp-content\/uploads\/2022\/05\/detibaltik.jpg 768w, https:\/\/www.hashtag.al\/wp-content\/uploads\/2022\/05\/detibaltik-300x169.jpg 300w\" sizes=\"auto, (max-width: 768px) 100vw, 768px\" \/><\/span><\/p>\n<p><span style=\"color: #000000;\">Ministri i Jasht\u00ebm letonez Edgars Rinkevics ka th\u00ebn\u00eb se vendi i tij miraton an\u00ebtar\u00ebsimin e Finland\u00ebs dhe Suedis\u00eb n\u00eb NATO, duke v\u00ebn\u00eb n\u00eb dukje se shtimi i tyre n\u00eb bllokun ushtarak t\u00eb udh\u00ebhequr nga SHBA do ta kthej\u00eb Detin Baltik n\u00eb \u2018nj\u00eb det t\u00eb NATO-s\u2019 n\u00eb nj\u00eb intervist\u00eb t\u00eb premten me \u2018Financial Times\u2019.<\/span><\/p>\n<p><span style=\"color: #000000;\">S\u00eb bashku me homolog\u00ebt e tij n\u00eb Estoni dhe Lituani, Rinkevics shprehu d\u00ebshir\u00ebn e tij p\u00ebr t\u00eb ratifikuar aplikimet e an\u00ebtar\u00ebsimit t\u00eb dy vendeve nordike. T\u00eb tre i than\u00eb \u2018Times\u2019 se do t\u00eb p\u00ebrfitonin nga forca ushtarake e Finland\u00ebs dhe Suedis\u00eb, ve\u00e7an\u00ebrisht nga flota amerikane e avion\u00ebve luftarak\u00eb t\u00eb Finland\u00ebs.<\/span><\/p>\n<p><span style=\"color: #000000;\">Shnd\u00ebrrimi i Balltikut n\u00eb nj\u00eb aset t\u00eb NATO-s \u2018nuk i ndryshon k\u00ebrkesat tona p\u00ebr rritjen e NATO-s n\u00eb rajonin Baltik\u2019, tha ministri i Jasht\u00ebm, duke shtuar se \u2018ka ende \u00e7\u00ebshtje p\u00ebr t&#8217;u adresuar\u2019 dhe se \u2018gjendja e tanishme e siguris\u00eb k\u00ebrkon plane m\u00eb t\u00eb guximshme nga ana e aleanc\u00ebs\u2019.<\/span><\/p>\n<p><span style=\"color: #000000;\">Rusia paralajm\u00ebroi t\u00eb enjten se bashkimi i Finland\u00ebs n\u00eb bllok do t\u00eb p\u00ebrb\u00ebnte nj\u00eb k\u00ebrc\u00ebnim t\u00eb drejtp\u00ebrdrejt\u00eb dhe do t\u00eb k\u00ebrkonte nj\u00eb p\u00ebrgjigje nga Moska pas njoftimit t\u00eb vendit se planifikonte t\u00eb k\u00ebrkonte an\u00ebtar\u00ebsimin. Finlanda ndan nj\u00eb kufi tok\u00ebsor prej 1340 kilometrash me Rusin\u00eb.<\/span><\/p>\n","protected":false,"gt_translate_keys":[{"key":"rendered","format":"html"}]},"excerpt":{"rendered":"<p>Ministri i Jasht\u00ebm letonez Edgars Rinkevics ka th\u00ebn\u00eb se vendi i tij miraton an\u00ebtar\u00ebsimin e Finland\u00ebs dhe Suedis\u00eb n\u00eb NATO, duke v\u00ebn\u00eb n\u00eb dukje se shtimi i tyre n\u00eb bllokun ushtarak t\u00eb udh\u00ebhequr nga SHBA do ta kthej\u00eb Detin Baltik n\u00eb \u2018nj\u00eb det t\u00eb NATO-s\u2019 n\u00eb nj\u00eb intervist\u00eb t\u00eb premten me \u2018Financial Times\u2019. S\u00eb bashku [&hellip;]<\/p>\n","protected":false,"gt_translate_keys":[{"key":"rendered","format":"html"}]},"author":51,"featured_media":523743,"comment_status":"closed","ping_status":"closed","sticky":false,"template":"","format":"standard","meta":{"footnotes":""},"categories":[53],"tags":[],"class_list":["post-523742","post","type-post","status-publish","format-standard","has-post-thumbnail","hentry","category-fast-foodi"],"gt_translate_keys":[{"key":"link","format":"url"}],"_links":{"self":[{"href":"https:\/\/www.hashtag.al\/index.php\/wp-json\/wp\/v2\/posts\/523742","targetHints":{"allow":["GET"]}}],"collection":[{"href":"https:\/\/www.hashtag.al\/index.php\/wp-json\/wp\/v2\/posts"}],"about":[{"href":"https:\/\/www.hashtag.al\/index.php\/wp-json\/wp\/v2\/types\/post"}],"author":[{"embeddable":true,"href":"https:\/\/www.hashtag.al\/index.php\/wp-json\/wp\/v2\/users\/51"}],"replies":[{"embeddable":true,"href":"https:\/\/www.hashtag.al\/index.php\/wp-json\/wp\/v2\/comments?post=523742"}],"version-history":[{"count":0,"href":"https:\/\/www.hashtag.al\/index.php\/wp-json\/wp\/v2\/posts\/523742\/revisions"}],"wp:featuredmedia":[{"embeddable":true,"href":"https:\/\/www.hashtag.al\/index.php\/wp-json\/wp\/v2\/media\/523743"}],"wp:attachment":[{"href":"https:\/\/www.hashtag.al\/index.php\/wp-json\/wp\/v2\/media?parent=523742"}],"wp:term":[{"taxonomy":"category","embeddable":true,"href":"https:\/\/www.hashtag.al\/index.php\/wp-json\/wp\/v2\/categories?post=523742"},{"taxonomy":"post_tag","embeddable":true,"href":"https:\/\/www.hashtag.al\/index.php\/wp-json\/wp\/v2\/tags?post=523742"}],"curies":[{"name":"wp","href":"https:\/\/api.w.org\/{rel}","templated":true}]}}