{"id":523659,"date":"2022-05-14T15:22:06","date_gmt":"2022-05-14T13:22:06","guid":{"rendered":"https:\/\/www.hashtag.al\/?p=523659"},"modified":"2022-05-14T15:22:06","modified_gmt":"2022-05-14T13:22:06","slug":"putin-bisede-telefonike-me-homologun-finlandez-bashkimi-me-nato-n-do-jete-gabim-dhe-me-pasoja","status":"publish","type":"post","link":"https:\/\/www.hashtag.al\/index.php\/2022\/05\/14\/putin-bisede-telefonike-me-homologun-finlandez-bashkimi-me-nato-n-do-jete-gabim-dhe-me-pasoja\/","title":{"rendered":"Putin bised\u00eb telefonike me homologun finlandez: Bashkimi me NATO-n do jet\u00eb gabim dhe me pasoja","gt_translate_keys":[{"key":"rendered","format":"text"}]},"content":{"rendered":"<p style=\"text-align: justify;\"><span style=\"color: #000000;\"><img loading=\"lazy\" decoding=\"async\" class=\"aligncenter size-full wp-image-523660\" src=\"https:\/\/www.hashtag.al\/wp-content\/uploads\/2022\/05\/putin-niinisto-scaled.jpg\" alt=\"\" width=\"2560\" height=\"1577\" srcset=\"https:\/\/www.hashtag.al\/wp-content\/uploads\/2022\/05\/putin-niinisto-scaled.jpg 2560w, https:\/\/www.hashtag.al\/wp-content\/uploads\/2022\/05\/putin-niinisto-300x185.jpg 300w, https:\/\/www.hashtag.al\/wp-content\/uploads\/2022\/05\/putin-niinisto-1024x631.jpg 1024w, https:\/\/www.hashtag.al\/wp-content\/uploads\/2022\/05\/putin-niinisto-768x473.jpg 768w, https:\/\/www.hashtag.al\/wp-content\/uploads\/2022\/05\/putin-niinisto-1536x946.jpg 1536w, https:\/\/www.hashtag.al\/wp-content\/uploads\/2022\/05\/putin-niinisto-2048x1262.jpg 2048w\" sizes=\"auto, (max-width: 2560px) 100vw, 2560px\" \/><\/span><\/p>\n<p style=\"text-align: justify;\"><span style=\"color: #000000;\">Presidenti rus Vladimir Putin i tha homologut t\u00eb tij finlandez Sauli Niinisto t\u00eb shtun\u00ebn se heqja e neutralitetit dhe bashkimi me NATO-n do t\u00eb ishte nj\u00eb gabim q\u00eb mund t\u00eb d\u00ebmtonte marr\u00ebdh\u00ebniet midis dy vendeve t\u00eb tyre, tha Kremlini.<\/span><\/p>\n<p style=\"text-align: justify;\"><span style=\"color: #000000;\">T\u00eb dy vendet than\u00eb se president\u00ebt e tyre biseduan me telefon dy dit\u00eb pasi Finlanda deklaroi synimin e saj p\u00ebr t&#8217;u bashkuar me aleanc\u00ebn per\u00ebndimore. Moska e ka p\u00ebrshkruar at\u00eb si nj\u00eb k\u00ebrc\u00ebnim sigurie q\u00eb do t\u00eb k\u00ebrkoj\u00eb q\u00eb ajo t\u00eb p\u00ebrgjigjet, por nuk ka specifikuar se si.<\/span><\/p>\n<p style=\"text-align: justify;\"><span style=\"color: #000000;\">Zyra e Niinisto tha se ai i tha Putinit &#8220;sa n\u00eb thelb k\u00ebrkesat ruse n\u00eb fund t\u00eb vitit 2021 q\u00eb synojn\u00eb parandalimin e vendeve q\u00eb t\u00eb bashkohen me NATO-n dhe pushtimi masiv i Rusis\u00eb n\u00eb Ukrain\u00eb n\u00eb shkurt 2022 kan\u00eb ndryshuar mjedisin e siguris\u00eb n\u00eb Finland\u00eb&#8221;.<\/span><\/p>\n<p style=\"text-align: justify;\"><span style=\"color: #000000;\">Ai tha se Finlanda d\u00ebshironte t&#8217;i trajtonte marr\u00ebdh\u00ebniet me fqinjin e saj rus n\u00eb nj\u00eb &#8220;m\u00ebnyr\u00eb korrekte dhe profesionale&#8221;.<\/span><\/p>\n<p style=\"text-align: justify;\"><span style=\"color: #000000;\">Kremlini tha: &#8220;<em>Vladimir Putin theksoi se braktisja e politik\u00ebs tradicionale t\u00eb neutralitetit ushtarak do t\u00eb ishte nj\u00eb gabim, pasi nuk ka k\u00ebrc\u00ebnime p\u00ebr sigurin\u00eb e Finland\u00ebs. Nj\u00eb ndryshim i till\u00eb n\u00eb politik\u00ebn e jashtme t\u00eb vendit mund t\u00eb ket\u00eb nj\u00eb ndikim negativ n\u00eb marr\u00ebdh\u00ebniet ruso-finlandeze<\/em>.&#8221;<\/span><\/p>\n","protected":false,"gt_translate_keys":[{"key":"rendered","format":"html"}]},"excerpt":{"rendered":"<p>Presidenti rus Vladimir Putin i tha homologut t\u00eb tij finlandez Sauli Niinisto t\u00eb shtun\u00ebn se heqja e neutralitetit dhe bashkimi me NATO-n do t\u00eb ishte nj\u00eb gabim q\u00eb mund t\u00eb d\u00ebmtonte marr\u00ebdh\u00ebniet midis dy vendeve t\u00eb tyre, tha Kremlini. T\u00eb dy vendet than\u00eb se president\u00ebt e tyre biseduan me telefon dy dit\u00eb pasi Finlanda deklaroi [&hellip;]<\/p>\n","protected":false,"gt_translate_keys":[{"key":"rendered","format":"html"}]},"author":32,"featured_media":523660,"comment_status":"closed","ping_status":"closed","sticky":false,"template":"","format":"standard","meta":{"footnotes":""},"categories":[6,13],"tags":[],"class_list":["post-523659","post","type-post","status-publish","format-standard","has-post-thumbnail","hentry","category-nderkombetare","category-te-fundit"],"gt_translate_keys":[{"key":"link","format":"url"}],"_links":{"self":[{"href":"https:\/\/www.hashtag.al\/index.php\/wp-json\/wp\/v2\/posts\/523659","targetHints":{"allow":["GET"]}}],"collection":[{"href":"https:\/\/www.hashtag.al\/index.php\/wp-json\/wp\/v2\/posts"}],"about":[{"href":"https:\/\/www.hashtag.al\/index.php\/wp-json\/wp\/v2\/types\/post"}],"author":[{"embeddable":true,"href":"https:\/\/www.hashtag.al\/index.php\/wp-json\/wp\/v2\/users\/32"}],"replies":[{"embeddable":true,"href":"https:\/\/www.hashtag.al\/index.php\/wp-json\/wp\/v2\/comments?post=523659"}],"version-history":[{"count":0,"href":"https:\/\/www.hashtag.al\/index.php\/wp-json\/wp\/v2\/posts\/523659\/revisions"}],"wp:featuredmedia":[{"embeddable":true,"href":"https:\/\/www.hashtag.al\/index.php\/wp-json\/wp\/v2\/media\/523660"}],"wp:attachment":[{"href":"https:\/\/www.hashtag.al\/index.php\/wp-json\/wp\/v2\/media?parent=523659"}],"wp:term":[{"taxonomy":"category","embeddable":true,"href":"https:\/\/www.hashtag.al\/index.php\/wp-json\/wp\/v2\/categories?post=523659"},{"taxonomy":"post_tag","embeddable":true,"href":"https:\/\/www.hashtag.al\/index.php\/wp-json\/wp\/v2\/tags?post=523659"}],"curies":[{"name":"wp","href":"https:\/\/api.w.org\/{rel}","templated":true}]}}