{"id":523518,"date":"2022-05-13T16:38:50","date_gmt":"2022-05-13T14:38:50","guid":{"rendered":"https:\/\/www.hashtag.al\/?p=523518"},"modified":"2022-05-13T16:48:10","modified_gmt":"2022-05-13T14:48:10","slug":"pojektliigji-per-urdhrin-profesional-te-inxhiniereve-e-arkitekteve-rektori-i-universitetit-metropolitan-thirrje-kuvendit-e-qeverise-te-bllokohet-institucionalizon-korrupsionin","status":"publish","type":"post","link":"https:\/\/www.hashtag.al\/index.php\/2022\/05\/13\/pojektliigji-per-urdhrin-profesional-te-inxhiniereve-e-arkitekteve-rektori-i-universitetit-metropolitan-thirrje-kuvendit-e-qeverise-te-bllokohet-institucionalizon-korrupsionin\/","title":{"rendered":"Projektligji p\u00ebr \u2018Urdhrin Profesional t\u00eb Inxhinier\u00ebve e Arkitekt\u00ebve\u2019, Rektori i Universitetit Metropolitan: T\u00eb bllokohet, institucionalizon korrupsionin","gt_translate_keys":[{"key":"rendered","format":"text"}]},"content":{"rendered":"<p><span style=\"color: #000000;\"><img loading=\"lazy\" decoding=\"async\" class=\"aligncenter size-full wp-image-523519\" src=\"https:\/\/www.hashtag.al\/wp-content\/uploads\/2022\/05\/nikollacivici.jpg\" alt=\"\" width=\"1280\" height=\"720\" srcset=\"https:\/\/www.hashtag.al\/wp-content\/uploads\/2022\/05\/nikollacivici.jpg 1280w, https:\/\/www.hashtag.al\/wp-content\/uploads\/2022\/05\/nikollacivici-300x169.jpg 300w, https:\/\/www.hashtag.al\/wp-content\/uploads\/2022\/05\/nikollacivici-1024x576.jpg 1024w, https:\/\/www.hashtag.al\/wp-content\/uploads\/2022\/05\/nikollacivici-768x432.jpg 768w\" sizes=\"auto, (max-width: 1280px) 100vw, 1280px\" \/><\/span><\/p>\n<p><span style=\"color: #000000;\">Rektori i Universitetit Metropolitan Pof.Dr. Nikolla Civici i ka d\u00ebrguar nj\u00eb let\u00ebr kryetares s\u00eb Kuvendit Nikolla, ministreve Balluku e Kushi si dhe Avokates s\u00eb Popullit Ballanca, p\u00ebr t\u00eb shprehur shqet\u00ebsimin lidhur me nism\u00ebn p\u00ebr projektligjin p\u00ebr \u2018Krijimin e Urdhrit Profesional t\u00eb Inxhinier\u00ebve e Arkitekt\u00ebve.\u2019. <\/span><\/p>\n<p><span style=\"color: #000000;\">Civici b\u00ebn me dije se nisma p\u00ebr ligjin n\u00eb fjal\u00eb po zhvillohet n\u00eb n\u00eb m\u00ebnyr\u00eb t\u00eb p\u00ebrs\u00ebritur nga nj\u00eb grup i izoluar q\u00eb nuk p\u00ebrfaq\u00ebson interesin e shoq\u00ebris\u00eb e profesionist\u00ebve t\u00eb fush\u00ebs. <\/span><\/p>\n<p><span style=\"color: #000000;\">Rektori i Universitetit Metropolitan thekson n\u00eb letr\u00ebn e tij se edhe pse nisma n\u00eb fjal\u00eb reklamohet se b\u00ebhet n\u00eb em\u00ebr t\u00eb integrimit n\u00eb BE, kjo e fundit nuk imponon asnj\u00eb detyrim n\u00eb k\u00ebt\u00eb \u00e7\u00ebshtje.<\/span><\/p>\n<p><span style=\"color: #000000;\"> Profesor Civici i b\u00ebn thirrje kryetares s\u00eb Kuvendit e Komisionit Parlamentar respektiv q\u00eb t\u00eb bllokojn\u00eb k\u00ebt\u00eb nism\u00eb t\u00eb nd\u00ebrmarr\u00eb nga nj\u00eb deputetete e Parlamentit pasi grupet e interesit nuk p\u00ebrfaq\u00ebsohen vet\u00ebm nga nj\u00eb grupim por nga shum\u00eb t\u00eb tilla ku b\u00ebjn\u00eb pjes\u00eb edhe katedrat e Inxhinieris\u00eb s\u00eb Nd\u00ebrtimit. <\/span><\/p>\n<p><span style=\"color: #000000;\">Rektori Civici thekson se hapja e mundshme e Urdhrit t\u00eb Inxhinier\u00ebve n\u00eb konflikt me interesin publik do hapte udh\u00ebn edhe p\u00ebr hapjen e Urdhrit t\u00eb Arkitekt\u00ebve nga grupe t\u00eb caktuarat\u00eb izoluara.<\/span><\/p>\n<p><span style=\"color: #000000;\"> Profesionet n\u00eb fjal\u00eb, v\u00ebren Prof. Civici jan\u00eb t\u00eb rregulluara me ligj fal\u00eb reformave t\u00eb qeveris\u00eb e nuk ka asnj\u00eb justifikim p\u00ebr shtes\u00eb filtrash, kostosh e burokoracish q\u00eb do b\u00ebnin institucionalizimin e korrupsionit.<\/span><\/p>\n<p><span style=\"color: #000000;\">*Letr\u00ebn e plot\u00eb t\u00eb Rektorit t\u00eb Universitetit Metropolitan e lexoni k\u00ebtu: <span style=\"color: #0000ff;\"><a style=\"color: #0000ff;\" href=\"https:\/\/www.hashtag.al\/wp-content\/uploads\/2022\/05\/Shkrese-drejtuar-kryetares-se-kuvendit.pdf\">Shkrese drejtuar kryetares se kuvendit<\/a><\/span><\/span><\/p>\n","protected":false,"gt_translate_keys":[{"key":"rendered","format":"html"}]},"excerpt":{"rendered":"<p>Rektori i Universitetit Metropolitan Pof.Dr. Nikolla Civici i ka d\u00ebrguar nj\u00eb let\u00ebr kryetares s\u00eb Kuvendit Nikolla, ministreve Balluku e Kushi si dhe Avokates s\u00eb Popullit Ballanca, p\u00ebr t\u00eb shprehur shqet\u00ebsimin lidhur me nism\u00ebn p\u00ebr projektligjin p\u00ebr \u2018Krijimin e Urdhrit Profesional t\u00eb Inxhinier\u00ebve e Arkitekt\u00ebve.\u2019. Civici b\u00ebn me dije se nisma p\u00ebr ligjin n\u00eb fjal\u00eb po [&hellip;]<\/p>\n","protected":false,"gt_translate_keys":[{"key":"rendered","format":"html"}]},"author":51,"featured_media":523519,"comment_status":"closed","ping_status":"closed","sticky":false,"template":"","format":"standard","meta":{"footnotes":""},"categories":[65,13],"tags":[],"class_list":["post-523518","post","type-post","status-publish","format-standard","has-post-thumbnail","hentry","category-lajme","category-te-fundit"],"gt_translate_keys":[{"key":"link","format":"url"}],"_links":{"self":[{"href":"https:\/\/www.hashtag.al\/index.php\/wp-json\/wp\/v2\/posts\/523518","targetHints":{"allow":["GET"]}}],"collection":[{"href":"https:\/\/www.hashtag.al\/index.php\/wp-json\/wp\/v2\/posts"}],"about":[{"href":"https:\/\/www.hashtag.al\/index.php\/wp-json\/wp\/v2\/types\/post"}],"author":[{"embeddable":true,"href":"https:\/\/www.hashtag.al\/index.php\/wp-json\/wp\/v2\/users\/51"}],"replies":[{"embeddable":true,"href":"https:\/\/www.hashtag.al\/index.php\/wp-json\/wp\/v2\/comments?post=523518"}],"version-history":[{"count":0,"href":"https:\/\/www.hashtag.al\/index.php\/wp-json\/wp\/v2\/posts\/523518\/revisions"}],"wp:featuredmedia":[{"embeddable":true,"href":"https:\/\/www.hashtag.al\/index.php\/wp-json\/wp\/v2\/media\/523519"}],"wp:attachment":[{"href":"https:\/\/www.hashtag.al\/index.php\/wp-json\/wp\/v2\/media?parent=523518"}],"wp:term":[{"taxonomy":"category","embeddable":true,"href":"https:\/\/www.hashtag.al\/index.php\/wp-json\/wp\/v2\/categories?post=523518"},{"taxonomy":"post_tag","embeddable":true,"href":"https:\/\/www.hashtag.al\/index.php\/wp-json\/wp\/v2\/tags?post=523518"}],"curies":[{"name":"wp","href":"https:\/\/api.w.org\/{rel}","templated":true}]}}