{"id":523474,"date":"2022-05-13T13:47:34","date_gmt":"2022-05-13T11:47:34","guid":{"rendered":"https:\/\/www.hashtag.al\/?p=523474"},"modified":"2022-05-13T13:47:34","modified_gmt":"2022-05-13T11:47:34","slug":"kremlini-zbardh-telefonaten-mes-putinit-dhe-scholz","status":"publish","type":"post","link":"https:\/\/www.hashtag.al\/index.php\/2022\/05\/13\/kremlini-zbardh-telefonaten-mes-putinit-dhe-scholz\/","title":{"rendered":"Kremlini zbardh telefonat\u00ebn mes Putinit dhe Scholz","gt_translate_keys":[{"key":"rendered","format":"text"}]},"content":{"rendered":"<p><span style=\"color: #000000;\"><a href=\"https:\/\/www.hashtag.al\/wp-content\/uploads\/2022\/05\/putini.jpg\"><img loading=\"lazy\" decoding=\"async\" class=\"aligncenter size-full wp-image-523475\" src=\"https:\/\/www.hashtag.al\/wp-content\/uploads\/2022\/05\/putini.jpg\" alt=\"\" width=\"592\" height=\"335\" srcset=\"https:\/\/www.hashtag.al\/wp-content\/uploads\/2022\/05\/putini.jpg 592w, https:\/\/www.hashtag.al\/wp-content\/uploads\/2022\/05\/putini-300x170.jpg 300w\" sizes=\"auto, (max-width: 592px) 100vw, 592px\" \/><\/a><\/span><\/p>\n<p><span style=\"color: #000000;\">Presidenti rus Vladimir Putin dhe kancelari gjerman Olaf Scholz diskutuan me telefon mbi situat\u00ebn n\u00eb Ukrain\u00eb.<\/span><\/p>\n<p><span style=\"color: #000000;\"><em>\u00a0\u201cMe iniciativ\u00ebn e pal\u00ebs gjermane, Presidenti i Federat\u00ebs Ruse Vladimir Putin zhvilloi nj\u00eb bised\u00eb telefonike me kancelarin federal t\u00eb Republik\u00ebs Federale t\u00eb Gjermanis\u00eb, Olaf Scholz. Diskutimi i situat\u00ebs n\u00eb Ukrain\u00eb vazhdoi me theks n\u00eb aspektet humanitare.&#8221;-<\/em> njoftoi sh\u00ebrbimi p\u00ebr shtyp i Kremlinit, sipas agjencis\u00eb s\u00eb lajmeve <span style=\"color: #0000ff;\"><a style=\"color: #0000ff;\" href=\"https:\/\/ria.ru\/20220513\/putin-1788311784.html\">Ria Novosti<\/a><\/span>.<\/span><\/p>\n<p><span style=\"color: #000000;\">Nj\u00eb nga temat q\u00eb Putin dhe Scholz diskutuan ishte gjendja e pun\u00ebve n\u00eb negociatat ruso-ukrainase.<\/span><\/p>\n<p><span style=\"color: #000000;\"><em>&#8220;V\u00ebmendja u t\u00ebrhoq p\u00ebr shkeljet e vazhdueshme t\u00eb r\u00ebnda t\u00eb normave t\u00eb s\u00eb drejt\u00ebs nd\u00ebrkomb\u00ebtare humanitare nga militant\u00ebt q\u00eb shpallin ideologjin\u00eb naziste, p\u00ebrdorimin e tyre t\u00eb metodave terroriste \u00e7njer\u00ebzore.<\/em>&#8220;- tha Kremlini.<\/span><\/p>\n<p><span style=\"color: #000000;\">Presidenti i Rusis\u00eb dhe kancelari i Gjermanis\u00eb ran\u00eb dakord q\u00eb t&#8217;i rikthehen p\u00ebrs\u00ebri n\u00eb nj\u00eb bised\u00eb tjet\u00ebr tem\u00ebs s\u00eb Ukrain\u00ebs.<\/span><\/p>\n","protected":false,"gt_translate_keys":[{"key":"rendered","format":"html"}]},"excerpt":{"rendered":"<p>Presidenti rus Vladimir Putin dhe kancelari gjerman Olaf Scholz diskutuan me telefon mbi situat\u00ebn n\u00eb Ukrain\u00eb. \u00a0\u201cMe iniciativ\u00ebn e pal\u00ebs gjermane, Presidenti i Federat\u00ebs Ruse Vladimir Putin zhvilloi nj\u00eb bised\u00eb telefonike me kancelarin federal t\u00eb Republik\u00ebs Federale t\u00eb Gjermanis\u00eb, Olaf Scholz. Diskutimi i situat\u00ebs n\u00eb Ukrain\u00eb vazhdoi me theks n\u00eb aspektet humanitare.&#8221;- njoftoi sh\u00ebrbimi p\u00ebr [&hellip;]<\/p>\n","protected":false,"gt_translate_keys":[{"key":"rendered","format":"html"}]},"author":30,"featured_media":523475,"comment_status":"closed","ping_status":"closed","sticky":false,"template":"","format":"standard","meta":{"footnotes":""},"categories":[6,13],"tags":[],"class_list":["post-523474","post","type-post","status-publish","format-standard","has-post-thumbnail","hentry","category-nderkombetare","category-te-fundit"],"gt_translate_keys":[{"key":"link","format":"url"}],"_links":{"self":[{"href":"https:\/\/www.hashtag.al\/index.php\/wp-json\/wp\/v2\/posts\/523474","targetHints":{"allow":["GET"]}}],"collection":[{"href":"https:\/\/www.hashtag.al\/index.php\/wp-json\/wp\/v2\/posts"}],"about":[{"href":"https:\/\/www.hashtag.al\/index.php\/wp-json\/wp\/v2\/types\/post"}],"author":[{"embeddable":true,"href":"https:\/\/www.hashtag.al\/index.php\/wp-json\/wp\/v2\/users\/30"}],"replies":[{"embeddable":true,"href":"https:\/\/www.hashtag.al\/index.php\/wp-json\/wp\/v2\/comments?post=523474"}],"version-history":[{"count":0,"href":"https:\/\/www.hashtag.al\/index.php\/wp-json\/wp\/v2\/posts\/523474\/revisions"}],"wp:featuredmedia":[{"embeddable":true,"href":"https:\/\/www.hashtag.al\/index.php\/wp-json\/wp\/v2\/media\/523475"}],"wp:attachment":[{"href":"https:\/\/www.hashtag.al\/index.php\/wp-json\/wp\/v2\/media?parent=523474"}],"wp:term":[{"taxonomy":"category","embeddable":true,"href":"https:\/\/www.hashtag.al\/index.php\/wp-json\/wp\/v2\/categories?post=523474"},{"taxonomy":"post_tag","embeddable":true,"href":"https:\/\/www.hashtag.al\/index.php\/wp-json\/wp\/v2\/tags?post=523474"}],"curies":[{"name":"wp","href":"https:\/\/api.w.org\/{rel}","templated":true}]}}