{"id":523360,"date":"2022-05-12T20:53:05","date_gmt":"2022-05-12T18:53:05","guid":{"rendered":"https:\/\/www.hashtag.al\/?p=523360"},"modified":"2022-05-12T20:53:05","modified_gmt":"2022-05-12T18:53:05","slug":"finlanda-drejt-anetaresimit-ne-nato","status":"publish","type":"post","link":"https:\/\/www.hashtag.al\/index.php\/2022\/05\/12\/finlanda-drejt-anetaresimit-ne-nato\/","title":{"rendered":"Finlanda drejt an\u00ebtar\u00ebsimit n\u00eb NATO","gt_translate_keys":[{"key":"rendered","format":"text"}]},"content":{"rendered":"<p style=\"text-align: justify;\"><span style=\"color: #000000;\"><img loading=\"lazy\" decoding=\"async\" class=\"aligncenter size-full wp-image-523361\" src=\"https:\/\/www.hashtag.al\/wp-content\/uploads\/2022\/05\/nato-finland.png\" alt=\"\" width=\"1069\" height=\"599\" srcset=\"https:\/\/www.hashtag.al\/wp-content\/uploads\/2022\/05\/nato-finland.png 1069w, https:\/\/www.hashtag.al\/wp-content\/uploads\/2022\/05\/nato-finland-300x168.png 300w, https:\/\/www.hashtag.al\/wp-content\/uploads\/2022\/05\/nato-finland-1024x574.png 1024w, https:\/\/www.hashtag.al\/wp-content\/uploads\/2022\/05\/nato-finland-768x430.png 768w\" sizes=\"auto, (max-width: 1069px) 100vw, 1069px\" \/><\/span><\/p>\n<p style=\"text-align: justify;\"><span style=\"color: #000000;\">Udh\u00ebheq\u00ebsit e Finland\u00ebs kan\u00eb mb\u00ebshtetur aplikimin p\u00ebr t\u2019u b\u00ebr\u00eb pjes\u00eb e NATO-s nd\u00ebrkoh\u00eb q\u00eb edhe Suedia mund t\u00eb b\u00ebj\u00eb t\u00eb nj\u00ebjt\u00ebn gj\u00eb brenda disa dit\u00ebsh, dy muaj e gjysm\u00eb pas nisjes s\u00eb pushtimit rus t\u00eb Ukrain\u00ebs, veprim ky q\u00eb p\u00ebr\u00e7oi mesazhe frike tek fqinj\u00ebt e Mosk\u00ebs.<\/span><\/p>\n<p style=\"text-align: justify;\"><span style=\"color: #000000;\">Pas q\u00ebndrimit t\u00eb Finland\u00ebs, Kremlini reagoi duke paralajm\u00ebruar se do t\u00eb detyrohet t\u00eb nd\u00ebrmarr\u00eb hapa hakmarr\u00ebse \u201cushtarako-teknike\u201d.<\/span><\/p>\n<p style=\"text-align: justify;\"><span style=\"color: #000000;\">Nd\u00ebrkoh\u00eb, n\u00eb terren, forcat ruse godit\u00ebn zonat n\u00eb lindje t\u00eb Ukrain\u00ebs, duke p\u00ebrfshir\u00eb pjes\u00ebn e fundit t\u00eb rezistenc\u00ebs n\u00eb Mariupol, si pjes\u00eb e ofensiv\u00ebs p\u00ebr t\u00eb marr\u00eb rajonin jetik industrial t\u00eb Donbasit, derisa Ukraina rimori disa qytete dhe fshatra n\u00eb verilindje t\u00eb vendit.<\/span><\/p>\n<p style=\"text-align: justify;\"><span style=\"color: #000000;\">Presidenti dhe kryeministri i Finland\u00ebs njoftuan se shteti i tyre duhet t\u00eb aplikoj\u00eb menj\u00ebher\u00eb p\u00ebr an\u00ebtar\u00ebsim n\u00eb NATO, paktin e mbrojtjes ushtarake i themeluar pjes\u00ebrisht p\u00ebr t\u00eb kund\u00ebrshtuar Bashkimin Sovjetik.<\/span><\/p>\n<p style=\"text-align: justify;\"><span style=\"color: #000000;\">\u201cJu (Rusia) e shkaktuat k\u00ebt\u00eb. Shikoni n\u00eb pasqyr\u00eb\u201d, tha k\u00ebt\u00eb jav\u00eb presidenti finlandez, Sauli Niinisto.<\/span><\/p>\n<p style=\"text-align: justify;\"><span style=\"color: #000000;\">Parlamenti i Finland\u00ebs duhet t\u00eb vendos\u00eb p\u00ebr k\u00ebt\u00eb \u00e7\u00ebshtje por njoftimi p\u00ebr gatishm\u00ebrin\u00eb p\u00ebr aplikim do t\u00eb thot\u00eb se Finlanda \u00ebsht\u00eb e sigurt se do t\u00eb aplikoj\u00eb \u2013 dhe do t\u00eb pranohet \u2013 megjith\u00ebse procesi mund t\u00eb marr\u00eb muaj p\u00ebr t\u00eb p\u00ebrfunduar. Suedia, gjithashtu, po shqyrton aplikimin.<\/span><\/p>\n<p style=\"text-align: justify;\"><span style=\"color: #000000;\">Kjo do t\u00eb p\u00ebrfaq\u00ebsonte nj\u00eb ndryshim t\u00eb madh n\u00eb peizazhin e siguris\u00eb s\u00eb Evrop\u00ebs: Suedia i ka shmangur aleancat ushtarake p\u00ebr m\u00eb shum\u00eb se 200 vjet, nd\u00ebrsa Finlanda miratoi neutralitetin pas disfat\u00ebs s\u00eb saj nga sovjetik\u00ebt n\u00eb Luft\u00ebn e Dyt\u00eb Bot\u00ebrore.<\/span><\/p>\n<p style=\"text-align: justify;\"><span style=\"color: #000000;\">Opinioni publik n\u00eb t\u00eb dy vendet u zhvendos n\u00eb m\u00ebnyr\u00eb dramatike n\u00eb favor t\u00eb an\u00ebtar\u00ebsimit n\u00eb NATO pas pushtimit rus t\u00eb Ukrain\u00ebs, gj\u00eb q\u00eb ngjalli frik\u00ebn tek vendet fqinje t\u00eb Rusis\u00eb se ato mund t\u00eb ishin n\u00eb radh\u00eb p\u00ebr tu pushtuar.<\/span><\/p>\n<p style=\"text-align: justify;\"><span style=\"color: #000000;\">Para pak dit\u00ebsh, sekretari i P\u00ebrgjithsh\u00ebm i NATO-s, Jens Stoltenberg, ka th\u00ebn\u00eb se aleanca do t\u00eb mir\u00ebpres\u00eb Finland\u00ebn dhe Suedin\u00eb me krah\u00eb hapur.<\/span><\/p>\n<p style=\"text-align: justify;\"><span style=\"color: #000000;\">Ministria e Jashtme e Rusis\u00eb paralajm\u00ebroi se Moska \u201cdo t\u00eb detyrohet t\u00eb nd\u00ebrmarr\u00eb hapa hakmarr\u00ebs t\u00eb karakteristikave ushtarako-teknike dhe t\u00eb tjera, n\u00eb m\u00ebnyr\u00eb q\u00eb t\u00eb kund\u00ebrshtoj\u00eb k\u00ebrc\u00ebnimet e reja ndaj siguris\u00eb s\u00eb saj komb\u00ebtare\u201d.<\/span><\/p>\n<p style=\"text-align: justify;\"><span style=\"color: #000000;\">Dhurimi i arm\u00ebve dhe mb\u00ebshtetja tjet\u00ebr ushtarake nga NATO-ja p\u00ebr Ukrain\u00ebn tashm\u00eb ka qen\u00eb vendimtare p\u00ebr suksesin befasues t\u00eb Kievit n\u00eb frenimin e pushtimit dhe Kremlini paralajm\u00ebroi s\u00ebrish m\u00eb 12 maj se ndihma ushtarake p\u00ebr Ukrain\u00ebn mund t\u00eb \u00e7oj\u00eb n\u00eb konflikt t\u00eb drejtp\u00ebrdrejt\u00eb midis NATO-s dhe Rusis\u00eb.<\/span><\/p>\n<p style=\"text-align: justify;\"><span style=\"color: #000000;\">\u201cGjithmon\u00eb ekziston rreziku q\u00eb nj\u00eb konflikt i till\u00eb t\u00eb kthehet n\u00eb nj\u00eb luft\u00eb b\u00ebrthamore n\u00eb shkall\u00eb t\u00eb plot\u00eb, nj\u00eb skenar q\u00eb do t\u00eb jet\u00eb katastrofik p\u00ebr t\u00eb gjith\u00eb\u201d, tha Dmitry Medvedev, n\u00ebnkryetar i K\u00ebshillit t\u00eb Sigurimit t\u00eb Rusis\u00eb.<\/span><\/p>\n<p style=\"text-align: justify;\">\n","protected":false,"gt_translate_keys":[{"key":"rendered","format":"html"}]},"excerpt":{"rendered":"<p>Udh\u00ebheq\u00ebsit e Finland\u00ebs kan\u00eb mb\u00ebshtetur aplikimin p\u00ebr t\u2019u b\u00ebr\u00eb pjes\u00eb e NATO-s nd\u00ebrkoh\u00eb q\u00eb edhe Suedia mund t\u00eb b\u00ebj\u00eb t\u00eb nj\u00ebjt\u00ebn gj\u00eb brenda disa dit\u00ebsh, dy muaj e gjysm\u00eb pas nisjes s\u00eb pushtimit rus t\u00eb Ukrain\u00ebs, veprim ky q\u00eb p\u00ebr\u00e7oi mesazhe frike tek fqinj\u00ebt e Mosk\u00ebs. Pas q\u00ebndrimit t\u00eb Finland\u00ebs, Kremlini reagoi duke paralajm\u00ebruar se [&hellip;]<\/p>\n","protected":false,"gt_translate_keys":[{"key":"rendered","format":"html"}]},"author":32,"featured_media":523361,"comment_status":"closed","ping_status":"closed","sticky":false,"template":"","format":"standard","meta":{"footnotes":""},"categories":[65,13],"tags":[],"class_list":["post-523360","post","type-post","status-publish","format-standard","has-post-thumbnail","hentry","category-lajme","category-te-fundit"],"gt_translate_keys":[{"key":"link","format":"url"}],"_links":{"self":[{"href":"https:\/\/www.hashtag.al\/index.php\/wp-json\/wp\/v2\/posts\/523360","targetHints":{"allow":["GET"]}}],"collection":[{"href":"https:\/\/www.hashtag.al\/index.php\/wp-json\/wp\/v2\/posts"}],"about":[{"href":"https:\/\/www.hashtag.al\/index.php\/wp-json\/wp\/v2\/types\/post"}],"author":[{"embeddable":true,"href":"https:\/\/www.hashtag.al\/index.php\/wp-json\/wp\/v2\/users\/32"}],"replies":[{"embeddable":true,"href":"https:\/\/www.hashtag.al\/index.php\/wp-json\/wp\/v2\/comments?post=523360"}],"version-history":[{"count":0,"href":"https:\/\/www.hashtag.al\/index.php\/wp-json\/wp\/v2\/posts\/523360\/revisions"}],"wp:featuredmedia":[{"embeddable":true,"href":"https:\/\/www.hashtag.al\/index.php\/wp-json\/wp\/v2\/media\/523361"}],"wp:attachment":[{"href":"https:\/\/www.hashtag.al\/index.php\/wp-json\/wp\/v2\/media?parent=523360"}],"wp:term":[{"taxonomy":"category","embeddable":true,"href":"https:\/\/www.hashtag.al\/index.php\/wp-json\/wp\/v2\/categories?post=523360"},{"taxonomy":"post_tag","embeddable":true,"href":"https:\/\/www.hashtag.al\/index.php\/wp-json\/wp\/v2\/tags?post=523360"}],"curies":[{"name":"wp","href":"https:\/\/api.w.org\/{rel}","templated":true}]}}