{"id":523063,"date":"2022-05-11T10:28:44","date_gmt":"2022-05-11T08:28:44","guid":{"rendered":"https:\/\/www.hashtag.al\/?p=523063"},"modified":"2022-05-11T10:28:44","modified_gmt":"2022-05-11T08:28:44","slug":"rama-sa-te-jem-une-ne-ps-ska-presion-ndaj-drejtesise-skerkova-denim-por-hetim","status":"publish","type":"post","link":"https:\/\/www.hashtag.al\/index.php\/2022\/05\/11\/rama-sa-te-jem-une-ne-ps-ska-presion-ndaj-drejtesise-skerkova-denim-por-hetim\/","title":{"rendered":"Rama: Sa t\u00eb jem un\u00eb n\u00eb PS s&#8217;ka presion ndaj drejt\u00ebsis\u00eb, s&#8217;k\u00ebrkova d\u00ebnim por hetim","gt_translate_keys":[{"key":"rendered","format":"text"}]},"content":{"rendered":"<p><span style=\"color: #000000;\"><a href=\"https:\/\/www.hashtag.al\/wp-content\/uploads\/2022\/05\/edi.jpg\"><img loading=\"lazy\" decoding=\"async\" class=\"aligncenter size-full wp-image-523064\" src=\"https:\/\/www.hashtag.al\/wp-content\/uploads\/2022\/05\/edi.jpg\" alt=\"\" width=\"889\" height=\"523\" srcset=\"https:\/\/www.hashtag.al\/wp-content\/uploads\/2022\/05\/edi.jpg 889w, https:\/\/www.hashtag.al\/wp-content\/uploads\/2022\/05\/edi-300x176.jpg 300w, https:\/\/www.hashtag.al\/wp-content\/uploads\/2022\/05\/edi-768x452.jpg 768w\" sizes=\"auto, (max-width: 889px) 100vw, 889px\" \/><\/a><\/span><\/p>\n<p><span style=\"color: #000000;\">Gjat\u00eb konferenc\u00ebs s\u00eb sotme p\u00ebr mediat, kryeministri Edi Rama pretendon se nuk i ka b\u00ebr\u00eb presion drejt\u00ebsis\u00eb, pavar\u00ebsisht deklaratave t\u00eb tij t\u00eb fundit n\u00eb Asamblen\u00eb e Partis\u00eb Socialiste. Ai theksoi se sa t\u00eb jet\u00eb ai n\u00eb detyr\u00eb, nuk do t\u2019i b\u00ebhet presion drejt\u00ebsis\u00eb.<\/span><\/p>\n<p><em><span style=\"color: #000000;\">\u201cQ\u00eb t\u00eb jemi t\u00eb qart\u00eb, garancia se drejt\u00ebsia mund t\u00eb hyj\u00eb lirisht n\u00eb oborrin e PS dhe t\u00eb b\u00ebj\u00eb drejt\u00ebsi p\u00ebr k\u00ebdo q\u00eb e turp\u00ebron k\u00ebt\u00eb parti jemi ne.<\/span><\/em><\/p>\n<p><em><span style=\"color: #000000;\">Ne k\u00ebtu, lidershipi i PS dhe vet\u00eb kjo parti, askush tjet\u00ebr. Kjo \u00ebsht\u00eb \u00e7\u00ebshtje zgjedhje nuk \u00ebsht\u00eb \u00e7\u00ebshtje imponimi nga dikush, nga Amerika apo nga Evropa, as detyrimi ndaj Amerik\u00ebs apo Evrop\u00ebs, kjo \u00ebsht\u00eb \u00e7\u00ebshtje zgjedhje q\u00eb un\u00eb dhe ne e kemi b\u00ebr\u00eb si detyrim p\u00ebr f\u00ebmij\u00ebt tan\u00eb. \u00a0Duke ja hyr\u00eb detit n\u00eb k\u00ebmb\u00eb kur at\u00ebher\u00eb kur askush nuk e besonte se do tia dilnim tja kalonim reform\u00ebn. Ja ku jemi sot.<\/span><\/em><\/p>\n<p><span style=\"color: #000000;\"><em>Prandaj duhet ta ken\u00eb t\u00eb qart\u00eb t\u00eb gjith\u00eb, shqiptare nd\u00ebrkomb\u00ebtar\u00eb gazetare se kjo parti \u00ebsht\u00eb i vetmi subjekt n\u00eb k\u00ebt\u00eb vend i vetmi, q\u00eb as nuk i ka b\u00ebr\u00eb as nuk i b\u00ebn dhe as nuk do ti b\u00ebj\u00eb sa t\u00eb jemi un\u00eb k\u00ebtu ndonj\u00eb presion drejt\u00ebsis\u00eb.\u201d<\/em>&#8211; tha Rama.<\/span><\/p>\n<p><span style=\"color: #000000;\">Duke u ndalur n\u00eb thirrjet e tij t\u00eb drejtp\u00ebrdrejta ndaj SPAK-ut q\u00eb t\u00eb hetoj\u00eb ish-kryeministrin Sali Berisha apo presidentin Ilir Meta, ai thekson se ky nuk \u00ebsht\u00eb presion.<\/span><\/p>\n<p><em><span style=\"color: #000000;\">\u201c\u00c7far\u00eb presioni \u00ebsht\u00eb t\u00eb k\u00ebrkosh hetimin e nj\u00eb ish presidenti e nj\u00eb ish kryeministri t\u00eb shpallur \u2018non grata\u2019 nga SHBA, me akuzat m\u00eb t\u00eb r\u00ebnda t\u00eb mundshme q\u00eb lidhen drejtp\u00ebrdrejt me veprimtarin\u00eb e institucioneve t\u00eb k\u00ebtij vendi?<\/span><\/em><br \/>\n<em><span style=\"color: #000000;\">E ta b\u00ebsh k\u00ebt\u00eb, thuajse nj\u00eb vit pasi shpallja \u2018non grata\u2019 \u00ebsht\u00eb b\u00ebr\u00eb dhe pasi Sekretari Amerikan i Shtetit ka k\u00ebrkuar publikisht n\u00eb deklarat\u00eb se institucionet e k\u00ebtij vendi duhet t\u00eb b\u00ebjn\u00eb pun\u00ebn e tyre? E q\u00eb t\u00eb jemi shum\u00eb t\u00eb qart\u00eb, un\u00eb skam k\u00ebrkuar e askush nuk ka k\u00ebrkuar d\u00ebnim por hetim. Hetim, d\u00ebnimin nuk e vendosim ne, por t\u00eb hetohet nj\u00eb \u00e7\u00ebshtje q\u00eb \u00ebsht\u00eb gur n\u00eb qaf\u00eb p\u00ebr Shqip\u00ebrin\u00eb e nuk \u00ebsht\u00eb \u00e7\u00ebshtje e nj\u00eb personi, \u00ebsht\u00eb domosdoshm\u00ebri. Q\u00eb t\u00eb zbardhet deri n\u00eb fund e v\u00ebrteta nga nj\u00eb drejt\u00ebsi e drejt\u00eb e pavarur, q\u00eb \u00ebsht\u00eb e pavarur nuk ka diskutim se sot nuk do ishin pas hekurave ish ministra e ish deputet e ish kryetar\u00eb bashkie, t\u00eb lidhur me k\u00ebt\u00eb parti q\u00eb \u00ebsht\u00eb n\u00eb pushtet, q\u00eb jan\u00eb t\u00eb pavarur kjo nuk ka pik\u00eb diskutimi, ndaj kjo drejt\u00ebsi e pavarur duhet t\u00eb \u00e7lirohet nga \u00e7do frik\u00eb e t\u00eb kaluar\u00ebs, e m\u00eb n\u00eb fund t\u00eb hetohen 21 janari, krimi shtet\u00ebror nuk parashkruhet, nuk ekziston, t\u00eb hetohet deri n\u00eb fund n\u00ebse \u00ebsht\u00eb apo nuk \u00ebsht\u00eb. T\u00eb hetohet G\u00ebrdeci, disa skandale te m\u00ebdha korruptive.<\/span><\/em><\/p>\n<p><span style=\"color: #000000;\"><em>\u00c7far\u00eb ngutje \u00ebsht\u00eb kjo?! Sot jemi n\u00eb fund t\u00eb vitit t\u00eb tret\u00eb q\u00eb s\u2019kemi folur, p\u00ebrkundrazi, t\u00eb gjith\u00eb balt\u00ebn p\u00ebr k\u00ebt\u00eb ngurrim t\u00eb pajustifikuesh\u00ebm e kam mbajtur un\u00eb personalisht.\u201d-<\/em> u shpreh ai.<\/span><\/p>\n","protected":false,"gt_translate_keys":[{"key":"rendered","format":"html"}]},"excerpt":{"rendered":"<p>Gjat\u00eb konferenc\u00ebs s\u00eb sotme p\u00ebr mediat, kryeministri Edi Rama pretendon se nuk i ka b\u00ebr\u00eb presion drejt\u00ebsis\u00eb, pavar\u00ebsisht deklaratave t\u00eb tij t\u00eb fundit n\u00eb Asamblen\u00eb e Partis\u00eb Socialiste. Ai theksoi se sa t\u00eb jet\u00eb ai n\u00eb detyr\u00eb, nuk do t\u2019i b\u00ebhet presion drejt\u00ebsis\u00eb. \u201cQ\u00eb t\u00eb jemi t\u00eb qart\u00eb, garancia se drejt\u00ebsia mund t\u00eb hyj\u00eb lirisht [&hellip;]<\/p>\n","protected":false,"gt_translate_keys":[{"key":"rendered","format":"html"}]},"author":30,"featured_media":523064,"comment_status":"closed","ping_status":"closed","sticky":false,"template":"","format":"standard","meta":{"footnotes":""},"categories":[65,13],"tags":[],"class_list":["post-523063","post","type-post","status-publish","format-standard","has-post-thumbnail","hentry","category-lajme","category-te-fundit"],"gt_translate_keys":[{"key":"link","format":"url"}],"_links":{"self":[{"href":"https:\/\/www.hashtag.al\/index.php\/wp-json\/wp\/v2\/posts\/523063","targetHints":{"allow":["GET"]}}],"collection":[{"href":"https:\/\/www.hashtag.al\/index.php\/wp-json\/wp\/v2\/posts"}],"about":[{"href":"https:\/\/www.hashtag.al\/index.php\/wp-json\/wp\/v2\/types\/post"}],"author":[{"embeddable":true,"href":"https:\/\/www.hashtag.al\/index.php\/wp-json\/wp\/v2\/users\/30"}],"replies":[{"embeddable":true,"href":"https:\/\/www.hashtag.al\/index.php\/wp-json\/wp\/v2\/comments?post=523063"}],"version-history":[{"count":0,"href":"https:\/\/www.hashtag.al\/index.php\/wp-json\/wp\/v2\/posts\/523063\/revisions"}],"wp:featuredmedia":[{"embeddable":true,"href":"https:\/\/www.hashtag.al\/index.php\/wp-json\/wp\/v2\/media\/523064"}],"wp:attachment":[{"href":"https:\/\/www.hashtag.al\/index.php\/wp-json\/wp\/v2\/media?parent=523063"}],"wp:term":[{"taxonomy":"category","embeddable":true,"href":"https:\/\/www.hashtag.al\/index.php\/wp-json\/wp\/v2\/categories?post=523063"},{"taxonomy":"post_tag","embeddable":true,"href":"https:\/\/www.hashtag.al\/index.php\/wp-json\/wp\/v2\/tags?post=523063"}],"curies":[{"name":"wp","href":"https:\/\/api.w.org\/{rel}","templated":true}]}}