{"id":523030,"date":"2022-05-10T22:51:38","date_gmt":"2022-05-10T20:51:38","guid":{"rendered":"https:\/\/www.hashtag.al\/?p=523030"},"modified":"2022-05-10T22:51:38","modified_gmt":"2022-05-10T20:51:38","slug":"meta-pas-25-korrikut-do-nise-ekzekutimi-i-frikes-dhe-do-nise-lufta-kunder-mafies","status":"publish","type":"post","link":"https:\/\/www.hashtag.al\/index.php\/2022\/05\/10\/meta-pas-25-korrikut-do-nise-ekzekutimi-i-frikes-dhe-do-nise-lufta-kunder-mafies\/","title":{"rendered":"Meta: Pas 25 korrikut do nis\u00eb ekzekutimi i frik\u00ebs dhe do nis\u00eb lufta kund\u00ebr mafies","gt_translate_keys":[{"key":"rendered","format":"text"}]},"content":{"rendered":"<p style=\"text-align: justify;\"><span style=\"color: #000000;\"><img loading=\"lazy\" decoding=\"async\" class=\"size-full wp-image-523031\" src=\"https:\/\/www.hashtag.al\/wp-content\/uploads\/2022\/05\/meta-top.jpg\" alt=\"\" width=\"1280\" height=\"720\" srcset=\"https:\/\/www.hashtag.al\/wp-content\/uploads\/2022\/05\/meta-top.jpg 1280w, https:\/\/www.hashtag.al\/wp-content\/uploads\/2022\/05\/meta-top-300x169.jpg 300w, https:\/\/www.hashtag.al\/wp-content\/uploads\/2022\/05\/meta-top-1024x576.jpg 1024w, https:\/\/www.hashtag.al\/wp-content\/uploads\/2022\/05\/meta-top-768x432.jpg 768w\" sizes=\"auto, (max-width: 1280px) 100vw, 1280px\" \/><\/span><\/p>\n<p style=\"text-align: justify;\"><span style=\"color: #000000;\">Presidenti i Republik\u00ebs Ilir Meta, n\u00eb nj\u00eb intervist\u00eb p\u00ebr emisionin Top Story b\u00ebri nj\u00eb premtim p\u00ebr t\u00eb gjith\u00eb shqiptar\u00ebt se \u00e7far\u00eb do t\u00eb ndodh\u00eb pas 25 korrikut.<\/span><\/p>\n<p style=\"text-align: justify;\"><span style=\"color: #000000;\">Meta tha se sapo t\u00eb ler\u00eb detyr\u00ebn e Presidentit do filloj\u00eb \u201cekzekutimi i frik\u00ebs\u201d dhe do nis\u00eb rikthimi i transparenc\u00ebs.<\/span><\/p>\n<p style=\"text-align: justify;\"><span style=\"color: #000000;\">Kreu i Shtetit paralajm\u00ebroi se do nis\u00eb nj\u00eb luft\u00eb pakompromis kund\u00ebr mafies lokale, rajonale e nd\u00ebrkomb\u00ebtare.<\/span><\/p>\n<p style=\"text-align: justify;\"><span style=\"color: #000000;\">\u201cJap nj\u00eb premtim solemn para t\u00eb gjith\u00eb shqiptar\u00ebve, si ish-student i dhjetorit \u201990, p\u00ebr te gjith\u00eb ata qe donin te asgj\u00ebsonin pluralizmin, se m\u00eb 25 korrik fillon ekzekutimi i frik\u00ebs dhe nis rikthimi i transparenc\u00ebs dhe llogaridh\u00ebnies ne \u00e7do nivel. Nis nj\u00eb lufte e pakompromis kund\u00ebr mafies lokale, rajonale dhe nd\u00ebrkomb\u00ebtare\u201d, tha ai.<\/span><\/p>\n","protected":false,"gt_translate_keys":[{"key":"rendered","format":"html"}]},"excerpt":{"rendered":"<p>Presidenti i Republik\u00ebs Ilir Meta, n\u00eb nj\u00eb intervist\u00eb p\u00ebr emisionin Top Story b\u00ebri nj\u00eb premtim p\u00ebr t\u00eb gjith\u00eb shqiptar\u00ebt se \u00e7far\u00eb do t\u00eb ndodh\u00eb pas 25 korrikut. Meta tha se sapo t\u00eb ler\u00eb detyr\u00ebn e Presidentit do filloj\u00eb \u201cekzekutimi i frik\u00ebs\u201d dhe do nis\u00eb rikthimi i transparenc\u00ebs. Kreu i Shtetit paralajm\u00ebroi se do nis\u00eb nj\u00eb [&hellip;]<\/p>\n","protected":false,"gt_translate_keys":[{"key":"rendered","format":"html"}]},"author":32,"featured_media":523031,"comment_status":"closed","ping_status":"closed","sticky":false,"template":"","format":"standard","meta":{"footnotes":""},"categories":[65,13],"tags":[],"class_list":["post-523030","post","type-post","status-publish","format-standard","has-post-thumbnail","hentry","category-lajme","category-te-fundit"],"gt_translate_keys":[{"key":"link","format":"url"}],"_links":{"self":[{"href":"https:\/\/www.hashtag.al\/index.php\/wp-json\/wp\/v2\/posts\/523030","targetHints":{"allow":["GET"]}}],"collection":[{"href":"https:\/\/www.hashtag.al\/index.php\/wp-json\/wp\/v2\/posts"}],"about":[{"href":"https:\/\/www.hashtag.al\/index.php\/wp-json\/wp\/v2\/types\/post"}],"author":[{"embeddable":true,"href":"https:\/\/www.hashtag.al\/index.php\/wp-json\/wp\/v2\/users\/32"}],"replies":[{"embeddable":true,"href":"https:\/\/www.hashtag.al\/index.php\/wp-json\/wp\/v2\/comments?post=523030"}],"version-history":[{"count":0,"href":"https:\/\/www.hashtag.al\/index.php\/wp-json\/wp\/v2\/posts\/523030\/revisions"}],"wp:featuredmedia":[{"embeddable":true,"href":"https:\/\/www.hashtag.al\/index.php\/wp-json\/wp\/v2\/media\/523031"}],"wp:attachment":[{"href":"https:\/\/www.hashtag.al\/index.php\/wp-json\/wp\/v2\/media?parent=523030"}],"wp:term":[{"taxonomy":"category","embeddable":true,"href":"https:\/\/www.hashtag.al\/index.php\/wp-json\/wp\/v2\/categories?post=523030"},{"taxonomy":"post_tag","embeddable":true,"href":"https:\/\/www.hashtag.al\/index.php\/wp-json\/wp\/v2\/tags?post=523030"}],"curies":[{"name":"wp","href":"https:\/\/api.w.org\/{rel}","templated":true}]}}