{"id":522932,"date":"2022-05-10T12:50:12","date_gmt":"2022-05-10T10:50:12","guid":{"rendered":"https:\/\/www.hashtag.al\/?p=522932"},"modified":"2022-05-10T15:11:44","modified_gmt":"2022-05-10T13:11:44","slug":"erion-veliaj-kam-ambicie-qe-ne-fund-te-ketij-mandati-te-kemi-10-mije-kodues-ne-tirane","status":"publish","type":"post","link":"https:\/\/www.hashtag.al\/index.php\/2022\/05\/10\/erion-veliaj-kam-ambicie-qe-ne-fund-te-ketij-mandati-te-kemi-10-mije-kodues-ne-tirane\/","title":{"rendered":"Erion Veliaj: Kam ambicie q\u00eb n\u00eb fund t\u00eb k\u00ebtij mandati t\u00eb kemi 10 mij\u00eb kodues n\u00eb Tiran\u00eb","gt_translate_keys":[{"key":"rendered","format":"text"}]},"content":{"rendered":"<p><span style=\"color: #000000;\"><a href=\"https:\/\/www.hashtag.al\/wp-content\/uploads\/2022\/05\/Erion-Veliaj.jpg\"><img loading=\"lazy\" decoding=\"async\" class=\"aligncenter size-full wp-image-522934\" src=\"https:\/\/www.hashtag.al\/wp-content\/uploads\/2022\/05\/Erion-Veliaj.jpg\" alt=\"\" width=\"834\" height=\"475\" srcset=\"https:\/\/www.hashtag.al\/wp-content\/uploads\/2022\/05\/Erion-Veliaj.jpg 834w, https:\/\/www.hashtag.al\/wp-content\/uploads\/2022\/05\/Erion-Veliaj-300x171.jpg 300w, https:\/\/www.hashtag.al\/wp-content\/uploads\/2022\/05\/Erion-Veliaj-768x437.jpg 768w\" sizes=\"auto, (max-width: 834px) 100vw, 834px\" \/><\/a><\/span><\/p>\n<p><span style=\"color: #000000;\">Kryebashkiaku Erion Veliaj thot\u00eb se ai ka synim q\u00eb deri n\u00eb fund t\u00eb k\u00ebtij mandati, Tirana t\u00eb ket\u00eb 10 mij\u00eb kodues.<\/span><\/p>\n<p><span style=\"color: #000000;\">K\u00ebt\u00eb deklarat\u00eb ai e b\u00ebri gjat\u00eb fjalimit t\u00eb tij n\u00eb Forumin Ekonomik t\u00eb Tiran\u00ebs, ku u diskutua mbi dixhitalizimin dhe fokusimin e t\u00eb rinjve te teknologjia e informacionit.<\/span><\/p>\n<p><span style=\"color: #000000;\"><em>\u201cN\u00eb vitet 2000 ne b\u00ebm\u00eb nj\u00eb tranzicion nga ajo q\u00eb quhet industria fason, n\u00eb at\u00eb t\u00eb sh\u00ebrbimeve, kryesisht call-center. Nd\u00ebrsa sot, ky \u00ebsht\u00eb momenti p\u00ebr t\u00eb b\u00ebr\u00eb nj\u00eb tjet\u00ebr kap\u00ebrcim, nga call-center n\u00eb data-center dhe n\u00eb industrin\u00eb digjitale. N\u00eb Tiran\u00eb sot kemi rreth 4600 mij\u00eb kodues. Por, ambicia ime si kryetar i Bashkis\u00eb \u00ebsht\u00eb q\u00eb n\u00eb fund t\u00eb k\u00ebtij mandati t\u00eb kemi 10 mij\u00eb kodues. <\/em><\/span><\/p>\n<p><span style=\"color: #000000;\"><em>Kjo \u00ebsht\u00eb arsyeja pse i kemi liberalizuar shkollat e inxhinieris\u00eb s\u00eb softuer\u00ebve, duke nxitur t\u00eb vijn\u00eb n\u00eb Tiran\u00eb \u2018Hoxton Academy\u2019, \u2018Holberton School\u2019, \u2018Micro Folie\u2019, \u2018TUMO Center\u2019, \u2018Ecole 42\u2019 dhe \u2018Factory Berlin\u2019. Ambicia \u00ebsht\u00eb q\u00eb 1% e popullsis\u00eb son\u00eb t\u00eb jen\u00eb kodues profesionist\u00eb sepse kjo \u00ebsht\u00eb puna e s\u00eb ardhmes, q\u00eb mund t\u2019i b\u00ebsh edhe nga sht\u00ebpia, q\u00eb nuk k\u00ebrkojn\u00eb t\u00eb largohesh jasht\u00eb vendit, por k\u00ebto jan\u00eb edhe pun\u00ebt q\u00eb paguhen m\u00eb mir\u00eb.\u201d<\/em>&#8211; u shpreh Veliaj.<\/span><\/p>\n<p><span style=\"color: #000000;\">M\u00eb tej Veliaj u shpreh se kryeqyteti aspiron an\u00ebtar\u00ebsimin n\u00eb BE, por s\u00eb pari sipas tij \u00ebsht\u00eb me r\u00ebnd\u00ebsi q\u00eb \u201c<em>Europ\u00ebn ta krijojm\u00eb k\u00ebtu\u201d.<\/em><\/span><\/p>\n","protected":false,"gt_translate_keys":[{"key":"rendered","format":"html"}]},"excerpt":{"rendered":"<p>Kryebashkiaku Erion Veliaj thot\u00eb se ai ka synim q\u00eb deri n\u00eb fund t\u00eb k\u00ebtij mandati, Tirana t\u00eb ket\u00eb 10 mij\u00eb kodues. K\u00ebt\u00eb deklarat\u00eb ai e b\u00ebri gjat\u00eb fjalimit t\u00eb tij n\u00eb Forumin Ekonomik t\u00eb Tiran\u00ebs, ku u diskutua mbi dixhitalizimin dhe fokusimin e t\u00eb rinjve te teknologjia e informacionit. \u201cN\u00eb vitet 2000 ne b\u00ebm\u00eb nj\u00eb [&hellip;]<\/p>\n","protected":false,"gt_translate_keys":[{"key":"rendered","format":"html"}]},"author":30,"featured_media":522934,"comment_status":"closed","ping_status":"closed","sticky":false,"template":"","format":"standard","meta":{"footnotes":""},"categories":[65,13],"tags":[],"class_list":["post-522932","post","type-post","status-publish","format-standard","has-post-thumbnail","hentry","category-lajme","category-te-fundit"],"gt_translate_keys":[{"key":"link","format":"url"}],"_links":{"self":[{"href":"https:\/\/www.hashtag.al\/index.php\/wp-json\/wp\/v2\/posts\/522932","targetHints":{"allow":["GET"]}}],"collection":[{"href":"https:\/\/www.hashtag.al\/index.php\/wp-json\/wp\/v2\/posts"}],"about":[{"href":"https:\/\/www.hashtag.al\/index.php\/wp-json\/wp\/v2\/types\/post"}],"author":[{"embeddable":true,"href":"https:\/\/www.hashtag.al\/index.php\/wp-json\/wp\/v2\/users\/30"}],"replies":[{"embeddable":true,"href":"https:\/\/www.hashtag.al\/index.php\/wp-json\/wp\/v2\/comments?post=522932"}],"version-history":[{"count":0,"href":"https:\/\/www.hashtag.al\/index.php\/wp-json\/wp\/v2\/posts\/522932\/revisions"}],"wp:featuredmedia":[{"embeddable":true,"href":"https:\/\/www.hashtag.al\/index.php\/wp-json\/wp\/v2\/media\/522934"}],"wp:attachment":[{"href":"https:\/\/www.hashtag.al\/index.php\/wp-json\/wp\/v2\/media?parent=522932"}],"wp:term":[{"taxonomy":"category","embeddable":true,"href":"https:\/\/www.hashtag.al\/index.php\/wp-json\/wp\/v2\/categories?post=522932"},{"taxonomy":"post_tag","embeddable":true,"href":"https:\/\/www.hashtag.al\/index.php\/wp-json\/wp\/v2\/tags?post=522932"}],"curies":[{"name":"wp","href":"https:\/\/api.w.org\/{rel}","templated":true}]}}