{"id":522826,"date":"2022-05-09T21:10:40","date_gmt":"2022-05-09T19:10:40","guid":{"rendered":"https:\/\/www.hashtag.al\/?p=522826"},"modified":"2022-05-10T09:14:59","modified_gmt":"2022-05-10T07:14:59","slug":"imeraj-shkarkimi-im-erdhi-per-shkak-te-perplasjes-se-zhurmshme-dhe-paragjykimeve","status":"publish","type":"post","link":"https:\/\/www.hashtag.al\/index.php\/2022\/05\/09\/imeraj-shkarkimi-im-erdhi-per-shkak-te-perplasjes-se-zhurmshme-dhe-paragjykimeve\/","title":{"rendered":"Imeraj: Shkarkimi im erdhi p\u00ebr shkak t\u00eb p\u00ebrplasjes s\u00eb zhurmshme dhe paragjykimeve","gt_translate_keys":[{"key":"rendered","format":"text"}]},"content":{"rendered":"<p style=\"text-align: justify;\"><span style=\"color: #000000;\"><img loading=\"lazy\" decoding=\"async\" class=\"aligncenter size-full wp-image-522869\" src=\"https:\/\/www.hashtag.al\/wp-content\/uploads\/2022\/05\/imeraj.png\" alt=\"\" width=\"640\" height=\"453\" srcset=\"https:\/\/www.hashtag.al\/wp-content\/uploads\/2022\/05\/imeraj.png 640w, https:\/\/www.hashtag.al\/wp-content\/uploads\/2022\/05\/imeraj-300x212.png 300w\" sizes=\"auto, (max-width: 640px) 100vw, 640px\" \/><\/span><\/p>\n<p style=\"text-align: justify;\"><span style=\"color: #000000;\">Ish-prokurorja Elisabeta Imeraj deklaroi n\u00eb emisionin \u201cT\u00eb Paekspozuarit\u201d se shkarkimi i saj erdhi pas p\u00ebrpasjes s\u00eb zhurmshme dhe paragjykimeve t\u00eb analist\u00ebve.\u00a0<\/span><\/p>\n<p style=\"text-align: justify;\"><span style=\"color: #000000;\">Ajo tha se pa patur dijeni se \u00e7far\u00eb p\u00ebrmbajn\u00eb dosjen analist\u00ebt kan\u00eb dal\u00eb n\u00eb p\u00ebrfundime dhe e kan\u00eb paragjykuar at\u00eb.<\/span><\/p>\n<p style=\"text-align: justify;\"><span style=\"color: #000000;\">\u201c<em>Nga 2017 dhe deri m\u00eb sot kan\u00eb kaluar 5 vjet, jemi n\u00eb 2022 dhe p\u00ebr t\u00eb b\u00ebr\u00eb nj\u00eb sintez\u00eb t\u00eb asaj \u00e7far\u00eb ka ndodhur, si ka evoluuar dhe ku jemi me at\u00eb se cilat ishin pritshm\u00ebrit\u00eb e secilit prej nesh, ky \u00ebsht\u00eb nj\u00eb problem i dyt\u00eb. Meqen\u00ebse ju e p\u00ebrmend\u00ebt, dhe meq\u00eb \u00ebsht\u00eb cituar n\u00eb t\u00eb gjitha mediat,\u00a0 shkarkimi apo procesi i Vetingut i Elisabeta Imerajt, do doja q\u00eb k\u00ebt\u00eb pjes\u00eb t\u00eb cil\u00ebn e njoh mir\u00eb me detaje dhe problematikat e saj, t\u2019ja \u00a0prezantoja jo vet\u00ebm ju sot por edhe publikut.<\/em><\/span><\/p>\n<p><span style=\"color: #000000;\"><em>P\u00ebr shkak t\u00eb asaj p\u00ebrplasjeje t\u00eb zhurmshme por edhe p\u00ebr shkak t\u00eb asaj q\u00eb shum\u00eb analist\u00eb ndoshta pa patur dijeni t\u00eb asaj se \u00e7far\u00eb p\u00ebrmbajn\u00eb aktet e dosjeve kan\u00eb tentuar, kan\u00eb guxuar, kan\u00eb konluduar kan\u00eb gjykuar dhe kan\u00eb paragjykuar, solli si rezultat shkarkimin tim nga detyra.<\/em><\/span><\/p>\n<p style=\"text-align: justify;\"><span style=\"color: #000000;\"><em> Nuk mund t\u00eb mos tregohem personale, por si\u00e7 e that\u00eb dhe vet\u00eb dit\u00ebt kan\u00eb kaluar&#8230; ime bij\u00eb m\u00eb thot\u00eb jeta vazhdon.<\/em>\u201d-deklaroi Imeraj.<\/span><\/p>\n<p style=\"text-align: justify;\"><span style=\"color: #000000;\">M\u00eb tej tha Imeraj tha se edhe p\u00ebr disa koleg\u00eb t\u00eb tjera ka pasur proces t\u00eb padrejt\u00eb duke p\u00ebrmendur disa emra q\u00eb sipas saj kan\u00eb qen\u00eb t\u00eb vler\u00ebsuar.<\/span><\/p>\n<p style=\"text-align: justify;\"><span style=\"color: #000000;\">\u201c<em>Jemi ndjer\u00eb t\u00eb padakord\u00ebsuar p\u00ebr shkarkimet t\u00eb koleg\u00ebve tan\u00eb. Ka disa. Ju p\u00ebrmend shkarkimin e koleges Sevdari. Magjistrates Danjela Sula. Mund t\u00eb p\u00ebrmend emra me radh\u00eb ku brenda komunitetit ku punojn\u00eb ka emra q\u00eb vler\u00ebsohen.\u201d<\/em>&#8211; deklaroi ish-prokurorja.<\/span><\/p>\n<p><span style=\"color: #000000;\">M\u00eb 27 Prill, Elisabeta Imeraj u shkarkua nga detyra si drejtuese e prokuroris\u00eb s\u00eb Tiran\u00ebs, pas vendimit t\u00eb dh\u00ebn\u00eb nga Kolegji i Posa\u00e7\u00ebm i Apelimit.<\/span><\/p>\n","protected":false,"gt_translate_keys":[{"key":"rendered","format":"html"}]},"excerpt":{"rendered":"<p>Ish-prokurorja Elisabeta Imeraj deklaroi n\u00eb emisionin \u201cT\u00eb Paekspozuarit\u201d se shkarkimi i saj erdhi pas p\u00ebrpasjes s\u00eb zhurmshme dhe paragjykimeve t\u00eb analist\u00ebve.\u00a0 Ajo tha se pa patur dijeni se \u00e7far\u00eb p\u00ebrmbajn\u00eb dosjen analist\u00ebt kan\u00eb dal\u00eb n\u00eb p\u00ebrfundime dhe e kan\u00eb paragjykuar at\u00eb. \u201cNga 2017 dhe deri m\u00eb sot kan\u00eb kaluar 5 vjet, jemi n\u00eb 2022 dhe [&hellip;]<\/p>\n","protected":false,"gt_translate_keys":[{"key":"rendered","format":"html"}]},"author":32,"featured_media":522869,"comment_status":"closed","ping_status":"closed","sticky":false,"template":"","format":"standard","meta":{"footnotes":""},"categories":[65,13],"tags":[],"class_list":["post-522826","post","type-post","status-publish","format-standard","has-post-thumbnail","hentry","category-lajme","category-te-fundit"],"gt_translate_keys":[{"key":"link","format":"url"}],"_links":{"self":[{"href":"https:\/\/www.hashtag.al\/index.php\/wp-json\/wp\/v2\/posts\/522826","targetHints":{"allow":["GET"]}}],"collection":[{"href":"https:\/\/www.hashtag.al\/index.php\/wp-json\/wp\/v2\/posts"}],"about":[{"href":"https:\/\/www.hashtag.al\/index.php\/wp-json\/wp\/v2\/types\/post"}],"author":[{"embeddable":true,"href":"https:\/\/www.hashtag.al\/index.php\/wp-json\/wp\/v2\/users\/32"}],"replies":[{"embeddable":true,"href":"https:\/\/www.hashtag.al\/index.php\/wp-json\/wp\/v2\/comments?post=522826"}],"version-history":[{"count":0,"href":"https:\/\/www.hashtag.al\/index.php\/wp-json\/wp\/v2\/posts\/522826\/revisions"}],"wp:featuredmedia":[{"embeddable":true,"href":"https:\/\/www.hashtag.al\/index.php\/wp-json\/wp\/v2\/media\/522869"}],"wp:attachment":[{"href":"https:\/\/www.hashtag.al\/index.php\/wp-json\/wp\/v2\/media?parent=522826"}],"wp:term":[{"taxonomy":"category","embeddable":true,"href":"https:\/\/www.hashtag.al\/index.php\/wp-json\/wp\/v2\/categories?post=522826"},{"taxonomy":"post_tag","embeddable":true,"href":"https:\/\/www.hashtag.al\/index.php\/wp-json\/wp\/v2\/tags?post=522826"}],"curies":[{"name":"wp","href":"https:\/\/api.w.org\/{rel}","templated":true}]}}