{"id":522496,"date":"2022-05-07T21:30:18","date_gmt":"2022-05-07T19:30:18","guid":{"rendered":"https:\/\/www.hashtag.al\/?p=522496"},"modified":"2022-05-07T21:30:18","modified_gmt":"2022-05-07T19:30:18","slug":"berisha-do-kete-protesta-te-tjera-do-dalim-kunder-vjedhjes-se-prones","status":"publish","type":"post","link":"https:\/\/www.hashtag.al\/index.php\/2022\/05\/07\/berisha-do-kete-protesta-te-tjera-do-dalim-kunder-vjedhjes-se-prones\/","title":{"rendered":"Berisha: Do ket\u00eb protesta t\u00eb tjera, do dalim kund\u00ebr vjedhjes s\u00eb pron\u00ebs","gt_translate_keys":[{"key":"rendered","format":"text"}]},"content":{"rendered":"<p style=\"text-align: justify;\"><span style=\"color: #000000;\"><img loading=\"lazy\" decoding=\"async\" class=\"aligncenter size-full wp-image-522497\" src=\"https:\/\/www.hashtag.al\/wp-content\/uploads\/2022\/05\/berisha-protesta.png\" alt=\"\" width=\"893\" height=\"495\" srcset=\"https:\/\/www.hashtag.al\/wp-content\/uploads\/2022\/05\/berisha-protesta.png 893w, https:\/\/www.hashtag.al\/wp-content\/uploads\/2022\/05\/berisha-protesta-300x166.png 300w, https:\/\/www.hashtag.al\/wp-content\/uploads\/2022\/05\/berisha-protesta-768x426.png 768w, https:\/\/www.hashtag.al\/wp-content\/uploads\/2022\/05\/berisha-protesta-750x415.png 750w\" sizes=\"auto, (max-width: 893px) 100vw, 893px\" \/><\/span><\/p>\n<p style=\"text-align: justify;\"><span style=\"color: #000000;\">Ish-kryeministri Sali Berisha i ndodhur n\u00eb protest\u00ebn e heshtur pas vdekjes misterioze t\u00eb t\u00eb riut Ilvi Meta paralajm\u00ebroi p\u00ebr t\u00eb tjera protesta.<\/span><\/p>\n<p style=\"text-align: justify;\"><span style=\"color: #000000;\">N\u00eb nj\u00eb komunikim me gazetar\u00ebt, ai u shpreh se shum\u00eb shpejt do t\u00eb dalin n\u00eb protest\u00eb kund\u00ebr vjedhjes s\u00eb pron\u00ebs.<\/span><\/p>\n<p style=\"text-align: justify;\"><span style=\"color: #000000;\">Kjo \u00ebsht\u00eb protest\u00eb sensibilizuese p\u00ebr t\u00eb treguar se ne nuk do tolerojm\u00eb asnj\u00eb dhunim t\u00eb t\u00eb drejtave t\u00eb shqiptar\u00ebve.<\/span><\/p>\n<p style=\"text-align: justify;\"><span style=\"color: #000000;\">\u201c<em>Shum\u00eb shpejt do t\u00eb filloj\u00eb protesta kund\u00ebr vjedhjeve t\u00eb pronave publike dhe ju do ta shihni. Kund\u00ebr vjedhjeve t\u00eb pronave publike, sepse kemi t\u00eb b\u00ebjm\u00eb me nj\u00eb organizat\u00eb kriminale. Ju e mor\u00ebt vesh q\u00eb bashk\u00ebshorti i zonj\u00ebs Xha\u00e7ka shpallet subjekt i r\u00ebnd\u00ebsis\u00eb strategjike. Protestat do t\u00eb fillojn\u00eb. Nuk ka diskutim. Ne do t\u00eb q\u00ebndrojm\u00eb n\u00eb mbroje t\u00eb t\u00eb drejtave t\u00eb shqiptar\u00ebve n\u00eb parlament dhe n\u00eb rrug\u00eb<\/em>\u201d, tha Berisha.<\/span><\/p>\n<p style=\"text-align: justify;\">\n","protected":false,"gt_translate_keys":[{"key":"rendered","format":"html"}]},"excerpt":{"rendered":"<p>Ish-kryeministri Sali Berisha i ndodhur n\u00eb protest\u00ebn e heshtur pas vdekjes misterioze t\u00eb t\u00eb riut Ilvi Meta paralajm\u00ebroi p\u00ebr t\u00eb tjera protesta. N\u00eb nj\u00eb komunikim me gazetar\u00ebt, ai u shpreh se shum\u00eb shpejt do t\u00eb dalin n\u00eb protest\u00eb kund\u00ebr vjedhjes s\u00eb pron\u00ebs. Kjo \u00ebsht\u00eb protest\u00eb sensibilizuese p\u00ebr t\u00eb treguar se ne nuk do tolerojm\u00eb asnj\u00eb [&hellip;]<\/p>\n","protected":false,"gt_translate_keys":[{"key":"rendered","format":"html"}]},"author":32,"featured_media":522497,"comment_status":"closed","ping_status":"closed","sticky":false,"template":"","format":"standard","meta":{"footnotes":""},"categories":[65,13],"tags":[],"class_list":["post-522496","post","type-post","status-publish","format-standard","has-post-thumbnail","hentry","category-lajme","category-te-fundit"],"gt_translate_keys":[{"key":"link","format":"url"}],"_links":{"self":[{"href":"https:\/\/www.hashtag.al\/index.php\/wp-json\/wp\/v2\/posts\/522496","targetHints":{"allow":["GET"]}}],"collection":[{"href":"https:\/\/www.hashtag.al\/index.php\/wp-json\/wp\/v2\/posts"}],"about":[{"href":"https:\/\/www.hashtag.al\/index.php\/wp-json\/wp\/v2\/types\/post"}],"author":[{"embeddable":true,"href":"https:\/\/www.hashtag.al\/index.php\/wp-json\/wp\/v2\/users\/32"}],"replies":[{"embeddable":true,"href":"https:\/\/www.hashtag.al\/index.php\/wp-json\/wp\/v2\/comments?post=522496"}],"version-history":[{"count":0,"href":"https:\/\/www.hashtag.al\/index.php\/wp-json\/wp\/v2\/posts\/522496\/revisions"}],"wp:featuredmedia":[{"embeddable":true,"href":"https:\/\/www.hashtag.al\/index.php\/wp-json\/wp\/v2\/media\/522497"}],"wp:attachment":[{"href":"https:\/\/www.hashtag.al\/index.php\/wp-json\/wp\/v2\/media?parent=522496"}],"wp:term":[{"taxonomy":"category","embeddable":true,"href":"https:\/\/www.hashtag.al\/index.php\/wp-json\/wp\/v2\/categories?post=522496"},{"taxonomy":"post_tag","embeddable":true,"href":"https:\/\/www.hashtag.al\/index.php\/wp-json\/wp\/v2\/tags?post=522496"}],"curies":[{"name":"wp","href":"https:\/\/api.w.org\/{rel}","templated":true}]}}