{"id":522463,"date":"2022-05-07T16:49:39","date_gmt":"2022-05-07T14:49:39","guid":{"rendered":"https:\/\/www.hashtag.al\/?p=522463"},"modified":"2022-05-07T16:49:39","modified_gmt":"2022-05-07T14:49:39","slug":"presioni-i-rames-ndaj-spak-ut-tabaku-peshkaqeni-i-inceneratoreve-jep-leksione-per-drejtesine-e-munguar","status":"publish","type":"post","link":"https:\/\/www.hashtag.al\/index.php\/2022\/05\/07\/presioni-i-rames-ndaj-spak-ut-tabaku-peshkaqeni-i-inceneratoreve-jep-leksione-per-drejtesine-e-munguar\/","title":{"rendered":"Presioni i Ram\u00ebs ndaj SPAK-ut, Tabaku: Peshkaqeni i incenerator\u00ebve jep leksione p\u00ebr drejt\u00ebsin\u00eb e munguar","gt_translate_keys":[{"key":"rendered","format":"text"}]},"content":{"rendered":"<p style=\"text-align: justify;\"><span style=\"color: #000000;\"><img loading=\"lazy\" decoding=\"async\" class=\"aligncenter size-full wp-image-506733\" src=\"https:\/\/www.hashtag.al\/wp-content\/uploads\/2022\/02\/Tabaku-Rama-1.jpg\" alt=\"\" width=\"2000\" height=\"1000\" srcset=\"https:\/\/www.hashtag.al\/wp-content\/uploads\/2022\/02\/Tabaku-Rama-1.jpg 2000w, https:\/\/www.hashtag.al\/wp-content\/uploads\/2022\/02\/Tabaku-Rama-1-300x150.jpg 300w, https:\/\/www.hashtag.al\/wp-content\/uploads\/2022\/02\/Tabaku-Rama-1-1024x512.jpg 1024w, https:\/\/www.hashtag.al\/wp-content\/uploads\/2022\/02\/Tabaku-Rama-1-768x384.jpg 768w, https:\/\/www.hashtag.al\/wp-content\/uploads\/2022\/02\/Tabaku-Rama-1-1536x768.jpg 1536w\" sizes=\"auto, (max-width: 2000px) 100vw, 2000px\" \/><\/span><\/p>\n<p style=\"text-align: justify;\"><span style=\"color: #000000;\">Deputetja e Partis\u00eb Demokratike, Jorida Tabaku ka reaguar pas presionit q\u00eb Kryeministri Edi Rama nga selia e Partis\u00eb Socialiste i b\u00ebri SPAK-ut p\u00ebr t\u00eb hetuar Sali Berish\u00ebn.<\/span><\/p>\n<p style=\"text-align: justify;\"><span style=\"color: #000000;\">Tabaku e quan Ram\u00ebn \u201cpeshkaqen t\u00eb incenerator\u00ebve\u201d i cili sipas saj sot po jepte leksione p\u00ebr drejt\u00ebsin\u00eb e munguar.<\/span><\/p>\n<p style=\"text-align: justify;\"><span style=\"color: #000000;\">Sipas deputetes s\u00eb PD-s\u00eb do ishte e udh\u00ebs q\u00eb Rama t\u00eb inkurajonte SPAK-un p\u00ebr t\u00eb vazhduar hetimet p\u00ebr incenerator\u00ebt.<\/span><\/p>\n<p style=\"text-align: justify;\"><span style=\"color: #000000;\">\u201c<em>Peshkaqeni kryesor i incenerator\u00ebve po jepte sot leksione p\u00ebr drejt\u00ebsin\u00eb e munguar. Ironia \u00ebsht\u00eb q\u00eb p\u00ebr afer\u00ebn e incenerator\u00ebve n\u00eb burg jan\u00eb ve\u00e7 2 nga grupi strukturuar kriminal, pra cironkat si Bllako dhe Koka!<\/em><\/span><\/p>\n<p style=\"text-align: justify;\"><span style=\"color: #000000;\"><em>E udh\u00ebs do qe q\u00eb t\u00eb inkurajonte SPAK p\u00ebr t\u00eb vazhduar k\u00ebto hetime q\u00eb kan\u00eb zbuluar pas k\u00ebmb\u00ebnguljes s\u00eb PD nj\u00eb afer\u00eb 430 mln euro. Nuk e b\u00ebn k\u00ebt\u00eb por mbrohet duke u ankuar se po goditen t\u00eb tijt\u00eb. E trisht\u00eb! Kemi votuar SPAK jo p\u00ebr tu ankuar pse heton. 2\/3<\/em><\/span><\/p>\n<p style=\"text-align: justify;\"><span style=\"color: #000000;\"><em>Inkurajoj SPAK t\u00eb d\u00ebrgoj\u00eb p\u00ebrpara afer\u00ebn e incenerator\u00ebve. T\u00eb \u00e7oj\u00eb p\u00ebrpara gjykat\u00ebs GSK p\u00ebr 3 incenenerstor\u00ebt q\u00eb jan\u00eb 1 \u00e7\u00ebshtje.<\/em><\/span><\/p>\n<p style=\"text-align: justify;\"><span style=\"color: #000000;\"><em>Ndaj SPAK nuk duhet t\u00eb stepet nga k\u00ebrc\u00ebnimet e Ram\u00ebs. Shqiptar\u00ebt po presin t\u00eb kuptojn\u00eb kush jan\u00eb peshkaqen\u00ebt e v\u00ebrtet\u00eb pas incenerator\u00ebve<\/em>\u201d-shkruan Tabaku.<\/span><\/p>\n<p style=\"text-align: justify;\">\n","protected":false,"gt_translate_keys":[{"key":"rendered","format":"html"}]},"excerpt":{"rendered":"<p>Deputetja e Partis\u00eb Demokratike, Jorida Tabaku ka reaguar pas presionit q\u00eb Kryeministri Edi Rama nga selia e Partis\u00eb Socialiste i b\u00ebri SPAK-ut p\u00ebr t\u00eb hetuar Sali Berish\u00ebn. Tabaku e quan Ram\u00ebn \u201cpeshkaqen t\u00eb incenerator\u00ebve\u201d i cili sipas saj sot po jepte leksione p\u00ebr drejt\u00ebsin\u00eb e munguar. Sipas deputetes s\u00eb PD-s\u00eb do ishte e udh\u00ebs q\u00eb [&hellip;]<\/p>\n","protected":false,"gt_translate_keys":[{"key":"rendered","format":"html"}]},"author":32,"featured_media":506733,"comment_status":"closed","ping_status":"closed","sticky":false,"template":"","format":"standard","meta":{"footnotes":""},"categories":[65,13],"tags":[],"class_list":["post-522463","post","type-post","status-publish","format-standard","has-post-thumbnail","hentry","category-lajme","category-te-fundit"],"gt_translate_keys":[{"key":"link","format":"url"}],"_links":{"self":[{"href":"https:\/\/www.hashtag.al\/index.php\/wp-json\/wp\/v2\/posts\/522463","targetHints":{"allow":["GET"]}}],"collection":[{"href":"https:\/\/www.hashtag.al\/index.php\/wp-json\/wp\/v2\/posts"}],"about":[{"href":"https:\/\/www.hashtag.al\/index.php\/wp-json\/wp\/v2\/types\/post"}],"author":[{"embeddable":true,"href":"https:\/\/www.hashtag.al\/index.php\/wp-json\/wp\/v2\/users\/32"}],"replies":[{"embeddable":true,"href":"https:\/\/www.hashtag.al\/index.php\/wp-json\/wp\/v2\/comments?post=522463"}],"version-history":[{"count":0,"href":"https:\/\/www.hashtag.al\/index.php\/wp-json\/wp\/v2\/posts\/522463\/revisions"}],"wp:featuredmedia":[{"embeddable":true,"href":"https:\/\/www.hashtag.al\/index.php\/wp-json\/wp\/v2\/media\/506733"}],"wp:attachment":[{"href":"https:\/\/www.hashtag.al\/index.php\/wp-json\/wp\/v2\/media?parent=522463"}],"wp:term":[{"taxonomy":"category","embeddable":true,"href":"https:\/\/www.hashtag.al\/index.php\/wp-json\/wp\/v2\/categories?post=522463"},{"taxonomy":"post_tag","embeddable":true,"href":"https:\/\/www.hashtag.al\/index.php\/wp-json\/wp\/v2\/tags?post=522463"}],"curies":[{"name":"wp","href":"https:\/\/api.w.org\/{rel}","templated":true}]}}